{"id":1013,"date":"2020-02-04T07:54:05","date_gmt":"2020-02-04T07:54:05","guid":{"rendered":"https:\/\/www.avenue-literie.com\/blog\/?p=1013"},"modified":"2022-04-04T14:34:40","modified_gmt":"2022-04-04T14:34:40","slug":"les-offres-en-literie-explosives-dhiver-ca-continue","status":"publish","type":"post","link":"https:\/\/www.avenue-literie.com\/blog\/2020\/02\/04\/les-offres-en-literie-explosives-dhiver-ca-continue\/","title":{"rendered":"Les offres en literie explosives d\u2019hiver \u00e7a continue !"},"content":{"rendered":"<p>Et si cet hiver, un peu doux en m\u00e9t\u00e9o, vous d\u00e9cidiez de vous laisser tenter par les offres explosives en literie \u00e7a continue\u00a0!<\/p>\n<p><img decoding=\"async\" class=\"aligncenter size-full wp-image-1020\" src=\"https:\/\/www.avenue-literie.com\/blog\/wp-content\/uploads\/2020\/02\/lesoffresexplosivesenliterie2020.jpg\" alt=\"\" width=\"810\" height=\"275\" srcset=\"https:\/\/www.avenue-literie.com\/blog\/wp-content\/uploads\/2020\/02\/lesoffresexplosivesenliterie2020.jpg 810w, https:\/\/www.avenue-literie.com\/blog\/wp-content\/uploads\/2020\/02\/lesoffresexplosivesenliterie2020-300x102.jpg 300w, https:\/\/www.avenue-literie.com\/blog\/wp-content\/uploads\/2020\/02\/lesoffresexplosivesenliterie2020-768x261.jpg 768w\" sizes=\"(max-width: 767px) 89vw, (max-width: 1000px) 54vw, (max-width: 1071px) 543px, 580px\" \/><\/p>\n<h2>Retrouvez nos offres en literie pour cet hiver 2020.<\/h2>\n<p>Comme le pack literie M\u00e9rinos F Cross matelas ressorts en sachets 5 zones de conforts au prix de\u00a0: 599 \u20ac<\/p>\n<p><img decoding=\"async\" class=\"size-full wp-image-1011\" src=\"https:\/\/www.avenue-literie.com\/blog\/wp-content\/uploads\/2020\/02\/logo_merinos2019._200.jpg\" alt=\"\" width=\"200\" height=\"200\" srcset=\"https:\/\/www.avenue-literie.com\/blog\/wp-content\/uploads\/2020\/02\/logo_merinos2019._200.jpg 200w, https:\/\/www.avenue-literie.com\/blog\/wp-content\/uploads\/2020\/02\/logo_merinos2019._200-150x150.jpg 150w, https:\/\/www.avenue-literie.com\/blog\/wp-content\/uploads\/2020\/02\/logo_merinos2019._200-100x100.jpg 100w\" sizes=\"(max-width: 200px) 100vw, 200px\" \/><\/p>\n<p><a href=\"https:\/\/www.avenue-literie.com\/ensemble-literie-fcross-merinos-140x190.html\"><img decoding=\"async\" class=\"aligncenter size-full wp-image-1009\" src=\"https:\/\/www.avenue-literie.com\/blog\/wp-content\/uploads\/2020\/02\/literie-F-cross-140x190-Merinos_400.jpg\" alt=\"\" width=\"400\" height=\"400\" srcset=\"https:\/\/www.avenue-literie.com\/blog\/wp-content\/uploads\/2020\/02\/literie-F-cross-140x190-Merinos_400.jpg 400w, https:\/\/www.avenue-literie.com\/blog\/wp-content\/uploads\/2020\/02\/literie-F-cross-140x190-Merinos_400-150x150.jpg 150w, https:\/\/www.avenue-literie.com\/blog\/wp-content\/uploads\/2020\/02\/literie-F-cross-140x190-Merinos_400-300x300.jpg 300w, https:\/\/www.avenue-literie.com\/blog\/wp-content\/uploads\/2020\/02\/literie-F-cross-140x190-Merinos_400-100x100.jpg 100w\" sizes=\"(max-width: 400px) 100vw, 400px\" \/><\/a><\/p>\n<p>L\u2019ensemble literie haut de gamme de Epeda A\u00e9rolite D\u00e9dicace en 160&#215;200\u00a0 d\u2019un confort d\u2019exception, confort literie de prestige avec sommier d\u00e9co cuvette et t\u00eate de lit 180 coloris velours bleue au prix de\u00a0: 4270 \u20ac<\/p>\n<figure id=\"attachment_1007\" aria-describedby=\"caption-attachment-1007\" style=\"width: 500px\" class=\"wp-caption aligncenter\"><a href=\"https:\/\/www.avenue-literie.com\/ensemble-literie-dedicace-aerolithe-epeda.html\"><img decoding=\"async\" class=\"size-full wp-image-1007\" src=\"https:\/\/www.avenue-literie.com\/blog\/wp-content\/uploads\/2020\/02\/epeda-dedicace-matelas-aerolithe-assorti-ambiance.2020.jpg\" alt=\"\" width=\"500\" height=\"344\" srcset=\"https:\/\/www.avenue-literie.com\/blog\/wp-content\/uploads\/2020\/02\/epeda-dedicace-matelas-aerolithe-assorti-ambiance.2020.jpg 500w, https:\/\/www.avenue-literie.com\/blog\/wp-content\/uploads\/2020\/02\/epeda-dedicace-matelas-aerolithe-assorti-ambiance.2020-300x206.jpg 300w\" sizes=\"(max-width: 500px) 100vw, 500px\" \/><\/a><figcaption id=\"caption-attachment-1007\" class=\"wp-caption-text\">Literie D\u00e9dicace Epeda A\u00e9rolite\u00a0 160&#215;200 matelas + sommiers 2x80x200 + tete de lits 180 cm + 8 Pieds<\/figcaption><\/figure>\n<p>Un pack literie matelas et sommier en 90&#215;200\u00a0: pour 1 personne grande, adultes\u00a0 de Epeda\u00a0: au prix de 446 \u20ac<\/p>\n<p><img decoding=\"async\" class=\" wp-image-1010\" src=\"https:\/\/www.avenue-literie.com\/blog\/wp-content\/uploads\/2020\/02\/LOGO-EPEDA-300dpi.jpg\" alt=\"\" width=\"119\" height=\"119\" srcset=\"https:\/\/www.avenue-literie.com\/blog\/wp-content\/uploads\/2020\/02\/LOGO-EPEDA-300dpi.jpg 1181w, https:\/\/www.avenue-literie.com\/blog\/wp-content\/uploads\/2020\/02\/LOGO-EPEDA-300dpi-150x150.jpg 150w, https:\/\/www.avenue-literie.com\/blog\/wp-content\/uploads\/2020\/02\/LOGO-EPEDA-300dpi-300x300.jpg 300w, https:\/\/www.avenue-literie.com\/blog\/wp-content\/uploads\/2020\/02\/LOGO-EPEDA-300dpi-768x768.jpg 768w, https:\/\/www.avenue-literie.com\/blog\/wp-content\/uploads\/2020\/02\/LOGO-EPEDA-300dpi-1024x1024.jpg 1024w, https:\/\/www.avenue-literie.com\/blog\/wp-content\/uploads\/2020\/02\/LOGO-EPEDA-300dpi-100x100.jpg 100w\" sizes=\"(max-width: 119px) 100vw, 119px\" \/><\/p>\n<p><a href=\"https:\/\/www.avenue-literie.com\/ensemble-literie-audace-90x200-epeda.html\"><img decoding=\"async\" class=\"aligncenter size-full wp-image-1008\" src=\"https:\/\/www.avenue-literie.com\/blog\/wp-content\/uploads\/2020\/02\/literie-90x200-epeda-audace_400.jpg\" alt=\"\" width=\"400\" height=\"400\" srcset=\"https:\/\/www.avenue-literie.com\/blog\/wp-content\/uploads\/2020\/02\/literie-90x200-epeda-audace_400.jpg 400w, https:\/\/www.avenue-literie.com\/blog\/wp-content\/uploads\/2020\/02\/literie-90x200-epeda-audace_400-150x150.jpg 150w, https:\/\/www.avenue-literie.com\/blog\/wp-content\/uploads\/2020\/02\/literie-90x200-epeda-audace_400-300x300.jpg 300w, https:\/\/www.avenue-literie.com\/blog\/wp-content\/uploads\/2020\/02\/literie-90x200-epeda-audace_400-100x100.jpg 100w\" sizes=\"(max-width: 400px) 100vw, 400px\" \/><\/a><\/p>\n<p style=\"text-align: center;\">Literie en 90&#215;200 de Epeda matelas + sommier + 4 pieds<\/p>\n<p>Et matelas 140&#215;190 cm de M\u00e9rinos\u00a0 Gaston French touch, Made in France ressorts ensaches.<\/p>\n<p><img decoding=\"async\" class=\"size-full wp-image-1011\" src=\"https:\/\/www.avenue-literie.com\/blog\/wp-content\/uploads\/2020\/02\/logo_merinos2019._200.jpg\" alt=\"\" width=\"200\" height=\"200\" srcset=\"https:\/\/www.avenue-literie.com\/blog\/wp-content\/uploads\/2020\/02\/logo_merinos2019._200.jpg 200w, https:\/\/www.avenue-literie.com\/blog\/wp-content\/uploads\/2020\/02\/logo_merinos2019._200-150x150.jpg 150w, https:\/\/www.avenue-literie.com\/blog\/wp-content\/uploads\/2020\/02\/logo_merinos2019._200-100x100.jpg 100w\" sizes=\"(max-width: 200px) 100vw, 200px\" \/><\/p>\n<figure id=\"attachment_1012\" aria-describedby=\"caption-attachment-1012\" style=\"width: 400px\" class=\"wp-caption aligncenter\"><a href=\"https:\/\/www.avenue-literie.com\/matelas-gaston-merinos-140x190.html\"><img decoding=\"async\" class=\"size-full wp-image-1012\" src=\"https:\/\/www.avenue-literie.com\/blog\/wp-content\/uploads\/2020\/02\/matelas-merinos-gaston2019_400.jpg\" alt=\"\" width=\"400\" height=\"400\" srcset=\"https:\/\/www.avenue-literie.com\/blog\/wp-content\/uploads\/2020\/02\/matelas-merinos-gaston2019_400.jpg 400w, https:\/\/www.avenue-literie.com\/blog\/wp-content\/uploads\/2020\/02\/matelas-merinos-gaston2019_400-150x150.jpg 150w, https:\/\/www.avenue-literie.com\/blog\/wp-content\/uploads\/2020\/02\/matelas-merinos-gaston2019_400-300x300.jpg 300w, https:\/\/www.avenue-literie.com\/blog\/wp-content\/uploads\/2020\/02\/matelas-merinos-gaston2019_400-100x100.jpg 100w\" sizes=\"(max-width: 400px) 100vw, 400px\" \/><\/a><figcaption id=\"caption-attachment-1012\" class=\"wp-caption-text\">Matelas Gaston ressorts ensach\u00e9s Merinos<\/figcaption><\/figure>\n<p>Nous continuions\u00a0 \u00e0 vous offrir ses offres d\u2019exception \u00e0 prix pas cher en literie en ce mois de f\u00e9vrier 2020.<\/p>\n<p>Livraison gratuite, rapide et s\u00e9rieuse, sur rdv, et le paiement en 3 ou 4 fois sans frais<\/p>\n<p>Et si vous commenciez cette ann\u00e9e 2020, en dormant bien,\u00a0 en changeant surement votre literie qui a plus de 10 ans. B\u00e9n\u00e9ficiez des conseils sur notre Tchat en ligne\u00a0!\u00a0 Des vrais conseillers en literie en ligne \u00e0 votre \u00e9coute.<\/p>\n<p><a href=\"https:\/\/www.avenue-literie.com\/contacts\">Contactez-nous<\/a><\/p>\n","protected":false},"excerpt":{"rendered":"<p>Et si cet hiver, un peu doux en m\u00e9t\u00e9o, vous d\u00e9cidiez de vous laisser tenter par les offres explosives en literie \u00e7a continue\u00a0! Retrouvez nos offres en literie pour cet hiver 2020. Comme le pack literie M\u00e9rinos F Cross matelas ressorts en sachets 5 zones de conforts au prix de\u00a0: 599 \u20ac L\u2019ensemble literie haut &hellip; <\/p>\n<p class=\"link-more\"><a href=\"https:\/\/www.avenue-literie.com\/blog\/2020\/02\/04\/les-offres-en-literie-explosives-dhiver-ca-continue\/\" class=\"more-link\">Continuer la lecture<span class=\"screen-reader-text\"> de &laquo;&nbsp;Les offres en literie explosives d\u2019hiver \u00e7a continue !&nbsp;&raquo;<\/span><\/a><\/p>\n","protected":false},"author":2,"featured_media":1716,"comment_status":"closed","ping_status":"closed","sticky":false,"template":"","format":"standard","meta":{"footnotes":""},"categories":[1],"tags":[],"class_list":["post-1013","post","type-post","status-publish","format-standard","has-post-thumbnail","hentry","category-actualites-literie"],"yoast_head":"<!-- This site is optimized with the Yoast SEO plugin v27.4 - https:\/\/yoast.com\/product\/yoast-seo-wordpress\/ -->\n<title>Les offres en literie explosives d\u2019hiver \u00e7a continue ! - Le Blog Avenue Literie<\/title>\n<meta name=\"robots\" content=\"index, follow, max-snippet:-1, max-image-preview:large, max-video-preview:-1\" \/>\n<link rel=\"canonical\" href=\"https:\/\/www.avenue-literie.com\/blog\/2020\/02\/04\/les-offres-en-literie-explosives-dhiver-ca-continue\/\" \/>\n<meta property=\"og:locale\" content=\"fr_FR\" \/>\n<meta property=\"og:type\" content=\"article\" \/>\n<meta property=\"og:title\" content=\"Les offres en literie explosives d\u2019hiver \u00e7a continue ! - Le Blog Avenue Literie\" \/>\n<meta property=\"og:description\" content=\"Et si cet hiver, un peu doux en m\u00e9t\u00e9o, vous d\u00e9cidiez de vous laisser tenter par les offres explosives en literie \u00e7a continue\u00a0! Retrouvez nos offres en literie pour cet hiver 2020. Comme le pack literie M\u00e9rinos F Cross matelas ressorts en sachets 5 zones de conforts au prix de\u00a0: 599 \u20ac L\u2019ensemble literie haut &hellip; Continuer la lecture de &laquo;&nbsp;Les offres en literie explosives d\u2019hiver \u00e7a continue !&nbsp;&raquo;\" \/>\n<meta property=\"og:url\" content=\"https:\/\/www.avenue-literie.com\/blog\/2020\/02\/04\/les-offres-en-literie-explosives-dhiver-ca-continue\/\" \/>\n<meta property=\"og:site_name\" content=\"Le Blog Avenue Literie\" \/>\n<meta property=\"article:publisher\" content=\"https:\/\/www.facebook.com\/AvenueLiterieTroyes\/\" \/>\n<meta property=\"article:published_time\" content=\"2020-02-04T07:54:05+00:00\" \/>\n<meta property=\"article:modified_time\" content=\"2022-04-04T14:34:40+00:00\" \/>\n<meta property=\"og:image\" content=\"https:\/\/www.avenue-literie.com\/blog\/wp-content\/uploads\/2020\/02\/lesoffresexplosivesenliterie2020-1.jpg\" \/>\n\t<meta property=\"og:image:width\" content=\"810\" \/>\n\t<meta property=\"og:image:height\" content=\"275\" \/>\n\t<meta property=\"og:image:type\" content=\"image\/jpeg\" \/>\n<meta name=\"author\" content=\"J\u00e9r\u00f4me\" \/>\n<meta name=\"twitter:card\" content=\"summary_large_image\" \/>\n<meta name=\"twitter:creator\" content=\"@avenue_literie\" \/>\n<meta name=\"twitter:site\" content=\"@avenue_literie\" \/>\n<meta name=\"twitter:label1\" content=\"\u00c9crit par\" \/>\n\t<meta name=\"twitter:data1\" content=\"J\u00e9r\u00f4me\" \/>\n\t<meta name=\"twitter:label2\" content=\"Dur\u00e9e de lecture estim\u00e9e\" \/>\n\t<meta name=\"twitter:data2\" content=\"3 minutes\" \/>\n<script type=\"application\/ld+json\" class=\"yoast-schema-graph\">{\"@context\":\"https:\\\/\\\/schema.org\",\"@graph\":[{\"@type\":\"Article\",\"@id\":\"https:\\\/\\\/www.avenue-literie.com\\\/blog\\\/2020\\\/02\\\/04\\\/les-offres-en-literie-explosives-dhiver-ca-continue\\\/#article\",\"isPartOf\":{\"@id\":\"https:\\\/\\\/www.avenue-literie.com\\\/blog\\\/2020\\\/02\\\/04\\\/les-offres-en-literie-explosives-dhiver-ca-continue\\\/\"},\"author\":{\"name\":\"J\u00e9r\u00f4me\",\"@id\":\"https:\\\/\\\/www.avenue-literie.com\\\/blog\\\/#\\\/schema\\\/person\\\/add6301bb28276c53d992ec5ef2f17ae\"},\"headline\":\"Les offres en literie explosives d\u2019hiver \u00e7a continue !\",\"datePublished\":\"2020-02-04T07:54:05+00:00\",\"dateModified\":\"2022-04-04T14:34:40+00:00\",\"mainEntityOfPage\":{\"@id\":\"https:\\\/\\\/www.avenue-literie.com\\\/blog\\\/2020\\\/02\\\/04\\\/les-offres-en-literie-explosives-dhiver-ca-continue\\\/\"},\"wordCount\":251,\"publisher\":{\"@id\":\"https:\\\/\\\/www.avenue-literie.com\\\/blog\\\/#organization\"},\"image\":{\"@id\":\"https:\\\/\\\/www.avenue-literie.com\\\/blog\\\/2020\\\/02\\\/04\\\/les-offres-en-literie-explosives-dhiver-ca-continue\\\/#primaryimage\"},\"thumbnailUrl\":\"https:\\\/\\\/www.avenue-literie.com\\\/blog\\\/wp-content\\\/uploads\\\/2020\\\/02\\\/lesoffresexplosivesenliterie2020-1.jpg\",\"articleSection\":[\"Actualit\u00e9s\"],\"inLanguage\":\"fr-FR\"},{\"@type\":\"WebPage\",\"@id\":\"https:\\\/\\\/www.avenue-literie.com\\\/blog\\\/2020\\\/02\\\/04\\\/les-offres-en-literie-explosives-dhiver-ca-continue\\\/\",\"url\":\"https:\\\/\\\/www.avenue-literie.com\\\/blog\\\/2020\\\/02\\\/04\\\/les-offres-en-literie-explosives-dhiver-ca-continue\\\/\",\"name\":\"Les offres en literie explosives d\u2019hiver \u00e7a continue ! - Le Blog Avenue Literie\",\"isPartOf\":{\"@id\":\"https:\\\/\\\/www.avenue-literie.com\\\/blog\\\/#website\"},\"primaryImageOfPage\":{\"@id\":\"https:\\\/\\\/www.avenue-literie.com\\\/blog\\\/2020\\\/02\\\/04\\\/les-offres-en-literie-explosives-dhiver-ca-continue\\\/#primaryimage\"},\"image\":{\"@id\":\"https:\\\/\\\/www.avenue-literie.com\\\/blog\\\/2020\\\/02\\\/04\\\/les-offres-en-literie-explosives-dhiver-ca-continue\\\/#primaryimage\"},\"thumbnailUrl\":\"https:\\\/\\\/www.avenue-literie.com\\\/blog\\\/wp-content\\\/uploads\\\/2020\\\/02\\\/lesoffresexplosivesenliterie2020-1.jpg\",\"datePublished\":\"2020-02-04T07:54:05+00:00\",\"dateModified\":\"2022-04-04T14:34:40+00:00\",\"breadcrumb\":{\"@id\":\"https:\\\/\\\/www.avenue-literie.com\\\/blog\\\/2020\\\/02\\\/04\\\/les-offres-en-literie-explosives-dhiver-ca-continue\\\/#breadcrumb\"},\"inLanguage\":\"fr-FR\",\"potentialAction\":[{\"@type\":\"ReadAction\",\"target\":[\"https:\\\/\\\/www.avenue-literie.com\\\/blog\\\/2020\\\/02\\\/04\\\/les-offres-en-literie-explosives-dhiver-ca-continue\\\/\"]}]},{\"@type\":\"ImageObject\",\"inLanguage\":\"fr-FR\",\"@id\":\"https:\\\/\\\/www.avenue-literie.com\\\/blog\\\/2020\\\/02\\\/04\\\/les-offres-en-literie-explosives-dhiver-ca-continue\\\/#primaryimage\",\"url\":\"https:\\\/\\\/www.avenue-literie.com\\\/blog\\\/wp-content\\\/uploads\\\/2020\\\/02\\\/lesoffresexplosivesenliterie2020-1.jpg\",\"contentUrl\":\"https:\\\/\\\/www.avenue-literie.com\\\/blog\\\/wp-content\\\/uploads\\\/2020\\\/02\\\/lesoffresexplosivesenliterie2020-1.jpg\",\"width\":810,\"height\":275},{\"@type\":\"BreadcrumbList\",\"@id\":\"https:\\\/\\\/www.avenue-literie.com\\\/blog\\\/2020\\\/02\\\/04\\\/les-offres-en-literie-explosives-dhiver-ca-continue\\\/#breadcrumb\",\"itemListElement\":[{\"@type\":\"ListItem\",\"position\":1,\"name\":\"Home\",\"item\":\"https:\\\/\\\/www.avenue-literie.com\\\/blog\\\/\"},{\"@type\":\"ListItem\",\"position\":2,\"name\":\"Actualit\u00e9s\",\"item\":\"https:\\\/\\\/www.avenue-literie.com\\\/blog\\\/category\\\/actualites-literie\\\/\"},{\"@type\":\"ListItem\",\"position\":3,\"name\":\"Les offres en literie explosives d\u2019hiver \u00e7a continue !\"}]},{\"@type\":\"WebSite\",\"@id\":\"https:\\\/\\\/www.avenue-literie.com\\\/blog\\\/#website\",\"url\":\"https:\\\/\\\/www.avenue-literie.com\\\/blog\\\/\",\"name\":\"Le Blog Avenue Literie\",\"description\":\"Le blog du conseil en literie\",\"publisher\":{\"@id\":\"https:\\\/\\\/www.avenue-literie.com\\\/blog\\\/#organization\"},\"potentialAction\":[{\"@type\":\"SearchAction\",\"target\":{\"@type\":\"EntryPoint\",\"urlTemplate\":\"https:\\\/\\\/www.avenue-literie.com\\\/blog\\\/?s={search_term_string}\"},\"query-input\":{\"@type\":\"PropertyValueSpecification\",\"valueRequired\":true,\"valueName\":\"search_term_string\"}}],\"inLanguage\":\"fr-FR\"},{\"@type\":\"Organization\",\"@id\":\"https:\\\/\\\/www.avenue-literie.com\\\/blog\\\/#organization\",\"name\":\"Le blog Avenue Literie\",\"alternateName\":\"Le blog Avenue Literie\",\"url\":\"https:\\\/\\\/www.avenue-literie.com\\\/blog\\\/\",\"logo\":{\"@type\":\"ImageObject\",\"inLanguage\":\"fr-FR\",\"@id\":\"https:\\\/\\\/www.avenue-literie.com\\\/blog\\\/#\\\/schema\\\/logo\\\/image\\\/\",\"url\":\"https:\\\/\\\/www.avenue-literie.com\\\/blog\\\/wp-content\\\/uploads\\\/2022\\\/04\\\/cropped-Gros-logo-avenue-literie-sans-arriere-fond-blanc.png\",\"contentUrl\":\"https:\\\/\\\/www.avenue-literie.com\\\/blog\\\/wp-content\\\/uploads\\\/2022\\\/04\\\/cropped-Gros-logo-avenue-literie-sans-arriere-fond-blanc.png\",\"width\":1479,\"height\":250,\"caption\":\"Le blog Avenue Literie\"},\"image\":{\"@id\":\"https:\\\/\\\/www.avenue-literie.com\\\/blog\\\/#\\\/schema\\\/logo\\\/image\\\/\"},\"sameAs\":[\"https:\\\/\\\/www.facebook.com\\\/AvenueLiterieTroyes\\\/\",\"https:\\\/\\\/x.com\\\/avenue_literie\",\"https:\\\/\\\/www.instagram.com\\\/avenueliterie\\\/\",\"https:\\\/\\\/www.pinterest.fr\\\/avenueliterie\\\/\"]},{\"@type\":\"Person\",\"@id\":\"https:\\\/\\\/www.avenue-literie.com\\\/blog\\\/#\\\/schema\\\/person\\\/add6301bb28276c53d992ec5ef2f17ae\",\"name\":\"J\u00e9r\u00f4me\",\"image\":{\"@type\":\"ImageObject\",\"inLanguage\":\"fr-FR\",\"@id\":\"https:\\\/\\\/secure.gravatar.com\\\/avatar\\\/2e39bb7b624068c575f434373fc1440c1bd421d6e1bdd21a14a529cbff8f1fed?s=96&d=mm&r=g\",\"url\":\"https:\\\/\\\/secure.gravatar.com\\\/avatar\\\/2e39bb7b624068c575f434373fc1440c1bd421d6e1bdd21a14a529cbff8f1fed?s=96&d=mm&r=g\",\"contentUrl\":\"https:\\\/\\\/secure.gravatar.com\\\/avatar\\\/2e39bb7b624068c575f434373fc1440c1bd421d6e1bdd21a14a529cbff8f1fed?s=96&d=mm&r=g\",\"caption\":\"J\u00e9r\u00f4me\"},\"url\":\"https:\\\/\\\/www.avenue-literie.com\\\/blog\\\/author\\\/jerome\\\/\"}]}<\/script>\n<!-- \/ Yoast SEO plugin. -->","yoast_head_json":{"title":"Les offres en literie explosives d\u2019hiver \u00e7a continue ! - Le Blog Avenue Literie","robots":{"index":"index","follow":"follow","max-snippet":"max-snippet:-1","max-image-preview":"max-image-preview:large","max-video-preview":"max-video-preview:-1"},"canonical":"https:\/\/www.avenue-literie.com\/blog\/2020\/02\/04\/les-offres-en-literie-explosives-dhiver-ca-continue\/","og_locale":"fr_FR","og_type":"article","og_title":"Les offres en literie explosives d\u2019hiver \u00e7a continue ! - Le Blog Avenue Literie","og_description":"Et si cet hiver, un peu doux en m\u00e9t\u00e9o, vous d\u00e9cidiez de vous laisser tenter par les offres explosives en literie \u00e7a continue\u00a0! Retrouvez nos offres en literie pour cet hiver 2020. Comme le pack literie M\u00e9rinos F Cross matelas ressorts en sachets 5 zones de conforts au prix de\u00a0: 599 \u20ac L\u2019ensemble literie haut &hellip; Continuer la lecture de &laquo;&nbsp;Les offres en literie explosives d\u2019hiver \u00e7a continue !&nbsp;&raquo;","og_url":"https:\/\/www.avenue-literie.com\/blog\/2020\/02\/04\/les-offres-en-literie-explosives-dhiver-ca-continue\/","og_site_name":"Le Blog Avenue Literie","article_publisher":"https:\/\/www.facebook.com\/AvenueLiterieTroyes\/","article_published_time":"2020-02-04T07:54:05+00:00","article_modified_time":"2022-04-04T14:34:40+00:00","og_image":[{"width":810,"height":275,"url":"https:\/\/www.avenue-literie.com\/blog\/wp-content\/uploads\/2020\/02\/lesoffresexplosivesenliterie2020-1.jpg","type":"image\/jpeg"}],"author":"J\u00e9r\u00f4me","twitter_card":"summary_large_image","twitter_creator":"@avenue_literie","twitter_site":"@avenue_literie","twitter_misc":{"\u00c9crit par":"J\u00e9r\u00f4me","Dur\u00e9e de lecture estim\u00e9e":"3 minutes"},"schema":{"@context":"https:\/\/schema.org","@graph":[{"@type":"Article","@id":"https:\/\/www.avenue-literie.com\/blog\/2020\/02\/04\/les-offres-en-literie-explosives-dhiver-ca-continue\/#article","isPartOf":{"@id":"https:\/\/www.avenue-literie.com\/blog\/2020\/02\/04\/les-offres-en-literie-explosives-dhiver-ca-continue\/"},"author":{"name":"J\u00e9r\u00f4me","@id":"https:\/\/www.avenue-literie.com\/blog\/#\/schema\/person\/add6301bb28276c53d992ec5ef2f17ae"},"headline":"Les offres en literie explosives d\u2019hiver \u00e7a continue !","datePublished":"2020-02-04T07:54:05+00:00","dateModified":"2022-04-04T14:34:40+00:00","mainEntityOfPage":{"@id":"https:\/\/www.avenue-literie.com\/blog\/2020\/02\/04\/les-offres-en-literie-explosives-dhiver-ca-continue\/"},"wordCount":251,"publisher":{"@id":"https:\/\/www.avenue-literie.com\/blog\/#organization"},"image":{"@id":"https:\/\/www.avenue-literie.com\/blog\/2020\/02\/04\/les-offres-en-literie-explosives-dhiver-ca-continue\/#primaryimage"},"thumbnailUrl":"https:\/\/www.avenue-literie.com\/blog\/wp-content\/uploads\/2020\/02\/lesoffresexplosivesenliterie2020-1.jpg","articleSection":["Actualit\u00e9s"],"inLanguage":"fr-FR"},{"@type":"WebPage","@id":"https:\/\/www.avenue-literie.com\/blog\/2020\/02\/04\/les-offres-en-literie-explosives-dhiver-ca-continue\/","url":"https:\/\/www.avenue-literie.com\/blog\/2020\/02\/04\/les-offres-en-literie-explosives-dhiver-ca-continue\/","name":"Les offres en literie explosives d\u2019hiver \u00e7a continue ! - Le Blog Avenue Literie","isPartOf":{"@id":"https:\/\/www.avenue-literie.com\/blog\/#website"},"primaryImageOfPage":{"@id":"https:\/\/www.avenue-literie.com\/blog\/2020\/02\/04\/les-offres-en-literie-explosives-dhiver-ca-continue\/#primaryimage"},"image":{"@id":"https:\/\/www.avenue-literie.com\/blog\/2020\/02\/04\/les-offres-en-literie-explosives-dhiver-ca-continue\/#primaryimage"},"thumbnailUrl":"https:\/\/www.avenue-literie.com\/blog\/wp-content\/uploads\/2020\/02\/lesoffresexplosivesenliterie2020-1.jpg","datePublished":"2020-02-04T07:54:05+00:00","dateModified":"2022-04-04T14:34:40+00:00","breadcrumb":{"@id":"https:\/\/www.avenue-literie.com\/blog\/2020\/02\/04\/les-offres-en-literie-explosives-dhiver-ca-continue\/#breadcrumb"},"inLanguage":"fr-FR","potentialAction":[{"@type":"ReadAction","target":["https:\/\/www.avenue-literie.com\/blog\/2020\/02\/04\/les-offres-en-literie-explosives-dhiver-ca-continue\/"]}]},{"@type":"ImageObject","inLanguage":"fr-FR","@id":"https:\/\/www.avenue-literie.com\/blog\/2020\/02\/04\/les-offres-en-literie-explosives-dhiver-ca-continue\/#primaryimage","url":"https:\/\/www.avenue-literie.com\/blog\/wp-content\/uploads\/2020\/02\/lesoffresexplosivesenliterie2020-1.jpg","contentUrl":"https:\/\/www.avenue-literie.com\/blog\/wp-content\/uploads\/2020\/02\/lesoffresexplosivesenliterie2020-1.jpg","width":810,"height":275},{"@type":"BreadcrumbList","@id":"https:\/\/www.avenue-literie.com\/blog\/2020\/02\/04\/les-offres-en-literie-explosives-dhiver-ca-continue\/#breadcrumb","itemListElement":[{"@type":"ListItem","position":1,"name":"Home","item":"https:\/\/www.avenue-literie.com\/blog\/"},{"@type":"ListItem","position":2,"name":"Actualit\u00e9s","item":"https:\/\/www.avenue-literie.com\/blog\/category\/actualites-literie\/"},{"@type":"ListItem","position":3,"name":"Les offres en literie explosives d\u2019hiver \u00e7a continue !"}]},{"@type":"WebSite","@id":"https:\/\/www.avenue-literie.com\/blog\/#website","url":"https:\/\/www.avenue-literie.com\/blog\/","name":"Le Blog Avenue Literie","description":"Le blog du conseil en literie","publisher":{"@id":"https:\/\/www.avenue-literie.com\/blog\/#organization"},"potentialAction":[{"@type":"SearchAction","target":{"@type":"EntryPoint","urlTemplate":"https:\/\/www.avenue-literie.com\/blog\/?s={search_term_string}"},"query-input":{"@type":"PropertyValueSpecification","valueRequired":true,"valueName":"search_term_string"}}],"inLanguage":"fr-FR"},{"@type":"Organization","@id":"https:\/\/www.avenue-literie.com\/blog\/#organization","name":"Le blog Avenue Literie","alternateName":"Le blog Avenue Literie","url":"https:\/\/www.avenue-literie.com\/blog\/","logo":{"@type":"ImageObject","inLanguage":"fr-FR","@id":"https:\/\/www.avenue-literie.com\/blog\/#\/schema\/logo\/image\/","url":"https:\/\/www.avenue-literie.com\/blog\/wp-content\/uploads\/2022\/04\/cropped-Gros-logo-avenue-literie-sans-arriere-fond-blanc.png","contentUrl":"https:\/\/www.avenue-literie.com\/blog\/wp-content\/uploads\/2022\/04\/cropped-Gros-logo-avenue-literie-sans-arriere-fond-blanc.png","width":1479,"height":250,"caption":"Le blog Avenue Literie"},"image":{"@id":"https:\/\/www.avenue-literie.com\/blog\/#\/schema\/logo\/image\/"},"sameAs":["https:\/\/www.facebook.com\/AvenueLiterieTroyes\/","https:\/\/x.com\/avenue_literie","https:\/\/www.instagram.com\/avenueliterie\/","https:\/\/www.pinterest.fr\/avenueliterie\/"]},{"@type":"Person","@id":"https:\/\/www.avenue-literie.com\/blog\/#\/schema\/person\/add6301bb28276c53d992ec5ef2f17ae","name":"J\u00e9r\u00f4me","image":{"@type":"ImageObject","inLanguage":"fr-FR","@id":"https:\/\/secure.gravatar.com\/avatar\/2e39bb7b624068c575f434373fc1440c1bd421d6e1bdd21a14a529cbff8f1fed?s=96&d=mm&r=g","url":"https:\/\/secure.gravatar.com\/avatar\/2e39bb7b624068c575f434373fc1440c1bd421d6e1bdd21a14a529cbff8f1fed?s=96&d=mm&r=g","contentUrl":"https:\/\/secure.gravatar.com\/avatar\/2e39bb7b624068c575f434373fc1440c1bd421d6e1bdd21a14a529cbff8f1fed?s=96&d=mm&r=g","caption":"J\u00e9r\u00f4me"},"url":"https:\/\/www.avenue-literie.com\/blog\/author\/jerome\/"}]}},"_links":{"self":[{"href":"https:\/\/www.avenue-literie.com\/blog\/wp-json\/wp\/v2\/posts\/1013","targetHints":{"allow":["GET"]}}],"collection":[{"href":"https:\/\/www.avenue-literie.com\/blog\/wp-json\/wp\/v2\/posts"}],"about":[{"href":"https:\/\/www.avenue-literie.com\/blog\/wp-json\/wp\/v2\/types\/post"}],"author":[{"embeddable":true,"href":"https:\/\/www.avenue-literie.com\/blog\/wp-json\/wp\/v2\/users\/2"}],"replies":[{"embeddable":true,"href":"https:\/\/www.avenue-literie.com\/blog\/wp-json\/wp\/v2\/comments?post=1013"}],"version-history":[{"count":12,"href":"https:\/\/www.avenue-literie.com\/blog\/wp-json\/wp\/v2\/posts\/1013\/revisions"}],"predecessor-version":[{"id":1717,"href":"https:\/\/www.avenue-literie.com\/blog\/wp-json\/wp\/v2\/posts\/1013\/revisions\/1717"}],"wp:featuredmedia":[{"embeddable":true,"href":"https:\/\/www.avenue-literie.com\/blog\/wp-json\/wp\/v2\/media\/1716"}],"wp:attachment":[{"href":"https:\/\/www.avenue-literie.com\/blog\/wp-json\/wp\/v2\/media?parent=1013"}],"wp:term":[{"taxonomy":"category","embeddable":true,"href":"https:\/\/www.avenue-literie.com\/blog\/wp-json\/wp\/v2\/categories?post=1013"},{"taxonomy":"post_tag","embeddable":true,"href":"https:\/\/www.avenue-literie.com\/blog\/wp-json\/wp\/v2\/tags?post=1013"}],"curies":[{"name":"wp","href":"https:\/\/api.w.org\/{rel}","templated":true}]}}