{"id":1080,"date":"2020-09-30T12:40:54","date_gmt":"2020-09-30T12:40:54","guid":{"rendered":"https:\/\/www.avenue-literie.com\/blog\/?p=1080"},"modified":"2022-04-04T14:19:46","modified_gmt":"2022-04-04T14:19:46","slug":"les-delais-en-literie-linge-de-lit-et-accessoires-parlons-en","status":"publish","type":"post","link":"https:\/\/www.avenue-literie.com\/blog\/2020\/09\/30\/les-delais-en-literie-linge-de-lit-et-accessoires-parlons-en\/","title":{"rendered":"LES D\u00c9LAIS EN LITERIE, LINGE DE LIT ET ACCESSOIRES&#8230;parlons-en !"},"content":{"rendered":"\n<div class=\"wp-block-image\"><figure class=\"aligncenter size-large is-resized\"><a href=\"https:\/\/www.avenue-literie.com\/blog\/?attachment_id=1088\"><img decoding=\"async\" src=\"https:\/\/www.avenue-literie.com\/blog\/wp-content\/uploads\/2020\/09\/AdobeStock_303946060-1024x943.jpeg\" alt=\"\" class=\"wp-image-1088\" width=\"458\" height=\"422\" srcset=\"https:\/\/www.avenue-literie.com\/blog\/wp-content\/uploads\/2020\/09\/AdobeStock_303946060-1024x943.jpeg 1024w, https:\/\/www.avenue-literie.com\/blog\/wp-content\/uploads\/2020\/09\/AdobeStock_303946060-300x276.jpeg 300w, https:\/\/www.avenue-literie.com\/blog\/wp-content\/uploads\/2020\/09\/AdobeStock_303946060-768x707.jpeg 768w, https:\/\/www.avenue-literie.com\/blog\/wp-content\/uploads\/2020\/09\/AdobeStock_303946060-1536x1415.jpeg 1536w, https:\/\/www.avenue-literie.com\/blog\/wp-content\/uploads\/2020\/09\/AdobeStock_303946060-2048x1886.jpeg 2048w\" sizes=\"(max-width: 458px) 100vw, 458px\" \/><\/a><figcaption><span class=\"has-inline-color has-cyan-bluish-gray-color\"><em><code>O\u00f9 en est la commande de votre matelas? Quels sont les d\u00e9lais de livraison pour mon nouveau sommier? Vous vous posez des questions au sujet de l'exp\u00e9dition de votre colis\u2026 Nous vous r\u00e9pondons !<\/code><\/em><\/span><\/figcaption><\/figure><\/div>\n\n\n\n<p>Nous sommes victimes de notre succ\u00e8s\u2026 En effet suite \u00e0 la fin du confinement, vous avez \u00e9t\u00e9 nombreux \u00e0 passer commandes en literie, linge de lit et en accessoires de lit et nous vous en remercions&nbsp;!<\/p>\n\n\n\n<p>Cependant, compte-tenu du contexte sanitaire que nous traversons, nous devons informer notre agr\u00e9able client\u00e8le\u2026<\/p>\n\n\n\n<div class=\"wp-block-image\"><figure class=\"alignleft size-large is-resized\"><a href=\"https:\/\/www.avenue-literie.com\/blog\/?attachment_id=1082\"><img decoding=\"async\" src=\"https:\/\/www.avenue-literie.com\/blog\/wp-content\/uploads\/2020\/09\/AdobeStock_164557377-1024x866.jpeg\" alt=\"\" class=\"wp-image-1082\" width=\"266\" height=\"223\"\/><\/a><figcaption><em><span class=\"has-inline-color has-cyan-bluish-gray-color\"><code>Vous \u00eates inform\u00e9s sur nos d\u00e9lais de livraisons<\/code><\/span><\/em><\/figcaption><\/figure><\/div>\n\n\n\n<p>Nos d\u00e9lais habituels de livraison en literie sont perturb\u00e9s mais sachez que nous mettons tout en \u0153uvre pour toujours mieux vous satisfaire.<\/p>\n\n\n\n<p>Ainsi &nbsp;lors du passage de votre commande de literie ou d\u2019accessoires literie (al\u00e8ze, prot\u00e8ge matelas, draps housse, oreillers, couettes) nous vous indiquons et nous vous communiquons clairement si le produit est \u00ab\u00a0<strong><span class=\"has-inline-color has-vivid-green-cyan-color\">EN STOCK<\/span><\/strong>\u00a0\u00bb ou s&rsquo;il y a un d\u00e9lai : \u00ab\u00a0<strong><span class=\"has-inline-color has-vivid-green-cyan-color\">LIVR\u00c9 SOUS 4 SEMAINES<\/span><\/strong>\u00a0\u00bb par exemple.<\/p>\n\n\n\n<p>Nous restons \u00e0 votre disposition pour r\u00e9pondre \u00e0 toutes vos demandes ou questions.<\/p>\n\n\n\n<p><a href=\"https:\/\/www.avenue-literie.com\/magasin-showroom_avenue-literie_troyes.html\" target=\"_blank\" rel=\"noreferrer noopener\">Notre show-room de SAINT ANDRE LES VERGERS TROYES AUBE GRAND EST<\/a> est ouvert les lundis de 14h \u00e0 19h ainsi que&nbsp; du mardi au samedi de 9h \u00e0 12h et de 14h \u00e0 19h. Nous rappelons que le port du masque est obligatoire et que nous respectons les mesures de distanciation.<\/p>\n\n\n\n<p><a href=\"https:\/\/www.avenue-literie.com\/contacts\" target=\"_blank\" rel=\"noreferrer noopener\">Contactez-nous \u00e9galement \u00e0 distance !<\/a><\/p>\n\n\n\n<p style=\"font-size:15px\">Merci&nbsp;encore de votre confiance et de votre fid\u00e9lit\u00e9.<\/p>\n\n\n\n<p>Prenez soin de vous&nbsp;!<\/p>\n\n\n\n<div class=\"wp-block-image\"><figure class=\"alignleft size-large\"><a href=\"https:\/\/www.avenue-literie.com\/\" target=\"_blank\" rel=\"noopener noreferrer\"><img decoding=\"async\" width=\"218\" height=\"146\" src=\"https:\/\/www.avenue-literie.com\/blog\/wp-content\/uploads\/2020\/09\/Capture-2.png\" alt=\"\" class=\"wp-image-1123\"\/><\/a><\/figure><\/div>\n\n\n\n<p><\/p>\n","protected":false},"excerpt":{"rendered":"<p>Nous sommes victimes de notre succ\u00e8s\u2026 En effet suite \u00e0 la fin du confinement, vous avez \u00e9t\u00e9 nombreux \u00e0 passer commandes en literie, linge de lit et en accessoires de lit et nous vous en remercions&nbsp;! Cependant, compte-tenu du contexte sanitaire que nous traversons, nous devons informer notre agr\u00e9able client\u00e8le\u2026 Nos d\u00e9lais habituels de livraison &hellip; <\/p>\n<p class=\"link-more\"><a href=\"https:\/\/www.avenue-literie.com\/blog\/2020\/09\/30\/les-delais-en-literie-linge-de-lit-et-accessoires-parlons-en\/\" class=\"more-link\">Continuer la lecture<span class=\"screen-reader-text\"> de &laquo;&nbsp;LES D\u00c9LAIS EN LITERIE, LINGE DE LIT ET ACCESSOIRES&#8230;parlons-en !&nbsp;&raquo;<\/span><\/a><\/p>\n","protected":false},"author":2,"featured_media":1705,"comment_status":"closed","ping_status":"closed","sticky":true,"template":"","format":"standard","meta":{"footnotes":""},"categories":[1,372],"tags":[],"class_list":["post-1080","post","type-post","status-publish","format-standard","has-post-thumbnail","hentry","category-actualites-literie","category-les-delais"],"yoast_head":"<!-- This site is optimized with the Yoast SEO plugin v27.4 - https:\/\/yoast.com\/product\/yoast-seo-wordpress\/ -->\n<title>LES D\u00c9LAIS EN LITERIE, LINGE DE LIT ET ACCESSOIRES...parlons-en ! - Le Blog Avenue Literie<\/title>\n<meta name=\"robots\" content=\"index, follow, max-snippet:-1, max-image-preview:large, max-video-preview:-1\" \/>\n<link rel=\"canonical\" href=\"https:\/\/www.avenue-literie.com\/blog\/2020\/09\/30\/les-delais-en-literie-linge-de-lit-et-accessoires-parlons-en\/\" \/>\n<meta property=\"og:locale\" content=\"fr_FR\" \/>\n<meta property=\"og:type\" content=\"article\" \/>\n<meta property=\"og:title\" content=\"LES D\u00c9LAIS EN LITERIE, LINGE DE LIT ET ACCESSOIRES...parlons-en ! - Le Blog Avenue Literie\" \/>\n<meta property=\"og:description\" content=\"Nous sommes victimes de notre succ\u00e8s\u2026 En effet suite \u00e0 la fin du confinement, vous avez \u00e9t\u00e9 nombreux \u00e0 passer commandes en literie, linge de lit et en accessoires de lit et nous vous en remercions&nbsp;! Cependant, compte-tenu du contexte sanitaire que nous traversons, nous devons informer notre agr\u00e9able client\u00e8le\u2026 Nos d\u00e9lais habituels de livraison &hellip; Continuer la lecture de &laquo;&nbsp;LES D\u00c9LAIS EN LITERIE, LINGE DE LIT ET ACCESSOIRES&#8230;parlons-en !&nbsp;&raquo;\" \/>\n<meta property=\"og:url\" content=\"https:\/\/www.avenue-literie.com\/blog\/2020\/09\/30\/les-delais-en-literie-linge-de-lit-et-accessoires-parlons-en\/\" \/>\n<meta property=\"og:site_name\" content=\"Le Blog Avenue Literie\" \/>\n<meta property=\"article:publisher\" content=\"https:\/\/www.facebook.com\/AvenueLiterieTroyes\/\" \/>\n<meta property=\"article:published_time\" content=\"2020-09-30T12:40:54+00:00\" \/>\n<meta property=\"article:modified_time\" content=\"2022-04-04T14:19:46+00:00\" \/>\n<meta property=\"og:image\" content=\"https:\/\/www.avenue-literie.com\/blog\/wp-content\/uploads\/2020\/09\/AdobeStock_303946060-1024x943-1.jpeg\" \/>\n\t<meta property=\"og:image:width\" content=\"1024\" \/>\n\t<meta property=\"og:image:height\" content=\"943\" \/>\n\t<meta property=\"og:image:type\" content=\"image\/jpeg\" \/>\n<meta name=\"author\" content=\"J\u00e9r\u00f4me\" \/>\n<meta name=\"twitter:card\" content=\"summary_large_image\" \/>\n<meta name=\"twitter:creator\" content=\"@avenue_literie\" \/>\n<meta name=\"twitter:site\" content=\"@avenue_literie\" \/>\n<meta name=\"twitter:label1\" content=\"\u00c9crit par\" \/>\n\t<meta name=\"twitter:data1\" content=\"J\u00e9r\u00f4me\" \/>\n\t<meta name=\"twitter:label2\" content=\"Dur\u00e9e de lecture estim\u00e9e\" \/>\n\t<meta name=\"twitter:data2\" content=\"2 minutes\" \/>\n<script type=\"application\/ld+json\" class=\"yoast-schema-graph\">{\"@context\":\"https:\\\/\\\/schema.org\",\"@graph\":[{\"@type\":\"Article\",\"@id\":\"https:\\\/\\\/www.avenue-literie.com\\\/blog\\\/2020\\\/09\\\/30\\\/les-delais-en-literie-linge-de-lit-et-accessoires-parlons-en\\\/#article\",\"isPartOf\":{\"@id\":\"https:\\\/\\\/www.avenue-literie.com\\\/blog\\\/2020\\\/09\\\/30\\\/les-delais-en-literie-linge-de-lit-et-accessoires-parlons-en\\\/\"},\"author\":{\"name\":\"J\u00e9r\u00f4me\",\"@id\":\"https:\\\/\\\/www.avenue-literie.com\\\/blog\\\/#\\\/schema\\\/person\\\/add6301bb28276c53d992ec5ef2f17ae\"},\"headline\":\"LES D\u00c9LAIS EN LITERIE, LINGE DE LIT ET ACCESSOIRES&#8230;parlons-en !\",\"datePublished\":\"2020-09-30T12:40:54+00:00\",\"dateModified\":\"2022-04-04T14:19:46+00:00\",\"mainEntityOfPage\":{\"@id\":\"https:\\\/\\\/www.avenue-literie.com\\\/blog\\\/2020\\\/09\\\/30\\\/les-delais-en-literie-linge-de-lit-et-accessoires-parlons-en\\\/\"},\"wordCount\":216,\"publisher\":{\"@id\":\"https:\\\/\\\/www.avenue-literie.com\\\/blog\\\/#organization\"},\"image\":{\"@id\":\"https:\\\/\\\/www.avenue-literie.com\\\/blog\\\/2020\\\/09\\\/30\\\/les-delais-en-literie-linge-de-lit-et-accessoires-parlons-en\\\/#primaryimage\"},\"thumbnailUrl\":\"https:\\\/\\\/www.avenue-literie.com\\\/blog\\\/wp-content\\\/uploads\\\/2020\\\/09\\\/AdobeStock_303946060-1024x943-1.jpeg\",\"articleSection\":[\"Actualit\u00e9s\",\"Les d\u00e9lais\"],\"inLanguage\":\"fr-FR\"},{\"@type\":\"WebPage\",\"@id\":\"https:\\\/\\\/www.avenue-literie.com\\\/blog\\\/2020\\\/09\\\/30\\\/les-delais-en-literie-linge-de-lit-et-accessoires-parlons-en\\\/\",\"url\":\"https:\\\/\\\/www.avenue-literie.com\\\/blog\\\/2020\\\/09\\\/30\\\/les-delais-en-literie-linge-de-lit-et-accessoires-parlons-en\\\/\",\"name\":\"LES D\u00c9LAIS EN LITERIE, LINGE DE LIT ET ACCESSOIRES...parlons-en ! - Le Blog Avenue Literie\",\"isPartOf\":{\"@id\":\"https:\\\/\\\/www.avenue-literie.com\\\/blog\\\/#website\"},\"primaryImageOfPage\":{\"@id\":\"https:\\\/\\\/www.avenue-literie.com\\\/blog\\\/2020\\\/09\\\/30\\\/les-delais-en-literie-linge-de-lit-et-accessoires-parlons-en\\\/#primaryimage\"},\"image\":{\"@id\":\"https:\\\/\\\/www.avenue-literie.com\\\/blog\\\/2020\\\/09\\\/30\\\/les-delais-en-literie-linge-de-lit-et-accessoires-parlons-en\\\/#primaryimage\"},\"thumbnailUrl\":\"https:\\\/\\\/www.avenue-literie.com\\\/blog\\\/wp-content\\\/uploads\\\/2020\\\/09\\\/AdobeStock_303946060-1024x943-1.jpeg\",\"datePublished\":\"2020-09-30T12:40:54+00:00\",\"dateModified\":\"2022-04-04T14:19:46+00:00\",\"breadcrumb\":{\"@id\":\"https:\\\/\\\/www.avenue-literie.com\\\/blog\\\/2020\\\/09\\\/30\\\/les-delais-en-literie-linge-de-lit-et-accessoires-parlons-en\\\/#breadcrumb\"},\"inLanguage\":\"fr-FR\",\"potentialAction\":[{\"@type\":\"ReadAction\",\"target\":[\"https:\\\/\\\/www.avenue-literie.com\\\/blog\\\/2020\\\/09\\\/30\\\/les-delais-en-literie-linge-de-lit-et-accessoires-parlons-en\\\/\"]}]},{\"@type\":\"ImageObject\",\"inLanguage\":\"fr-FR\",\"@id\":\"https:\\\/\\\/www.avenue-literie.com\\\/blog\\\/2020\\\/09\\\/30\\\/les-delais-en-literie-linge-de-lit-et-accessoires-parlons-en\\\/#primaryimage\",\"url\":\"https:\\\/\\\/www.avenue-literie.com\\\/blog\\\/wp-content\\\/uploads\\\/2020\\\/09\\\/AdobeStock_303946060-1024x943-1.jpeg\",\"contentUrl\":\"https:\\\/\\\/www.avenue-literie.com\\\/blog\\\/wp-content\\\/uploads\\\/2020\\\/09\\\/AdobeStock_303946060-1024x943-1.jpeg\",\"width\":1024,\"height\":943},{\"@type\":\"BreadcrumbList\",\"@id\":\"https:\\\/\\\/www.avenue-literie.com\\\/blog\\\/2020\\\/09\\\/30\\\/les-delais-en-literie-linge-de-lit-et-accessoires-parlons-en\\\/#breadcrumb\",\"itemListElement\":[{\"@type\":\"ListItem\",\"position\":1,\"name\":\"Home\",\"item\":\"https:\\\/\\\/www.avenue-literie.com\\\/blog\\\/\"},{\"@type\":\"ListItem\",\"position\":2,\"name\":\"Actualit\u00e9s\",\"item\":\"https:\\\/\\\/www.avenue-literie.com\\\/blog\\\/category\\\/actualites-literie\\\/\"},{\"@type\":\"ListItem\",\"position\":3,\"name\":\"Les d\u00e9lais\",\"item\":\"https:\\\/\\\/www.avenue-literie.com\\\/blog\\\/category\\\/actualites-literie\\\/les-delais\\\/\"},{\"@type\":\"ListItem\",\"position\":4,\"name\":\"LES D\u00c9LAIS EN LITERIE, LINGE DE LIT ET ACCESSOIRES&#8230;parlons-en !\"}]},{\"@type\":\"WebSite\",\"@id\":\"https:\\\/\\\/www.avenue-literie.com\\\/blog\\\/#website\",\"url\":\"https:\\\/\\\/www.avenue-literie.com\\\/blog\\\/\",\"name\":\"Le Blog Avenue Literie\",\"description\":\"Le blog du conseil en literie\",\"publisher\":{\"@id\":\"https:\\\/\\\/www.avenue-literie.com\\\/blog\\\/#organization\"},\"potentialAction\":[{\"@type\":\"SearchAction\",\"target\":{\"@type\":\"EntryPoint\",\"urlTemplate\":\"https:\\\/\\\/www.avenue-literie.com\\\/blog\\\/?s={search_term_string}\"},\"query-input\":{\"@type\":\"PropertyValueSpecification\",\"valueRequired\":true,\"valueName\":\"search_term_string\"}}],\"inLanguage\":\"fr-FR\"},{\"@type\":\"Organization\",\"@id\":\"https:\\\/\\\/www.avenue-literie.com\\\/blog\\\/#organization\",\"name\":\"Le blog Avenue Literie\",\"alternateName\":\"Le blog Avenue Literie\",\"url\":\"https:\\\/\\\/www.avenue-literie.com\\\/blog\\\/\",\"logo\":{\"@type\":\"ImageObject\",\"inLanguage\":\"fr-FR\",\"@id\":\"https:\\\/\\\/www.avenue-literie.com\\\/blog\\\/#\\\/schema\\\/logo\\\/image\\\/\",\"url\":\"https:\\\/\\\/www.avenue-literie.com\\\/blog\\\/wp-content\\\/uploads\\\/2022\\\/04\\\/cropped-Gros-logo-avenue-literie-sans-arriere-fond-blanc.png\",\"contentUrl\":\"https:\\\/\\\/www.avenue-literie.com\\\/blog\\\/wp-content\\\/uploads\\\/2022\\\/04\\\/cropped-Gros-logo-avenue-literie-sans-arriere-fond-blanc.png\",\"width\":1479,\"height\":250,\"caption\":\"Le blog Avenue Literie\"},\"image\":{\"@id\":\"https:\\\/\\\/www.avenue-literie.com\\\/blog\\\/#\\\/schema\\\/logo\\\/image\\\/\"},\"sameAs\":[\"https:\\\/\\\/www.facebook.com\\\/AvenueLiterieTroyes\\\/\",\"https:\\\/\\\/x.com\\\/avenue_literie\",\"https:\\\/\\\/www.instagram.com\\\/avenueliterie\\\/\",\"https:\\\/\\\/www.pinterest.fr\\\/avenueliterie\\\/\"]},{\"@type\":\"Person\",\"@id\":\"https:\\\/\\\/www.avenue-literie.com\\\/blog\\\/#\\\/schema\\\/person\\\/add6301bb28276c53d992ec5ef2f17ae\",\"name\":\"J\u00e9r\u00f4me\",\"image\":{\"@type\":\"ImageObject\",\"inLanguage\":\"fr-FR\",\"@id\":\"https:\\\/\\\/secure.gravatar.com\\\/avatar\\\/2e39bb7b624068c575f434373fc1440c1bd421d6e1bdd21a14a529cbff8f1fed?s=96&d=mm&r=g\",\"url\":\"https:\\\/\\\/secure.gravatar.com\\\/avatar\\\/2e39bb7b624068c575f434373fc1440c1bd421d6e1bdd21a14a529cbff8f1fed?s=96&d=mm&r=g\",\"contentUrl\":\"https:\\\/\\\/secure.gravatar.com\\\/avatar\\\/2e39bb7b624068c575f434373fc1440c1bd421d6e1bdd21a14a529cbff8f1fed?s=96&d=mm&r=g\",\"caption\":\"J\u00e9r\u00f4me\"},\"url\":\"https:\\\/\\\/www.avenue-literie.com\\\/blog\\\/author\\\/jerome\\\/\"}]}<\/script>\n<!-- \/ Yoast SEO plugin. -->","yoast_head_json":{"title":"LES D\u00c9LAIS EN LITERIE, LINGE DE LIT ET ACCESSOIRES...parlons-en ! - Le Blog Avenue Literie","robots":{"index":"index","follow":"follow","max-snippet":"max-snippet:-1","max-image-preview":"max-image-preview:large","max-video-preview":"max-video-preview:-1"},"canonical":"https:\/\/www.avenue-literie.com\/blog\/2020\/09\/30\/les-delais-en-literie-linge-de-lit-et-accessoires-parlons-en\/","og_locale":"fr_FR","og_type":"article","og_title":"LES D\u00c9LAIS EN LITERIE, LINGE DE LIT ET ACCESSOIRES...parlons-en ! - Le Blog Avenue Literie","og_description":"Nous sommes victimes de notre succ\u00e8s\u2026 En effet suite \u00e0 la fin du confinement, vous avez \u00e9t\u00e9 nombreux \u00e0 passer commandes en literie, linge de lit et en accessoires de lit et nous vous en remercions&nbsp;! Cependant, compte-tenu du contexte sanitaire que nous traversons, nous devons informer notre agr\u00e9able client\u00e8le\u2026 Nos d\u00e9lais habituels de livraison &hellip; Continuer la lecture de &laquo;&nbsp;LES D\u00c9LAIS EN LITERIE, LINGE DE LIT ET ACCESSOIRES&#8230;parlons-en !&nbsp;&raquo;","og_url":"https:\/\/www.avenue-literie.com\/blog\/2020\/09\/30\/les-delais-en-literie-linge-de-lit-et-accessoires-parlons-en\/","og_site_name":"Le Blog Avenue Literie","article_publisher":"https:\/\/www.facebook.com\/AvenueLiterieTroyes\/","article_published_time":"2020-09-30T12:40:54+00:00","article_modified_time":"2022-04-04T14:19:46+00:00","og_image":[{"width":1024,"height":943,"url":"https:\/\/www.avenue-literie.com\/blog\/wp-content\/uploads\/2020\/09\/AdobeStock_303946060-1024x943-1.jpeg","type":"image\/jpeg"}],"author":"J\u00e9r\u00f4me","twitter_card":"summary_large_image","twitter_creator":"@avenue_literie","twitter_site":"@avenue_literie","twitter_misc":{"\u00c9crit par":"J\u00e9r\u00f4me","Dur\u00e9e de lecture estim\u00e9e":"2 minutes"},"schema":{"@context":"https:\/\/schema.org","@graph":[{"@type":"Article","@id":"https:\/\/www.avenue-literie.com\/blog\/2020\/09\/30\/les-delais-en-literie-linge-de-lit-et-accessoires-parlons-en\/#article","isPartOf":{"@id":"https:\/\/www.avenue-literie.com\/blog\/2020\/09\/30\/les-delais-en-literie-linge-de-lit-et-accessoires-parlons-en\/"},"author":{"name":"J\u00e9r\u00f4me","@id":"https:\/\/www.avenue-literie.com\/blog\/#\/schema\/person\/add6301bb28276c53d992ec5ef2f17ae"},"headline":"LES D\u00c9LAIS EN LITERIE, LINGE DE LIT ET ACCESSOIRES&#8230;parlons-en !","datePublished":"2020-09-30T12:40:54+00:00","dateModified":"2022-04-04T14:19:46+00:00","mainEntityOfPage":{"@id":"https:\/\/www.avenue-literie.com\/blog\/2020\/09\/30\/les-delais-en-literie-linge-de-lit-et-accessoires-parlons-en\/"},"wordCount":216,"publisher":{"@id":"https:\/\/www.avenue-literie.com\/blog\/#organization"},"image":{"@id":"https:\/\/www.avenue-literie.com\/blog\/2020\/09\/30\/les-delais-en-literie-linge-de-lit-et-accessoires-parlons-en\/#primaryimage"},"thumbnailUrl":"https:\/\/www.avenue-literie.com\/blog\/wp-content\/uploads\/2020\/09\/AdobeStock_303946060-1024x943-1.jpeg","articleSection":["Actualit\u00e9s","Les d\u00e9lais"],"inLanguage":"fr-FR"},{"@type":"WebPage","@id":"https:\/\/www.avenue-literie.com\/blog\/2020\/09\/30\/les-delais-en-literie-linge-de-lit-et-accessoires-parlons-en\/","url":"https:\/\/www.avenue-literie.com\/blog\/2020\/09\/30\/les-delais-en-literie-linge-de-lit-et-accessoires-parlons-en\/","name":"LES D\u00c9LAIS EN LITERIE, LINGE DE LIT ET ACCESSOIRES...parlons-en ! - Le Blog Avenue Literie","isPartOf":{"@id":"https:\/\/www.avenue-literie.com\/blog\/#website"},"primaryImageOfPage":{"@id":"https:\/\/www.avenue-literie.com\/blog\/2020\/09\/30\/les-delais-en-literie-linge-de-lit-et-accessoires-parlons-en\/#primaryimage"},"image":{"@id":"https:\/\/www.avenue-literie.com\/blog\/2020\/09\/30\/les-delais-en-literie-linge-de-lit-et-accessoires-parlons-en\/#primaryimage"},"thumbnailUrl":"https:\/\/www.avenue-literie.com\/blog\/wp-content\/uploads\/2020\/09\/AdobeStock_303946060-1024x943-1.jpeg","datePublished":"2020-09-30T12:40:54+00:00","dateModified":"2022-04-04T14:19:46+00:00","breadcrumb":{"@id":"https:\/\/www.avenue-literie.com\/blog\/2020\/09\/30\/les-delais-en-literie-linge-de-lit-et-accessoires-parlons-en\/#breadcrumb"},"inLanguage":"fr-FR","potentialAction":[{"@type":"ReadAction","target":["https:\/\/www.avenue-literie.com\/blog\/2020\/09\/30\/les-delais-en-literie-linge-de-lit-et-accessoires-parlons-en\/"]}]},{"@type":"ImageObject","inLanguage":"fr-FR","@id":"https:\/\/www.avenue-literie.com\/blog\/2020\/09\/30\/les-delais-en-literie-linge-de-lit-et-accessoires-parlons-en\/#primaryimage","url":"https:\/\/www.avenue-literie.com\/blog\/wp-content\/uploads\/2020\/09\/AdobeStock_303946060-1024x943-1.jpeg","contentUrl":"https:\/\/www.avenue-literie.com\/blog\/wp-content\/uploads\/2020\/09\/AdobeStock_303946060-1024x943-1.jpeg","width":1024,"height":943},{"@type":"BreadcrumbList","@id":"https:\/\/www.avenue-literie.com\/blog\/2020\/09\/30\/les-delais-en-literie-linge-de-lit-et-accessoires-parlons-en\/#breadcrumb","itemListElement":[{"@type":"ListItem","position":1,"name":"Home","item":"https:\/\/www.avenue-literie.com\/blog\/"},{"@type":"ListItem","position":2,"name":"Actualit\u00e9s","item":"https:\/\/www.avenue-literie.com\/blog\/category\/actualites-literie\/"},{"@type":"ListItem","position":3,"name":"Les d\u00e9lais","item":"https:\/\/www.avenue-literie.com\/blog\/category\/actualites-literie\/les-delais\/"},{"@type":"ListItem","position":4,"name":"LES D\u00c9LAIS EN LITERIE, LINGE DE LIT ET ACCESSOIRES&#8230;parlons-en !"}]},{"@type":"WebSite","@id":"https:\/\/www.avenue-literie.com\/blog\/#website","url":"https:\/\/www.avenue-literie.com\/blog\/","name":"Le Blog Avenue Literie","description":"Le blog du conseil en literie","publisher":{"@id":"https:\/\/www.avenue-literie.com\/blog\/#organization"},"potentialAction":[{"@type":"SearchAction","target":{"@type":"EntryPoint","urlTemplate":"https:\/\/www.avenue-literie.com\/blog\/?s={search_term_string}"},"query-input":{"@type":"PropertyValueSpecification","valueRequired":true,"valueName":"search_term_string"}}],"inLanguage":"fr-FR"},{"@type":"Organization","@id":"https:\/\/www.avenue-literie.com\/blog\/#organization","name":"Le blog Avenue Literie","alternateName":"Le blog Avenue Literie","url":"https:\/\/www.avenue-literie.com\/blog\/","logo":{"@type":"ImageObject","inLanguage":"fr-FR","@id":"https:\/\/www.avenue-literie.com\/blog\/#\/schema\/logo\/image\/","url":"https:\/\/www.avenue-literie.com\/blog\/wp-content\/uploads\/2022\/04\/cropped-Gros-logo-avenue-literie-sans-arriere-fond-blanc.png","contentUrl":"https:\/\/www.avenue-literie.com\/blog\/wp-content\/uploads\/2022\/04\/cropped-Gros-logo-avenue-literie-sans-arriere-fond-blanc.png","width":1479,"height":250,"caption":"Le blog Avenue Literie"},"image":{"@id":"https:\/\/www.avenue-literie.com\/blog\/#\/schema\/logo\/image\/"},"sameAs":["https:\/\/www.facebook.com\/AvenueLiterieTroyes\/","https:\/\/x.com\/avenue_literie","https:\/\/www.instagram.com\/avenueliterie\/","https:\/\/www.pinterest.fr\/avenueliterie\/"]},{"@type":"Person","@id":"https:\/\/www.avenue-literie.com\/blog\/#\/schema\/person\/add6301bb28276c53d992ec5ef2f17ae","name":"J\u00e9r\u00f4me","image":{"@type":"ImageObject","inLanguage":"fr-FR","@id":"https:\/\/secure.gravatar.com\/avatar\/2e39bb7b624068c575f434373fc1440c1bd421d6e1bdd21a14a529cbff8f1fed?s=96&d=mm&r=g","url":"https:\/\/secure.gravatar.com\/avatar\/2e39bb7b624068c575f434373fc1440c1bd421d6e1bdd21a14a529cbff8f1fed?s=96&d=mm&r=g","contentUrl":"https:\/\/secure.gravatar.com\/avatar\/2e39bb7b624068c575f434373fc1440c1bd421d6e1bdd21a14a529cbff8f1fed?s=96&d=mm&r=g","caption":"J\u00e9r\u00f4me"},"url":"https:\/\/www.avenue-literie.com\/blog\/author\/jerome\/"}]}},"_links":{"self":[{"href":"https:\/\/www.avenue-literie.com\/blog\/wp-json\/wp\/v2\/posts\/1080","targetHints":{"allow":["GET"]}}],"collection":[{"href":"https:\/\/www.avenue-literie.com\/blog\/wp-json\/wp\/v2\/posts"}],"about":[{"href":"https:\/\/www.avenue-literie.com\/blog\/wp-json\/wp\/v2\/types\/post"}],"author":[{"embeddable":true,"href":"https:\/\/www.avenue-literie.com\/blog\/wp-json\/wp\/v2\/users\/2"}],"replies":[{"embeddable":true,"href":"https:\/\/www.avenue-literie.com\/blog\/wp-json\/wp\/v2\/comments?post=1080"}],"version-history":[{"count":43,"href":"https:\/\/www.avenue-literie.com\/blog\/wp-json\/wp\/v2\/posts\/1080\/revisions"}],"predecessor-version":[{"id":1706,"href":"https:\/\/www.avenue-literie.com\/blog\/wp-json\/wp\/v2\/posts\/1080\/revisions\/1706"}],"wp:featuredmedia":[{"embeddable":true,"href":"https:\/\/www.avenue-literie.com\/blog\/wp-json\/wp\/v2\/media\/1705"}],"wp:attachment":[{"href":"https:\/\/www.avenue-literie.com\/blog\/wp-json\/wp\/v2\/media?parent=1080"}],"wp:term":[{"taxonomy":"category","embeddable":true,"href":"https:\/\/www.avenue-literie.com\/blog\/wp-json\/wp\/v2\/categories?post=1080"},{"taxonomy":"post_tag","embeddable":true,"href":"https:\/\/www.avenue-literie.com\/blog\/wp-json\/wp\/v2\/tags?post=1080"}],"curies":[{"name":"wp","href":"https:\/\/api.w.org\/{rel}","templated":true}]}}