{"id":1310,"date":"2021-04-23T11:53:57","date_gmt":"2021-04-23T11:53:57","guid":{"rendered":"https:\/\/www.avenue-literie.com\/blog\/?p=1310"},"modified":"2022-09-01T15:40:36","modified_gmt":"2022-09-01T15:40:36","slug":"couettes-grandes-tailles-de-couleur-colorez-votre-king-size","status":"publish","type":"post","link":"https:\/\/www.avenue-literie.com\/blog\/2021\/04\/23\/couettes-grandes-tailles-de-couleur-colorez-votre-king-size\/","title":{"rendered":"Couettes grandes tailles de couleur : colorez votre King-Size"},"content":{"rendered":"\n<h2 class=\"wp-block-heading\"><strong><a href=\"https:\/\/www.avenue-literie.com\/couettes\/couettes\/couette-grandes-tailles-king-size-pas-chere.html\">Les couettes grandes dimensions<\/a><\/strong><\/h2>\n\n\n\n\n\n<p>D\u00e9couvrez nos <strong><a href=\"https:\/\/www.avenue-literie.com\/couettes\/couettes\/couette-grandes-tailles-king-size-pas-chere.html\">couettes King-size grandes dimensions<\/a> <\/strong>pour lit XXL sur le site <a href=\"https:\/\/www.avenue-literie.com\/\"><strong>www.avenue-literie.com<\/strong><\/a> et dans notre <a href=\"https:\/\/www.google.fr\/maps\/place\/AvenueLiterie.com\/@48.2817345,4.0537444,15z\/data=!4m5!3m4!1s0x0:0x86482623eaf6498f!8m2!3d48.2817345!4d4.0537444\"><strong>show-room de Troyes Saint-Andr\u00e9-les-Vergers<\/strong><\/a> !<\/p>\n\n\n\n<h2 class=\"wp-block-heading\"><strong><a href=\"https:\/\/www.avenue-literie.com\/catalogsearch\/result\/?q=housse+de+couette+et+couette+\">Comment bien choisir sa literie et ses parures pour un lit King-size ?<\/a><\/strong><\/h2>\n\n\n\n<figure class=\"wp-block-image size-large\"><a href=\"https:\/\/www.avenue-literie.com\/catalogsearch\/result\/?q=grande+taille\"><img decoding=\"async\" width=\"1000\" height=\"668\" src=\"https:\/\/www.avenue-literie.com\/blog\/wp-content\/uploads\/2021\/04\/lit-king-size-2.jpg\" alt=\"\" class=\"wp-image-1368\" srcset=\"https:\/\/www.avenue-literie.com\/blog\/wp-content\/uploads\/2021\/04\/lit-king-size-2.jpg 1000w, https:\/\/www.avenue-literie.com\/blog\/wp-content\/uploads\/2021\/04\/lit-king-size-2-300x200.jpg 300w, https:\/\/www.avenue-literie.com\/blog\/wp-content\/uploads\/2021\/04\/lit-king-size-2-768x513.jpg 768w\" sizes=\"(max-width: 767px) 89vw, (max-width: 1000px) 54vw, (max-width: 1071px) 543px, 580px\" \/><\/a><figcaption>Les lits King Size, sont id\u00e9als pour les grandes chambres <\/figcaption><\/figure>\n\n\n\n<p>Les<a href=\"https:\/\/www.avenue-literie.com\/lits-electriques-relaxation-pas-cher\/2_x_100_x_200_2_pers-2_x_90_x_200_2_pers.html\"><strong> lits XXL <\/strong><\/a>sont des lits imposants, de caract\u00e8re. Les lits appel\u00e9s King-size sont en dimension <strong><a href=\"https:\/\/www.avenue-literie.com\/lits-et-cadres-de-lit\/180_x_200_2pers.html\">180&#215;200<\/a><\/strong> cm ou 200&#215;200 cm&nbsp; Pour qu&rsquo;ils conservent leur charme et leur cachet, Avenue Literie propose de les associer \u00e0 3 dimensions de couettes :<\/p>\n\n\n\n<ul class=\"wp-block-list\"><li><a href=\"https:\/\/www.avenue-literie.com\/catalogsearch\/result\/?q=240x280\"><strong>240 x 280 cm<\/strong><\/a><\/li><\/ul>\n\n\n\n<ul class=\"wp-block-list\"><li><strong><a href=\"https:\/\/www.avenue-literie.com\/catalogsearch\/result\/?q=300x240\">300 x 240 cm<\/a><\/strong><\/li><\/ul>\n\n\n\n<ul class=\"wp-block-list\"><li><strong><a href=\"https:\/\/www.avenue-literie.com\/catalogsearch\/result\/?q=couettes+et+housses+de+couette+300x300\">300 x 300 cm<\/a><\/strong><\/li><\/ul>\n\n\n\n<div class=\"wp-block-group\"><div class=\"wp-block-group__inner-container is-layout-flow wp-block-group-is-layout-flow\">\n<p>Nos couettes sont imagin\u00e9es et cr\u00e9\u00e9es pour rendre vos nuits plus agr\u00e9ables et plus douces. Nous privil\u00e9gions une mati\u00e8re de qualit\u00e9 pour l&rsquo;enveloppe, le<strong> 100 % coton<\/strong>, <strong>antibact\u00e9rien <\/strong>et <strong>anallergique<\/strong>. L\u00e9gers, les garnissages sont con\u00e7us dans une fibre <strong>thermor\u00e9gulatrice <\/strong>creuse silicon\u00e9e avec un grammage de 400 g\/m\u00b3 pour \u00eatre agr\u00e9ables en toutes saisons. L&rsquo;autre avantage du garnissage synth\u00e9tique fibre creuse silicon\u00e9e est d&rsquo;imiter parfaitement le gonflant d&rsquo;un garnissage naturel en duvet d&rsquo;oie ou de canard. Innovante, la fibre silicon\u00e9e se disperse parfaitement dans l&rsquo;enveloppe et ne s&rsquo;agglutine pas lors du lavage. Ainsi, l&rsquo;a\u00e9ration est meilleure, ce qui assure une plus grande <strong>respirabilit\u00e9 <\/strong>et une \u00e9vacuation rapide de la transpiration et de l&rsquo;humidit\u00e9.<\/p>\n\n\n\n<p>Certaines couettes grande taille, \u00e9labor\u00e9es sp\u00e9cialement pour l&rsquo;\u00e9t\u00e9 avec un grammage de 200 g\/m\u00b3, conviennent \u00e9galement \u00e0 la saison chaude lorsque la chambre est chaude en temp\u00e9rature.<\/p>\n\n\n\n<p>Notez que faire confectionner sur-mesure ses couettes grandes tailles peut \u00eatre obligatoire si le lit pr\u00e9sente des <a href=\"https:\/\/www.avenue-literie.com\/les-dimensions-literie.html\"><strong>dimensions hors standards<\/strong><\/a>.<\/p>\n\n\n\n<p>Parce qu&rsquo;esth\u00e9tique et confort sont parfaitement compatibles, Avenue Literie vous propose des couettes unies en blanc pour grand lit, des couettes imprim\u00e9es tr\u00e8s grande taille, des couettes King-size, etc&#8230; Toutes disposent de finitions soign\u00e9es pour une plus <strong><a href=\"https:\/\/www.avenue-literie.com\/entretien-des-couettes.html\">grande durabilit\u00e9<\/a><\/strong>.<\/p>\n<\/div><\/div>\n\n\n\n<h2 class=\"wp-block-heading\"><strong>Housses de couette : optez pour des couleurs tendances et des finitions contemporaines<\/strong><\/h2>\n\n\n\n<p>Les housses de couette prot\u00e8gent la couette et am\u00e9liorent encore le confort.<\/p>\n\n\n\n<p>Si vous voulez donner de la couleur \u00e0 votre chambre, vous allez adorer la nouveaut\u00e9 de ce printemps 2021 : les <strong><a href=\"https:\/\/www.avenue-literie.com\/linge-de-lit\/housses-de-couette-grandes-tailles.html\">housses de couettes unies r\u00e9versibles<\/a><\/strong>, dynamis\u00e9es par plusieurs couleurs. Leur fabrication est \u00e0 la demande et de nombreux coloris sont disponibles : ivoire, jaune, orange, \u00e9cureuil, safran, saumon, bonbon, ficelle, framboise, rouge, grenat, mauve, bleu, bleu royal, bleu marine, amande, vert, argile, marron, anthracite, orage, ardoise et noir. <\/p>\n\n\n\n<div class=\"wp-block-columns is-layout-flex wp-container-core-columns-is-layout-9d6595d7 wp-block-columns-is-layout-flex\">\n<div class=\"wp-block-column is-layout-flow wp-block-column-is-layout-flow\"><div class=\"wp-block-image\">\n<figure class=\"aligncenter size-large\"><a href=\"https:\/\/www.avenue-literie.com\/linge-de-lit\/housses-de-couette-grandes-tailles.html\"><img decoding=\"async\" width=\"1000\" height=\"1000\" src=\"https:\/\/www.avenue-literie.com\/blog\/wp-content\/uploads\/2021\/04\/coloris-housse-de-couette-grande-taille-1.png\" alt=\"\" class=\"wp-image-1343\" srcset=\"https:\/\/www.avenue-literie.com\/blog\/wp-content\/uploads\/2021\/04\/coloris-housse-de-couette-grande-taille-1.png 1000w, https:\/\/www.avenue-literie.com\/blog\/wp-content\/uploads\/2021\/04\/coloris-housse-de-couette-grande-taille-1-300x300.png 300w, https:\/\/www.avenue-literie.com\/blog\/wp-content\/uploads\/2021\/04\/coloris-housse-de-couette-grande-taille-1-150x150.png 150w, https:\/\/www.avenue-literie.com\/blog\/wp-content\/uploads\/2021\/04\/coloris-housse-de-couette-grande-taille-1-768x768.png 768w, https:\/\/www.avenue-literie.com\/blog\/wp-content\/uploads\/2021\/04\/coloris-housse-de-couette-grande-taille-1-100x100.png 100w\" sizes=\"(max-width: 767px) 89vw, (max-width: 1000px) 54vw, (max-width: 1071px) 543px, 580px\" \/><\/a><\/figure>\n<\/div><\/div>\n\n\n\n<div class=\"wp-block-column is-layout-flow wp-block-column-is-layout-flow\">\n<p>En poly coton, c&rsquo;est-\u00e0-dire en coton et polyester, ces enveloppes <strong>s&rsquo;entretiennent facilement en machine<\/strong> et restent belles tr\u00e8s longtemps.<\/p>\n\n\n\n<p>Les couleurs unies des housses de couettes sont vitamin\u00e9es et peuvent s&rsquo;adapter \u00e0 chaque saison : optez par exemple pour une couleur claire et une couleur fonc\u00e9e ou harmonisez les nuances.<\/p>\n<\/div>\n<\/div>\n\n\n\n<div class=\"wp-block-columns is-layout-flex wp-container-core-columns-is-layout-9d6595d7 wp-block-columns-is-layout-flex\">\n<div class=\"wp-block-column is-layout-flow wp-block-column-is-layout-flow\">\n<div class=\"wp-block-columns is-layout-flex wp-container-core-columns-is-layout-9d6595d7 wp-block-columns-is-layout-flex\">\n<div class=\"wp-block-column is-layout-flow wp-block-column-is-layout-flow\">\n<figure class=\"wp-block-image size-large\"><a href=\"https:\/\/www.avenue-literie.com\/housse-de-couette-280x260-polycoton.html\"><img decoding=\"async\" width=\"800\" height=\"614\" src=\"https:\/\/www.avenue-literie.com\/blog\/wp-content\/uploads\/2021\/04\/housse-de-couette-280x260-1-1-e1618232151122.jpg\" alt=\"\" class=\"wp-image-1355\" srcset=\"https:\/\/www.avenue-literie.com\/blog\/wp-content\/uploads\/2021\/04\/housse-de-couette-280x260-1-1-e1618232151122.jpg 800w, https:\/\/www.avenue-literie.com\/blog\/wp-content\/uploads\/2021\/04\/housse-de-couette-280x260-1-1-e1618232151122-300x230.jpg 300w, https:\/\/www.avenue-literie.com\/blog\/wp-content\/uploads\/2021\/04\/housse-de-couette-280x260-1-1-e1618232151122-768x589.jpg 768w\" sizes=\"(max-width: 767px) 89vw, (max-width: 1000px) 54vw, (max-width: 1071px) 543px, 580px\" \/><\/a><\/figure>\n<\/div>\n\n\n\n<div class=\"wp-block-column is-layout-flow wp-block-column-is-layout-flow\">\n<figure class=\"wp-block-image size-large\"><a href=\"https:\/\/www.avenue-literie.com\/housse-de-couette-300x240-polycoton.html\"><img decoding=\"async\" width=\"800\" height=\"626\" src=\"https:\/\/www.avenue-literie.com\/blog\/wp-content\/uploads\/2021\/04\/housse-de-couette-300x240-cm-1-3-e1618232125671.jpg\" alt=\"\" class=\"wp-image-1356\" srcset=\"https:\/\/www.avenue-literie.com\/blog\/wp-content\/uploads\/2021\/04\/housse-de-couette-300x240-cm-1-3-e1618232125671.jpg 800w, https:\/\/www.avenue-literie.com\/blog\/wp-content\/uploads\/2021\/04\/housse-de-couette-300x240-cm-1-3-e1618232125671-300x235.jpg 300w, https:\/\/www.avenue-literie.com\/blog\/wp-content\/uploads\/2021\/04\/housse-de-couette-300x240-cm-1-3-e1618232125671-768x601.jpg 768w\" sizes=\"(max-width: 767px) 89vw, (max-width: 1000px) 54vw, (max-width: 1071px) 543px, 580px\" \/><\/a><\/figure>\n<\/div>\n\n\n\n<div class=\"wp-block-column is-layout-flow wp-block-column-is-layout-flow\"><div class=\"wp-block-image\">\n<figure class=\"aligncenter size-large\"><a href=\"https:\/\/www.avenue-literie.com\/housse-de-couette-300x300-polycoton.html\"><img decoding=\"async\" width=\"800\" height=\"800\" src=\"https:\/\/www.avenue-literie.com\/blog\/wp-content\/uploads\/2021\/04\/housse-de-couette_300x300_-2.jpg\" alt=\"\" class=\"wp-image-1357\" srcset=\"https:\/\/www.avenue-literie.com\/blog\/wp-content\/uploads\/2021\/04\/housse-de-couette_300x300_-2.jpg 800w, https:\/\/www.avenue-literie.com\/blog\/wp-content\/uploads\/2021\/04\/housse-de-couette_300x300_-2-300x300.jpg 300w, https:\/\/www.avenue-literie.com\/blog\/wp-content\/uploads\/2021\/04\/housse-de-couette_300x300_-2-150x150.jpg 150w, https:\/\/www.avenue-literie.com\/blog\/wp-content\/uploads\/2021\/04\/housse-de-couette_300x300_-2-768x768.jpg 768w, https:\/\/www.avenue-literie.com\/blog\/wp-content\/uploads\/2021\/04\/housse-de-couette_300x300_-2-100x100.jpg 100w\" sizes=\"(max-width: 767px) 89vw, (max-width: 1000px) 54vw, (max-width: 1071px) 543px, 580px\" \/><\/a><\/figure>\n<\/div><\/div>\n<\/div>\n<\/div>\n<\/div>\n\n\n\n<h2 class=\"wp-block-heading\"><strong><a href=\"https:\/\/www.avenue-literie.com\/couettes\/couettes\/couette-grandes-tailles-king-size-pas-chere\/avenue_literie.html\">Une s\u00e9lection de couettes grande taille \u00ab\u00a0Made in France\u00a0\u00bb<\/a><\/strong> \ud83c\uddeb\ud83c\uddf7<\/h2>\n\n\n\n<p>Les couettes pr\u00e9sent\u00e9es par Avenue Literie sont des couettes fabriqu\u00e9es et confectionn\u00e9es dans nos ateliers, dans le centre de la France. L&rsquo;exp\u00e9rience de nos couturi\u00e8res garantit la confection de couettes sur-mesure au <strong>meilleur rapport qualit\u00e9\/prix.<\/strong><\/p>\n\n\n\n<p>Prot\u00e9geons nos emplois, notre territoire et notre savoir-faire : en choisissant une <strong>literie \u00e9labor\u00e9e en France<\/strong>, vous faites un geste pour la plan\u00e8te puisque le bilan carbone est faible. Par ailleurs, la tra\u00e7abilit\u00e9 est assur\u00e9e : vous connaissez l&rsquo;origine des mati\u00e8res premi\u00e8res et vous aidez \u00e0 pr\u00e9server les emplois locaux.<\/p>\n\n\n\n<figure class=\"wp-block-image size-large\"><img decoding=\"async\" width=\"1024\" height=\"682\" src=\"https:\/\/www.avenue-literie.com\/blog\/wp-content\/uploads\/2021\/04\/couturiere-couette-avenue-literie-3-1024x682.jpg\" alt=\"\" class=\"wp-image-1360\" srcset=\"https:\/\/www.avenue-literie.com\/blog\/wp-content\/uploads\/2021\/04\/couturiere-couette-avenue-literie-3-1024x682.jpg 1024w, https:\/\/www.avenue-literie.com\/blog\/wp-content\/uploads\/2021\/04\/couturiere-couette-avenue-literie-3-300x200.jpg 300w, https:\/\/www.avenue-literie.com\/blog\/wp-content\/uploads\/2021\/04\/couturiere-couette-avenue-literie-3-768x512.jpg 768w, https:\/\/www.avenue-literie.com\/blog\/wp-content\/uploads\/2021\/04\/couturiere-couette-avenue-literie-3-1536x1024.jpg 1536w, https:\/\/www.avenue-literie.com\/blog\/wp-content\/uploads\/2021\/04\/couturiere-couette-avenue-literie-3.jpg 2000w\" sizes=\"(max-width: 767px) 89vw, (max-width: 1000px) 54vw, (max-width: 1071px) 543px, 580px\" \/><figcaption>Fabrication fran\u00e7aise de nos housses de couette en poly coton et de nos couettes grandes dimensions<\/figcaption><\/figure>\n\n\n\n<h2 class=\"wp-block-heading\"><strong>Comment commander une couette grande dimension sur Avenue Literie ?<\/strong><\/h2>\n\n\n\n<p>Retrouvez en ligne et en magasin des <strong><a href=\"https:\/\/www.avenue-literie.com\/couettes\/couette_chaude.html\">couettes hiver<\/a><\/strong> et des <a href=\"https:\/\/www.avenue-literie.com\/couettes\/couette_legere.html\"><strong>couettes \u00e9t\u00e9 <\/strong><\/a>de grandes tailles mais aussi des couettes tr\u00e8s grandes tailles : des couettes unies et des <a href=\"https:\/\/www.avenue-literie.com\/catalogsearch\/result\/?q=couette+absolue\"><strong>couettes de couleur<\/strong><\/a> unis sur-mesure. D\u00e9couvrez notre s\u00e9lection de couettes de qualit\u00e9 et profitez du <strong>savoir-faire <\/strong>de notre marque <a href=\"https:\/\/www.avenue-literie.com\/couettes\/avenue_literie.html\"><strong>Avenue Literie<\/strong><\/a> ! Bien-s\u00fbr, des facilit\u00e9s de paiement sont accord\u00e9es \u00e0 nos clients : vous pouvez notamment <strong><a href=\"https:\/\/www.avenue-literie.com\/paiement.html\">payer en 3 ou 4 fois par carte bancaire sans frais<\/a>.<\/strong><\/p>\n\n\n\n<p>Pour en savoir plus sur les grandes <strong>couettes chaudes synth\u00e9tiques <\/strong>et leurs <strong><a href=\"https:\/\/www.avenue-literie.com\/linge-de-lit\/housses-de-couette-grandes-tailles.html\">housses de couette<\/a><\/strong>, visitez notre site \u00e0 la rubrique \u00ab&nbsp;<a href=\"https:\/\/www.avenue-literie.com\/couettes\/couettes\/couette-grandes-tailles-king-size-pas-chere.html\"><strong>grandes couettes King-size<\/strong><\/a>&nbsp;\u00bb.<\/p>\n\n\n\n<figure class=\"wp-block-image size-large is-resized is-style-default\"><a href=\"https:\/\/www.avenue-literie.com\/blog\/2019\/08\/08\/les-couettes-grande-dimension\/\"><img decoding=\"async\" src=\"https:\/\/www.avenue-literie.com\/blog\/wp-content\/uploads\/2021\/04\/couettes-grandes-tailles-avenue-literie-1-1024x341.jpg\" alt=\"\" class=\"wp-image-1315\" width=\"669\" height=\"222\" srcset=\"https:\/\/www.avenue-literie.com\/blog\/wp-content\/uploads\/2021\/04\/couettes-grandes-tailles-avenue-literie-1-1024x341.jpg 1024w, https:\/\/www.avenue-literie.com\/blog\/wp-content\/uploads\/2021\/04\/couettes-grandes-tailles-avenue-literie-1-300x100.jpg 300w, https:\/\/www.avenue-literie.com\/blog\/wp-content\/uploads\/2021\/04\/couettes-grandes-tailles-avenue-literie-1-768x256.jpg 768w, https:\/\/www.avenue-literie.com\/blog\/wp-content\/uploads\/2021\/04\/couettes-grandes-tailles-avenue-literie-1-1536x512.jpg 1536w, https:\/\/www.avenue-literie.com\/blog\/wp-content\/uploads\/2021\/04\/couettes-grandes-tailles-avenue-literie-1-2048x683.jpg 2048w\" sizes=\"(max-width: 669px) 100vw, 669px\" \/><\/a><figcaption>Profitez de la libert\u00e9 de mouvement qu&rsquo;offrent les lits King Size, passez les meilleures nuits emmitoufl\u00e9 dans une grande couette confortable !<\/figcaption><\/figure>\n\n\n\n<p>Toute l\u2019\u00e9quipe d\u2019Avenue Literie vous attend impatience pour vous offrir le confort dont vous r\u00eavez !  \ud83e\udd29<\/p>\n\n\n<div class=\"wp-block-image\">\n<figure class=\"aligncenter size-large is-resized\"><a href=\"https:\/\/www.avenue-literie.com\/blog\/\"><img decoding=\"async\" src=\"https:\/\/www.avenue-literie.com\/blog\/wp-content\/uploads\/2021\/02\/L\u00e9quipe-Avenue-Literie-2.png\" alt=\"\" class=\"wp-image-1259\" width=\"208\" height=\"208\" srcset=\"https:\/\/www.avenue-literie.com\/blog\/wp-content\/uploads\/2021\/02\/L\u00e9quipe-Avenue-Literie-2.png 500w, https:\/\/www.avenue-literie.com\/blog\/wp-content\/uploads\/2021\/02\/L\u00e9quipe-Avenue-Literie-2-300x300.png 300w, https:\/\/www.avenue-literie.com\/blog\/wp-content\/uploads\/2021\/02\/L\u00e9quipe-Avenue-Literie-2-150x150.png 150w, https:\/\/www.avenue-literie.com\/blog\/wp-content\/uploads\/2021\/02\/L\u00e9quipe-Avenue-Literie-2-100x100.png 100w\" sizes=\"(max-width: 208px) 100vw, 208px\" \/><\/a><\/figure>\n<\/div>\n\n\n<pre class=\"wp-block-preformatted\"><em>Version courte anglaise<\/em> : <\/pre>\n\n\n\n<h2 class=\"wp-block-heading\"><strong><strong>Large duvets in France<\/strong><\/strong><\/h2>\n\n\n\n<p>Large duvets are warm and comfortable and ideal for beds over 240cm wide. Perfect for elegantly dressing king size beds, these large duvets help you get a good night&rsquo;s sleep, allowing you to move freely and sleep the way you want. These duvets also mean you stay fully covered overnight.<\/p>\n\n\n\n<p>Discover our king size duvets for XXL beds on www.avenue-literie.com<\/p>\n\n\n\n<h2 class=\"wp-block-heading\"><strong>How do you choose the right bedding and sets for a king size bed in France?<\/strong><\/h2>\n\n\n\n<p>XXL beds are impressive, exceptional. King size beds in France measure 180 x 200 cm or 200 x 200 cm To keep their charm and character, Avenue Literie offers you to use 3 sizes of duvets on these beds:<\/p>\n\n\n\n<ul class=\"wp-block-list\"><li>240 x 280 cm<\/li><\/ul>\n\n\n\n<ul class=\"wp-block-list\"><li>300 x 240 cm<\/li><\/ul>\n\n\n\n<div class=\"wp-block-columns is-layout-flex wp-container-core-columns-is-layout-9d6595d7 wp-block-columns-is-layout-flex\">\n<div class=\"wp-block-column is-layout-flow wp-block-column-is-layout-flow\" style=\"flex-basis:100%\">\n<ul class=\"wp-block-list\"><li>300 x 300 cm<\/li><\/ul>\n<\/div>\n<\/div>\n\n\n\n<figure class=\"wp-block-image size-large\"><a href=\"https:\/\/www.avenue-literie.com\/lits-et-cadres-de-lit\/180_x_200_2pers.html\"><img decoding=\"async\" width=\"1002\" height=\"668\" src=\"https:\/\/www.avenue-literie.com\/blog\/wp-content\/uploads\/2021\/04\/lit-deco-king-size-1-1.jpeg\" alt=\"\" class=\"wp-image-1370\" srcset=\"https:\/\/www.avenue-literie.com\/blog\/wp-content\/uploads\/2021\/04\/lit-deco-king-size-1-1.jpeg 1002w, https:\/\/www.avenue-literie.com\/blog\/wp-content\/uploads\/2021\/04\/lit-deco-king-size-1-1-300x200.jpeg 300w, https:\/\/www.avenue-literie.com\/blog\/wp-content\/uploads\/2021\/04\/lit-deco-king-size-1-1-768x512.jpeg 768w\" sizes=\"(max-width: 767px) 89vw, (max-width: 1000px) 54vw, (max-width: 1071px) 543px, 580px\" \/><\/a><figcaption>large king size bed to furnish large rooms<\/figcaption><\/figure>\n\n\n\n<h2 class=\"wp-block-heading\"><strong>A selection of large \u00ab\u00a0Made in France\u00a0\u00bb duvets<\/strong><\/h2>\n\n\n\n<p>The duvets offered at Avenue Literie are manufactured and assembled in our workshops in central France. The experience of our designers guarantees you custom-made duvets offering you the best value for money.<\/p>\n","protected":false},"excerpt":{"rendered":"<p>Comment bien choisir sa literie et ses parures pour un lit King-size ? D\u00e9couvrez ce qu&rsquo;il faut savoir sur les couettes et housses de couette XXL. Achetez votre parure grande taille de fabrication fran\u00e7aise. <\/p>\n","protected":false},"author":2,"featured_media":1700,"comment_status":"closed","ping_status":"closed","sticky":true,"template":"","format":"standard","meta":{"footnotes":""},"categories":[1],"tags":[179,411,216,413,412,245,228,90,415,414],"class_list":["post-1310","post","type-post","status-publish","format-standard","has-post-thumbnail","hentry","category-actualites-literie","tag-couette-300x300","tag-couettes-grande-taille","tag-fabrication-francaise","tag-grande-couette","tag-grande-housse-de-couette","tag-housse-de-couette-300x300","tag-linge-de-lit-grande-taille","tag-lit-king-size","tag-lit-xxl","tag-parure-grand-lit"],"yoast_head":"<!-- This site is optimized with the Yoast SEO plugin v27.5 - https:\/\/yoast.com\/product\/yoast-seo-wordpress\/ -->\n<title>Couettes grandes tailles de couleur : colorez votre King-Size - Le Blog Avenue Literie<\/title>\n<meta name=\"robots\" content=\"index, follow, max-snippet:-1, max-image-preview:large, max-video-preview:-1\" \/>\n<link rel=\"canonical\" href=\"https:\/\/www.avenue-literie.com\/blog\/2021\/04\/23\/couettes-grandes-tailles-de-couleur-colorez-votre-king-size\/\" \/>\n<meta property=\"og:locale\" content=\"fr_FR\" \/>\n<meta property=\"og:type\" content=\"article\" \/>\n<meta property=\"og:title\" content=\"Couettes grandes tailles de couleur : colorez votre King-Size - Le Blog Avenue Literie\" \/>\n<meta property=\"og:description\" content=\"Comment bien choisir sa literie et ses parures pour un lit King-size ? D\u00e9couvrez ce qu&#039;il faut savoir sur les couettes et housses de couette XXL. Achetez votre parure grande taille de fabrication fran\u00e7aise.\" \/>\n<meta property=\"og:url\" content=\"https:\/\/www.avenue-literie.com\/blog\/2021\/04\/23\/couettes-grandes-tailles-de-couleur-colorez-votre-king-size\/\" \/>\n<meta property=\"og:site_name\" content=\"Le Blog Avenue Literie\" \/>\n<meta property=\"article:publisher\" content=\"https:\/\/www.facebook.com\/AvenueLiterieTroyes\/\" \/>\n<meta property=\"article:published_time\" content=\"2021-04-23T11:53:57+00:00\" \/>\n<meta property=\"article:modified_time\" content=\"2022-09-01T15:40:36+00:00\" \/>\n<meta property=\"og:image\" content=\"https:\/\/www.avenue-literie.com\/blog\/wp-content\/uploads\/2021\/04\/lit-king-size-2-1.jpg\" \/>\n\t<meta property=\"og:image:width\" content=\"1000\" \/>\n\t<meta property=\"og:image:height\" content=\"668\" \/>\n\t<meta property=\"og:image:type\" content=\"image\/jpeg\" \/>\n<meta name=\"author\" content=\"J\u00e9r\u00f4me\" \/>\n<meta name=\"twitter:card\" content=\"summary_large_image\" \/>\n<meta name=\"twitter:creator\" content=\"@avenue_literie\" \/>\n<meta name=\"twitter:site\" content=\"@avenue_literie\" \/>\n<meta name=\"twitter:label1\" content=\"\u00c9crit par\" \/>\n\t<meta name=\"twitter:data1\" content=\"J\u00e9r\u00f4me\" \/>\n\t<meta name=\"twitter:label2\" content=\"Dur\u00e9e de lecture estim\u00e9e\" \/>\n\t<meta name=\"twitter:data2\" content=\"6 minutes\" \/>\n<script type=\"application\/ld+json\" class=\"yoast-schema-graph\">{\"@context\":\"https:\\\/\\\/schema.org\",\"@graph\":[{\"@type\":\"Article\",\"@id\":\"https:\\\/\\\/www.avenue-literie.com\\\/blog\\\/2021\\\/04\\\/23\\\/couettes-grandes-tailles-de-couleur-colorez-votre-king-size\\\/#article\",\"isPartOf\":{\"@id\":\"https:\\\/\\\/www.avenue-literie.com\\\/blog\\\/2021\\\/04\\\/23\\\/couettes-grandes-tailles-de-couleur-colorez-votre-king-size\\\/\"},\"author\":{\"name\":\"J\u00e9r\u00f4me\",\"@id\":\"https:\\\/\\\/www.avenue-literie.com\\\/blog\\\/#\\\/schema\\\/person\\\/add6301bb28276c53d992ec5ef2f17ae\"},\"headline\":\"Couettes grandes tailles de couleur : colorez votre King-Size\",\"datePublished\":\"2021-04-23T11:53:57+00:00\",\"dateModified\":\"2022-09-01T15:40:36+00:00\",\"mainEntityOfPage\":{\"@id\":\"https:\\\/\\\/www.avenue-literie.com\\\/blog\\\/2021\\\/04\\\/23\\\/couettes-grandes-tailles-de-couleur-colorez-votre-king-size\\\/\"},\"wordCount\":913,\"publisher\":{\"@id\":\"https:\\\/\\\/www.avenue-literie.com\\\/blog\\\/#organization\"},\"image\":{\"@id\":\"https:\\\/\\\/www.avenue-literie.com\\\/blog\\\/2021\\\/04\\\/23\\\/couettes-grandes-tailles-de-couleur-colorez-votre-king-size\\\/#primaryimage\"},\"thumbnailUrl\":\"https:\\\/\\\/www.avenue-literie.com\\\/blog\\\/wp-content\\\/uploads\\\/2021\\\/04\\\/lit-king-size-2-1.jpg\",\"keywords\":[\"couette 300x300\",\"couettes grande taille\",\"Fabrication fran\u00e7aise\",\"grande couette\",\"grande housse de couette\",\"Housse de couette 300x300\",\"linge de lit grande taille\",\"Lit King Size\",\"lit XXL\",\"parure grand lit\"],\"articleSection\":[\"Actualit\u00e9s\"],\"inLanguage\":\"fr-FR\"},{\"@type\":\"WebPage\",\"@id\":\"https:\\\/\\\/www.avenue-literie.com\\\/blog\\\/2021\\\/04\\\/23\\\/couettes-grandes-tailles-de-couleur-colorez-votre-king-size\\\/\",\"url\":\"https:\\\/\\\/www.avenue-literie.com\\\/blog\\\/2021\\\/04\\\/23\\\/couettes-grandes-tailles-de-couleur-colorez-votre-king-size\\\/\",\"name\":\"Couettes grandes tailles de couleur : colorez votre King-Size - Le Blog Avenue Literie\",\"isPartOf\":{\"@id\":\"https:\\\/\\\/www.avenue-literie.com\\\/blog\\\/#website\"},\"primaryImageOfPage\":{\"@id\":\"https:\\\/\\\/www.avenue-literie.com\\\/blog\\\/2021\\\/04\\\/23\\\/couettes-grandes-tailles-de-couleur-colorez-votre-king-size\\\/#primaryimage\"},\"image\":{\"@id\":\"https:\\\/\\\/www.avenue-literie.com\\\/blog\\\/2021\\\/04\\\/23\\\/couettes-grandes-tailles-de-couleur-colorez-votre-king-size\\\/#primaryimage\"},\"thumbnailUrl\":\"https:\\\/\\\/www.avenue-literie.com\\\/blog\\\/wp-content\\\/uploads\\\/2021\\\/04\\\/lit-king-size-2-1.jpg\",\"datePublished\":\"2021-04-23T11:53:57+00:00\",\"dateModified\":\"2022-09-01T15:40:36+00:00\",\"breadcrumb\":{\"@id\":\"https:\\\/\\\/www.avenue-literie.com\\\/blog\\\/2021\\\/04\\\/23\\\/couettes-grandes-tailles-de-couleur-colorez-votre-king-size\\\/#breadcrumb\"},\"inLanguage\":\"fr-FR\",\"potentialAction\":[{\"@type\":\"ReadAction\",\"target\":[\"https:\\\/\\\/www.avenue-literie.com\\\/blog\\\/2021\\\/04\\\/23\\\/couettes-grandes-tailles-de-couleur-colorez-votre-king-size\\\/\"]}]},{\"@type\":\"ImageObject\",\"inLanguage\":\"fr-FR\",\"@id\":\"https:\\\/\\\/www.avenue-literie.com\\\/blog\\\/2021\\\/04\\\/23\\\/couettes-grandes-tailles-de-couleur-colorez-votre-king-size\\\/#primaryimage\",\"url\":\"https:\\\/\\\/www.avenue-literie.com\\\/blog\\\/wp-content\\\/uploads\\\/2021\\\/04\\\/lit-king-size-2-1.jpg\",\"contentUrl\":\"https:\\\/\\\/www.avenue-literie.com\\\/blog\\\/wp-content\\\/uploads\\\/2021\\\/04\\\/lit-king-size-2-1.jpg\",\"width\":1000,\"height\":668},{\"@type\":\"BreadcrumbList\",\"@id\":\"https:\\\/\\\/www.avenue-literie.com\\\/blog\\\/2021\\\/04\\\/23\\\/couettes-grandes-tailles-de-couleur-colorez-votre-king-size\\\/#breadcrumb\",\"itemListElement\":[{\"@type\":\"ListItem\",\"position\":1,\"name\":\"Home\",\"item\":\"https:\\\/\\\/www.avenue-literie.com\\\/blog\\\/\"},{\"@type\":\"ListItem\",\"position\":2,\"name\":\"Actualit\u00e9s\",\"item\":\"https:\\\/\\\/www.avenue-literie.com\\\/blog\\\/category\\\/actualites-literie\\\/\"},{\"@type\":\"ListItem\",\"position\":3,\"name\":\"Couettes grandes tailles de couleur : colorez votre King-Size\"}]},{\"@type\":\"WebSite\",\"@id\":\"https:\\\/\\\/www.avenue-literie.com\\\/blog\\\/#website\",\"url\":\"https:\\\/\\\/www.avenue-literie.com\\\/blog\\\/\",\"name\":\"Le Blog Avenue Literie\",\"description\":\"Le blog du conseil en literie\",\"publisher\":{\"@id\":\"https:\\\/\\\/www.avenue-literie.com\\\/blog\\\/#organization\"},\"potentialAction\":[{\"@type\":\"SearchAction\",\"target\":{\"@type\":\"EntryPoint\",\"urlTemplate\":\"https:\\\/\\\/www.avenue-literie.com\\\/blog\\\/?s={search_term_string}\"},\"query-input\":{\"@type\":\"PropertyValueSpecification\",\"valueRequired\":true,\"valueName\":\"search_term_string\"}}],\"inLanguage\":\"fr-FR\"},{\"@type\":\"Organization\",\"@id\":\"https:\\\/\\\/www.avenue-literie.com\\\/blog\\\/#organization\",\"name\":\"Le blog Avenue Literie\",\"alternateName\":\"Le blog Avenue Literie\",\"url\":\"https:\\\/\\\/www.avenue-literie.com\\\/blog\\\/\",\"logo\":{\"@type\":\"ImageObject\",\"inLanguage\":\"fr-FR\",\"@id\":\"https:\\\/\\\/www.avenue-literie.com\\\/blog\\\/#\\\/schema\\\/logo\\\/image\\\/\",\"url\":\"https:\\\/\\\/www.avenue-literie.com\\\/blog\\\/wp-content\\\/uploads\\\/2022\\\/04\\\/cropped-Gros-logo-avenue-literie-sans-arriere-fond-blanc.png\",\"contentUrl\":\"https:\\\/\\\/www.avenue-literie.com\\\/blog\\\/wp-content\\\/uploads\\\/2022\\\/04\\\/cropped-Gros-logo-avenue-literie-sans-arriere-fond-blanc.png\",\"width\":1479,\"height\":250,\"caption\":\"Le blog Avenue Literie\"},\"image\":{\"@id\":\"https:\\\/\\\/www.avenue-literie.com\\\/blog\\\/#\\\/schema\\\/logo\\\/image\\\/\"},\"sameAs\":[\"https:\\\/\\\/www.facebook.com\\\/AvenueLiterieTroyes\\\/\",\"https:\\\/\\\/x.com\\\/avenue_literie\",\"https:\\\/\\\/www.instagram.com\\\/avenueliterie\\\/\",\"https:\\\/\\\/www.pinterest.fr\\\/avenueliterie\\\/\"]},{\"@type\":\"Person\",\"@id\":\"https:\\\/\\\/www.avenue-literie.com\\\/blog\\\/#\\\/schema\\\/person\\\/add6301bb28276c53d992ec5ef2f17ae\",\"name\":\"J\u00e9r\u00f4me\",\"image\":{\"@type\":\"ImageObject\",\"inLanguage\":\"fr-FR\",\"@id\":\"https:\\\/\\\/secure.gravatar.com\\\/avatar\\\/2e39bb7b624068c575f434373fc1440c1bd421d6e1bdd21a14a529cbff8f1fed?s=96&d=mm&r=g\",\"url\":\"https:\\\/\\\/secure.gravatar.com\\\/avatar\\\/2e39bb7b624068c575f434373fc1440c1bd421d6e1bdd21a14a529cbff8f1fed?s=96&d=mm&r=g\",\"contentUrl\":\"https:\\\/\\\/secure.gravatar.com\\\/avatar\\\/2e39bb7b624068c575f434373fc1440c1bd421d6e1bdd21a14a529cbff8f1fed?s=96&d=mm&r=g\",\"caption\":\"J\u00e9r\u00f4me\"},\"url\":\"https:\\\/\\\/www.avenue-literie.com\\\/blog\\\/author\\\/jerome\\\/\"}]}<\/script>\n<!-- \/ Yoast SEO plugin. -->","yoast_head_json":{"title":"Couettes grandes tailles de couleur : colorez votre King-Size - Le Blog Avenue Literie","robots":{"index":"index","follow":"follow","max-snippet":"max-snippet:-1","max-image-preview":"max-image-preview:large","max-video-preview":"max-video-preview:-1"},"canonical":"https:\/\/www.avenue-literie.com\/blog\/2021\/04\/23\/couettes-grandes-tailles-de-couleur-colorez-votre-king-size\/","og_locale":"fr_FR","og_type":"article","og_title":"Couettes grandes tailles de couleur : colorez votre King-Size - Le Blog Avenue Literie","og_description":"Comment bien choisir sa literie et ses parures pour un lit King-size ? D\u00e9couvrez ce qu'il faut savoir sur les couettes et housses de couette XXL. Achetez votre parure grande taille de fabrication fran\u00e7aise.","og_url":"https:\/\/www.avenue-literie.com\/blog\/2021\/04\/23\/couettes-grandes-tailles-de-couleur-colorez-votre-king-size\/","og_site_name":"Le Blog Avenue Literie","article_publisher":"https:\/\/www.facebook.com\/AvenueLiterieTroyes\/","article_published_time":"2021-04-23T11:53:57+00:00","article_modified_time":"2022-09-01T15:40:36+00:00","og_image":[{"width":1000,"height":668,"url":"https:\/\/www.avenue-literie.com\/blog\/wp-content\/uploads\/2021\/04\/lit-king-size-2-1.jpg","type":"image\/jpeg"}],"author":"J\u00e9r\u00f4me","twitter_card":"summary_large_image","twitter_creator":"@avenue_literie","twitter_site":"@avenue_literie","twitter_misc":{"\u00c9crit par":"J\u00e9r\u00f4me","Dur\u00e9e de lecture estim\u00e9e":"6 minutes"},"schema":{"@context":"https:\/\/schema.org","@graph":[{"@type":"Article","@id":"https:\/\/www.avenue-literie.com\/blog\/2021\/04\/23\/couettes-grandes-tailles-de-couleur-colorez-votre-king-size\/#article","isPartOf":{"@id":"https:\/\/www.avenue-literie.com\/blog\/2021\/04\/23\/couettes-grandes-tailles-de-couleur-colorez-votre-king-size\/"},"author":{"name":"J\u00e9r\u00f4me","@id":"https:\/\/www.avenue-literie.com\/blog\/#\/schema\/person\/add6301bb28276c53d992ec5ef2f17ae"},"headline":"Couettes grandes tailles de couleur : colorez votre King-Size","datePublished":"2021-04-23T11:53:57+00:00","dateModified":"2022-09-01T15:40:36+00:00","mainEntityOfPage":{"@id":"https:\/\/www.avenue-literie.com\/blog\/2021\/04\/23\/couettes-grandes-tailles-de-couleur-colorez-votre-king-size\/"},"wordCount":913,"publisher":{"@id":"https:\/\/www.avenue-literie.com\/blog\/#organization"},"image":{"@id":"https:\/\/www.avenue-literie.com\/blog\/2021\/04\/23\/couettes-grandes-tailles-de-couleur-colorez-votre-king-size\/#primaryimage"},"thumbnailUrl":"https:\/\/www.avenue-literie.com\/blog\/wp-content\/uploads\/2021\/04\/lit-king-size-2-1.jpg","keywords":["couette 300x300","couettes grande taille","Fabrication fran\u00e7aise","grande couette","grande housse de couette","Housse de couette 300x300","linge de lit grande taille","Lit King Size","lit XXL","parure grand lit"],"articleSection":["Actualit\u00e9s"],"inLanguage":"fr-FR"},{"@type":"WebPage","@id":"https:\/\/www.avenue-literie.com\/blog\/2021\/04\/23\/couettes-grandes-tailles-de-couleur-colorez-votre-king-size\/","url":"https:\/\/www.avenue-literie.com\/blog\/2021\/04\/23\/couettes-grandes-tailles-de-couleur-colorez-votre-king-size\/","name":"Couettes grandes tailles de couleur : colorez votre King-Size - Le Blog Avenue Literie","isPartOf":{"@id":"https:\/\/www.avenue-literie.com\/blog\/#website"},"primaryImageOfPage":{"@id":"https:\/\/www.avenue-literie.com\/blog\/2021\/04\/23\/couettes-grandes-tailles-de-couleur-colorez-votre-king-size\/#primaryimage"},"image":{"@id":"https:\/\/www.avenue-literie.com\/blog\/2021\/04\/23\/couettes-grandes-tailles-de-couleur-colorez-votre-king-size\/#primaryimage"},"thumbnailUrl":"https:\/\/www.avenue-literie.com\/blog\/wp-content\/uploads\/2021\/04\/lit-king-size-2-1.jpg","datePublished":"2021-04-23T11:53:57+00:00","dateModified":"2022-09-01T15:40:36+00:00","breadcrumb":{"@id":"https:\/\/www.avenue-literie.com\/blog\/2021\/04\/23\/couettes-grandes-tailles-de-couleur-colorez-votre-king-size\/#breadcrumb"},"inLanguage":"fr-FR","potentialAction":[{"@type":"ReadAction","target":["https:\/\/www.avenue-literie.com\/blog\/2021\/04\/23\/couettes-grandes-tailles-de-couleur-colorez-votre-king-size\/"]}]},{"@type":"ImageObject","inLanguage":"fr-FR","@id":"https:\/\/www.avenue-literie.com\/blog\/2021\/04\/23\/couettes-grandes-tailles-de-couleur-colorez-votre-king-size\/#primaryimage","url":"https:\/\/www.avenue-literie.com\/blog\/wp-content\/uploads\/2021\/04\/lit-king-size-2-1.jpg","contentUrl":"https:\/\/www.avenue-literie.com\/blog\/wp-content\/uploads\/2021\/04\/lit-king-size-2-1.jpg","width":1000,"height":668},{"@type":"BreadcrumbList","@id":"https:\/\/www.avenue-literie.com\/blog\/2021\/04\/23\/couettes-grandes-tailles-de-couleur-colorez-votre-king-size\/#breadcrumb","itemListElement":[{"@type":"ListItem","position":1,"name":"Home","item":"https:\/\/www.avenue-literie.com\/blog\/"},{"@type":"ListItem","position":2,"name":"Actualit\u00e9s","item":"https:\/\/www.avenue-literie.com\/blog\/category\/actualites-literie\/"},{"@type":"ListItem","position":3,"name":"Couettes grandes tailles de couleur : colorez votre King-Size"}]},{"@type":"WebSite","@id":"https:\/\/www.avenue-literie.com\/blog\/#website","url":"https:\/\/www.avenue-literie.com\/blog\/","name":"Le Blog Avenue Literie","description":"Le blog du conseil en literie","publisher":{"@id":"https:\/\/www.avenue-literie.com\/blog\/#organization"},"potentialAction":[{"@type":"SearchAction","target":{"@type":"EntryPoint","urlTemplate":"https:\/\/www.avenue-literie.com\/blog\/?s={search_term_string}"},"query-input":{"@type":"PropertyValueSpecification","valueRequired":true,"valueName":"search_term_string"}}],"inLanguage":"fr-FR"},{"@type":"Organization","@id":"https:\/\/www.avenue-literie.com\/blog\/#organization","name":"Le blog Avenue Literie","alternateName":"Le blog Avenue Literie","url":"https:\/\/www.avenue-literie.com\/blog\/","logo":{"@type":"ImageObject","inLanguage":"fr-FR","@id":"https:\/\/www.avenue-literie.com\/blog\/#\/schema\/logo\/image\/","url":"https:\/\/www.avenue-literie.com\/blog\/wp-content\/uploads\/2022\/04\/cropped-Gros-logo-avenue-literie-sans-arriere-fond-blanc.png","contentUrl":"https:\/\/www.avenue-literie.com\/blog\/wp-content\/uploads\/2022\/04\/cropped-Gros-logo-avenue-literie-sans-arriere-fond-blanc.png","width":1479,"height":250,"caption":"Le blog Avenue Literie"},"image":{"@id":"https:\/\/www.avenue-literie.com\/blog\/#\/schema\/logo\/image\/"},"sameAs":["https:\/\/www.facebook.com\/AvenueLiterieTroyes\/","https:\/\/x.com\/avenue_literie","https:\/\/www.instagram.com\/avenueliterie\/","https:\/\/www.pinterest.fr\/avenueliterie\/"]},{"@type":"Person","@id":"https:\/\/www.avenue-literie.com\/blog\/#\/schema\/person\/add6301bb28276c53d992ec5ef2f17ae","name":"J\u00e9r\u00f4me","image":{"@type":"ImageObject","inLanguage":"fr-FR","@id":"https:\/\/secure.gravatar.com\/avatar\/2e39bb7b624068c575f434373fc1440c1bd421d6e1bdd21a14a529cbff8f1fed?s=96&d=mm&r=g","url":"https:\/\/secure.gravatar.com\/avatar\/2e39bb7b624068c575f434373fc1440c1bd421d6e1bdd21a14a529cbff8f1fed?s=96&d=mm&r=g","contentUrl":"https:\/\/secure.gravatar.com\/avatar\/2e39bb7b624068c575f434373fc1440c1bd421d6e1bdd21a14a529cbff8f1fed?s=96&d=mm&r=g","caption":"J\u00e9r\u00f4me"},"url":"https:\/\/www.avenue-literie.com\/blog\/author\/jerome\/"}]}},"_links":{"self":[{"href":"https:\/\/www.avenue-literie.com\/blog\/wp-json\/wp\/v2\/posts\/1310","targetHints":{"allow":["GET"]}}],"collection":[{"href":"https:\/\/www.avenue-literie.com\/blog\/wp-json\/wp\/v2\/posts"}],"about":[{"href":"https:\/\/www.avenue-literie.com\/blog\/wp-json\/wp\/v2\/types\/post"}],"author":[{"embeddable":true,"href":"https:\/\/www.avenue-literie.com\/blog\/wp-json\/wp\/v2\/users\/2"}],"replies":[{"embeddable":true,"href":"https:\/\/www.avenue-literie.com\/blog\/wp-json\/wp\/v2\/comments?post=1310"}],"version-history":[{"count":50,"href":"https:\/\/www.avenue-literie.com\/blog\/wp-json\/wp\/v2\/posts\/1310\/revisions"}],"predecessor-version":[{"id":1819,"href":"https:\/\/www.avenue-literie.com\/blog\/wp-json\/wp\/v2\/posts\/1310\/revisions\/1819"}],"wp:featuredmedia":[{"embeddable":true,"href":"https:\/\/www.avenue-literie.com\/blog\/wp-json\/wp\/v2\/media\/1700"}],"wp:attachment":[{"href":"https:\/\/www.avenue-literie.com\/blog\/wp-json\/wp\/v2\/media?parent=1310"}],"wp:term":[{"taxonomy":"category","embeddable":true,"href":"https:\/\/www.avenue-literie.com\/blog\/wp-json\/wp\/v2\/categories?post=1310"},{"taxonomy":"post_tag","embeddable":true,"href":"https:\/\/www.avenue-literie.com\/blog\/wp-json\/wp\/v2\/tags?post=1310"}],"curies":[{"name":"wp","href":"https:\/\/api.w.org\/{rel}","templated":true}]}}