{"id":1388,"date":"2021-06-30T08:00:00","date_gmt":"2021-06-30T08:00:00","guid":{"rendered":"https:\/\/www.avenue-literie.com\/blog\/?p=1388"},"modified":"2022-04-04T14:12:11","modified_gmt":"2022-04-04T14:12:11","slug":"que-les-soldes-dete-2021-commencent","status":"publish","type":"post","link":"https:\/\/www.avenue-literie.com\/blog\/2021\/06\/30\/que-les-soldes-dete-2021-commencent\/","title":{"rendered":"QUE LES SOLDES D&rsquo;\u00c9T\u00c9 2021 COMMENCENT !"},"content":{"rendered":"\n<figure class=\"wp-block-image size-large\"><img decoding=\"async\" width=\"1024\" height=\"374\" src=\"https:\/\/www.avenue-literie.com\/blog\/wp-content\/uploads\/2021\/06\/AvenueLiterie-SoldesEte-960x350px-1-1024x374.jpg\" alt=\"\" class=\"wp-image-1406\" srcset=\"https:\/\/www.avenue-literie.com\/blog\/wp-content\/uploads\/2021\/06\/AvenueLiterie-SoldesEte-960x350px-1-1024x374.jpg 1024w, https:\/\/www.avenue-literie.com\/blog\/wp-content\/uploads\/2021\/06\/AvenueLiterie-SoldesEte-960x350px-1-300x109.jpg 300w, https:\/\/www.avenue-literie.com\/blog\/wp-content\/uploads\/2021\/06\/AvenueLiterie-SoldesEte-960x350px-1-768x280.jpg 768w, https:\/\/www.avenue-literie.com\/blog\/wp-content\/uploads\/2021\/06\/AvenueLiterie-SoldesEte-960x350px-1-1536x561.jpg 1536w, https:\/\/www.avenue-literie.com\/blog\/wp-content\/uploads\/2021\/06\/AvenueLiterie-SoldesEte-960x350px-1.jpg 1921w\" sizes=\"(max-width: 767px) 89vw, (max-width: 1000px) 54vw, (max-width: 1071px) 543px, 580px\" \/><\/figure>\n\n\n\n<p>C&rsquo;est parti pour les <a href=\"http:\/\/soldes-ete-2021\"><strong>soldes 2021 chez Avenue Literie<\/strong><\/a> et \u00e7a tombe bien car c&rsquo;est bient\u00f4t les vacances ! <\/p>\n\n\n\n<div class=\"wp-block-columns is-layout-flex wp-container-core-columns-is-layout-9d6595d7 wp-block-columns-is-layout-flex\">\n<div class=\"wp-block-column is-layout-flow wp-block-column-is-layout-flow\" style=\"flex-basis:100%\">\n<div class=\"wp-block-columns is-layout-flex wp-container-core-columns-is-layout-9d6595d7 wp-block-columns-is-layout-flex\">\n<div class=\"wp-block-column is-layout-flow wp-block-column-is-layout-flow\" style=\"flex-basis:100%\">\n<p>Parce que de bonnes nuits c&rsquo;est des vacances r\u00e9ussies, profitez des Soldes pour choisir une bonne literie et passez des nuits r\u00e9paratrices pendant vos vacances !<\/p>\n<\/div>\n<\/div>\n\n\n\n<div class=\"wp-block-image is-style-rounded\"><figure class=\"aligncenter is-resized\"><img decoding=\"async\" src=\"https:\/\/www.avenue-literie.com\/blog\/wp-content\/uploads\/2021\/06\/Sans-titre-1024x576.png\" alt=\"L\u2019attribut alt de cette image est vide, son nom de fichier est Sans-titre-1024x576.png.\" width=\"393\" height=\"221\"\/><\/figure><\/div>\n<\/div>\n<\/div>\n\n\n\n<p>Profitez de nos prix r\u00e9duits pendant les soldes, du 30 juin au 27 juillet 2021, nous avons une large gamme de choix \u00e0 vous proposer pour passez des douces nuits d&rsquo;\u00e9t\u00e9 :<strong> <a href=\"https:\/\/www.avenue-literie.com\/soldes-matelas.html\">Matelas <\/a>mousse<\/strong>, <strong>ressorts <\/strong>ou <strong>latex<\/strong>, <strong>ferme <\/strong>ou <strong>moelleux<\/strong>, nous en avons pour tous les go\u00fbts ! <\/p>\n\n\n\n<p>Et si cette ann\u00e9e pour les vacances vous avez d\u00e9cidez de refaire la d\u00e9co de votre chambre \u00e0 coucher, vous trouverez sur notre site <a href=\"https:\/\/www.avenue-literie.com\/\"><strong>www.avenue-literie.com<\/strong><\/a> toute une gamme de <strong><a href=\"https:\/\/www.avenue-literie.com\/lits-et-cadres-de-lit\/lits-et-cadres-de-lit\/lits-scandinaves.html\">lits d\u00e9co<\/a><\/strong>, des <strong><a href=\"https:\/\/www.avenue-literie.com\/lits-et-cadres-de-lit\/lits-et-cadres-de-lit\/tetes-et-dosserets-de-lit.html\">t\u00eates de lit<\/a><\/strong> scandinaves ou encore des <strong><a href=\"https:\/\/www.avenue-literie.com\/sommiers\/sommiers-deco.html\">sommiers designs<\/a><\/strong>. <\/p>\n\n\n\n<p>Vous partez en vacances cet \u00e9t\u00e9 ? Pas de soucis, nous avons aussi de quoi vous aider pour rendre votre s\u00e9jour parfait ! Pour le trajet jusqu&rsquo;\u00e0 votre destination de r\u00eave emportez un <strong><a href=\"https:\/\/www.avenue-literie.com\/oreiller-biotex-memovoyage-50x30.html\">oreiller de voyage<\/a><\/strong>, ainsi vous pourrez profitez d\u00e8s l&rsquo;arriv\u00e9e ! Vous ne serez pas cass\u00e9 par le voyage ! <\/p>\n\n\n\n<p>Et n&rsquo;oubliez pas la petite <strong><a href=\"https:\/\/www.avenue-literie.com\/couettes\/couette_legere.html\">couette \u00e9t\u00e9 <\/a><\/strong>pour les nuits un peu plus fra\u00eeche, \u00e7a serait dommage d&rsquo;attraper froid pendant votre s\u00e9jour\u2026 <\/p>\n\n\n\n<figure class=\"wp-block-gallery aligncenter columns-1 is-cropped wp-block-gallery-1 is-layout-flex wp-block-gallery-is-layout-flex\"><ul class=\"blocks-gallery-grid\"><li class=\"blocks-gallery-item\"><figure><img decoding=\"async\" width=\"900\" height=\"300\" src=\"https:\/\/www.avenue-literie.com\/blog\/wp-content\/uploads\/2021\/06\/plage-lit-.png\" alt=\"\" data-id=\"1404\" data-full-url=\"https:\/\/www.avenue-literie.com\/blog\/wp-content\/uploads\/2021\/06\/plage-lit-.png\" data-link=\"https:\/\/www.avenue-literie.com\/blog\/?attachment_id=1404\" class=\"wp-image-1404\" srcset=\"https:\/\/www.avenue-literie.com\/blog\/wp-content\/uploads\/2021\/06\/plage-lit-.png 900w, https:\/\/www.avenue-literie.com\/blog\/wp-content\/uploads\/2021\/06\/plage-lit--300x100.png 300w, https:\/\/www.avenue-literie.com\/blog\/wp-content\/uploads\/2021\/06\/plage-lit--768x256.png 768w\" sizes=\"(max-width: 767px) 89vw, (max-width: 1000px) 54vw, (max-width: 1071px) 543px, 580px\" \/><\/figure><\/li><\/ul><figcaption class=\"blocks-gallery-caption\"><a href=\"https:\/\/www.avenue-literie.com\/soldes-ete-2021.html\">Des nuits de r\u00eaves pour les vacances avec Avenue Literie<\/a><\/figcaption><\/figure>\n\n\n\n<p><\/p>\n\n\n\n<p>Nous tenions \u00e9galement \u00e0 nous adresser aux propri\u00e9taires des logements Air B and B&#8230;<\/p>\n\n\n\n<p>Vous n&rsquo;aimeriez pas obtenir de mauvais avis simplement \u00e0 cause de la literie de votre logement ? Pourtant sachez que la literie peut vous g\u00e2cher vos nuits pendant les vacances, alors offrez du confort \u00e0 vos h\u00f4tes ! Profitez vous aussi de nos Soldes sur les <strong><a href=\"https:\/\/www.avenue-literie.com\/soldes-ensembles-literie-matelas-sommier.html\">ensembles literie<\/a><\/strong>, le<strong><a href=\"https:\/\/www.avenue-literie.com\/soldes-linge-de-lit.html\"> linge de lit<\/a><\/strong>, les <strong><a href=\"https:\/\/www.avenue-literie.com\/soldes-oreillers.html\">Oreillers<\/a><\/strong>, etc&#8230; De quoi \u00eatre parfaitement \u00e9quip\u00e9 pour les vacances ! <\/p>\n\n\n\n<p>Vous pouvez \u00eatre livr\u00e9 rapidement et sachez que <strong><a href=\"https:\/\/www.avenue-literie.com\/livraison.html\">la livraison est gratuite<\/a><\/strong> en France m\u00e9tropolitaine et vous pouvez r\u00e9gl\u00e9 jusqu&rsquo;\u00e0 4 fois sans frais avec Alma ! <\/p>\n\n\n\n<p>Que ce soit chez vous ou dans votre logement pour vos vacances choisissez le meilleur pour votre sommeil. Avenue Literie vous propose des services et des produits de qualit\u00e9 \u00e0 prix sold\u00e9s !<\/p>\n\n\n\n<p>A la rentr\u00e9e vous ne pourrez plus dire que vous \u00eates fatigu\u00e9s !<\/p>\n\n\n\n<p>Nous vous souhaitons d&rsquo;agr\u00e9ables Vacances d&rsquo;\u00e9t\u00e9 2021 et bon shopping sur <strong><a href=\"https:\/\/www.avenue-literie.com\/\">www.avenue-literie.com<\/a><\/strong> pour les Soldes d&rsquo;\u00e9t\u00e9 ! <\/p>\n\n\n\n<p>A tr\u00e8s bient\u00f4t.<\/p>\n\n\n\n<figure class=\"wp-block-image size-large is-resized\"><a href=\"https:\/\/www.avenue-literie.com\/\"><img decoding=\"async\" src=\"https:\/\/www.avenue-literie.com\/blog\/wp-content\/uploads\/2021\/02\/L\u00e9quipe-Avenue-Literie-2.png\" alt=\"\" class=\"wp-image-1259\" width=\"188\" height=\"188\" srcset=\"https:\/\/www.avenue-literie.com\/blog\/wp-content\/uploads\/2021\/02\/L\u00e9quipe-Avenue-Literie-2.png 500w, https:\/\/www.avenue-literie.com\/blog\/wp-content\/uploads\/2021\/02\/L\u00e9quipe-Avenue-Literie-2-300x300.png 300w, https:\/\/www.avenue-literie.com\/blog\/wp-content\/uploads\/2021\/02\/L\u00e9quipe-Avenue-Literie-2-150x150.png 150w, https:\/\/www.avenue-literie.com\/blog\/wp-content\/uploads\/2021\/02\/L\u00e9quipe-Avenue-Literie-2-100x100.png 100w\" sizes=\"(max-width: 188px) 100vw, 188px\" \/><\/a><\/figure>\n","protected":false},"excerpt":{"rendered":"<p>C&rsquo;est parti pour les soldes 2021 chez Avenue Literie et \u00e7a tombe bien car c&rsquo;est bient\u00f4t les vacances ! Parce que de bonnes nuits c&rsquo;est des vacances r\u00e9ussies, profitez des Soldes pour choisir une bonne literie et passez des nuits r\u00e9paratrices pendant vos vacances ! Profitez de nos prix r\u00e9duits pendant les soldes, du 30 &hellip; <\/p>\n<p class=\"link-more\"><a href=\"https:\/\/www.avenue-literie.com\/blog\/2021\/06\/30\/que-les-soldes-dete-2021-commencent\/\" class=\"more-link\">Continuer la lecture<span class=\"screen-reader-text\"> de &laquo;&nbsp;QUE LES SOLDES D&rsquo;\u00c9T\u00c9 2021 COMMENCENT !&nbsp;&raquo;<\/span><\/a><\/p>\n","protected":false},"author":2,"featured_media":1698,"comment_status":"closed","ping_status":"closed","sticky":true,"template":"","format":"standard","meta":{"footnotes":""},"categories":[1],"tags":[],"class_list":["post-1388","post","type-post","status-publish","format-standard","has-post-thumbnail","hentry","category-actualites-literie"],"yoast_head":"<!-- This site is optimized with the Yoast SEO plugin v27.4 - https:\/\/yoast.com\/product\/yoast-seo-wordpress\/ -->\n<title>QUE LES SOLDES D&#039;\u00c9T\u00c9 2021 COMMENCENT ! - Le Blog Avenue Literie<\/title>\n<meta name=\"robots\" content=\"index, follow, max-snippet:-1, max-image-preview:large, max-video-preview:-1\" \/>\n<link rel=\"canonical\" href=\"https:\/\/www.avenue-literie.com\/blog\/2021\/06\/30\/que-les-soldes-dete-2021-commencent\/\" \/>\n<meta property=\"og:locale\" content=\"fr_FR\" \/>\n<meta property=\"og:type\" content=\"article\" \/>\n<meta property=\"og:title\" content=\"QUE LES SOLDES D&#039;\u00c9T\u00c9 2021 COMMENCENT ! - Le Blog Avenue Literie\" \/>\n<meta property=\"og:description\" content=\"C&rsquo;est parti pour les soldes 2021 chez Avenue Literie et \u00e7a tombe bien car c&rsquo;est bient\u00f4t les vacances ! Parce que de bonnes nuits c&rsquo;est des vacances r\u00e9ussies, profitez des Soldes pour choisir une bonne literie et passez des nuits r\u00e9paratrices pendant vos vacances ! Profitez de nos prix r\u00e9duits pendant les soldes, du 30 &hellip; Continuer la lecture de &laquo;&nbsp;QUE LES SOLDES D&rsquo;\u00c9T\u00c9 2021 COMMENCENT !&nbsp;&raquo;\" \/>\n<meta property=\"og:url\" content=\"https:\/\/www.avenue-literie.com\/blog\/2021\/06\/30\/que-les-soldes-dete-2021-commencent\/\" \/>\n<meta property=\"og:site_name\" content=\"Le Blog Avenue Literie\" \/>\n<meta property=\"article:publisher\" content=\"https:\/\/www.facebook.com\/AvenueLiterieTroyes\/\" \/>\n<meta property=\"article:published_time\" content=\"2021-06-30T08:00:00+00:00\" \/>\n<meta property=\"article:modified_time\" content=\"2022-04-04T14:12:11+00:00\" \/>\n<meta property=\"og:image\" content=\"https:\/\/www.avenue-literie.com\/blog\/wp-content\/uploads\/2021\/06\/AvenueLiterie-SoldesEte-960x350px-1-1024x374-1.jpg\" \/>\n\t<meta property=\"og:image:width\" content=\"1024\" \/>\n\t<meta property=\"og:image:height\" content=\"374\" \/>\n\t<meta property=\"og:image:type\" content=\"image\/jpeg\" \/>\n<meta name=\"author\" content=\"J\u00e9r\u00f4me\" \/>\n<meta name=\"twitter:card\" content=\"summary_large_image\" \/>\n<meta name=\"twitter:creator\" content=\"@avenue_literie\" \/>\n<meta name=\"twitter:site\" content=\"@avenue_literie\" \/>\n<meta name=\"twitter:label1\" content=\"\u00c9crit par\" \/>\n\t<meta name=\"twitter:data1\" content=\"J\u00e9r\u00f4me\" \/>\n\t<meta name=\"twitter:label2\" content=\"Dur\u00e9e de lecture estim\u00e9e\" \/>\n\t<meta name=\"twitter:data2\" content=\"3 minutes\" \/>\n<script type=\"application\/ld+json\" class=\"yoast-schema-graph\">{\"@context\":\"https:\\\/\\\/schema.org\",\"@graph\":[{\"@type\":\"Article\",\"@id\":\"https:\\\/\\\/www.avenue-literie.com\\\/blog\\\/2021\\\/06\\\/30\\\/que-les-soldes-dete-2021-commencent\\\/#article\",\"isPartOf\":{\"@id\":\"https:\\\/\\\/www.avenue-literie.com\\\/blog\\\/2021\\\/06\\\/30\\\/que-les-soldes-dete-2021-commencent\\\/\"},\"author\":{\"name\":\"J\u00e9r\u00f4me\",\"@id\":\"https:\\\/\\\/www.avenue-literie.com\\\/blog\\\/#\\\/schema\\\/person\\\/add6301bb28276c53d992ec5ef2f17ae\"},\"headline\":\"QUE LES SOLDES D&rsquo;\u00c9T\u00c9 2021 COMMENCENT !\",\"datePublished\":\"2021-06-30T08:00:00+00:00\",\"dateModified\":\"2022-04-04T14:12:11+00:00\",\"mainEntityOfPage\":{\"@id\":\"https:\\\/\\\/www.avenue-literie.com\\\/blog\\\/2021\\\/06\\\/30\\\/que-les-soldes-dete-2021-commencent\\\/\"},\"wordCount\":403,\"publisher\":{\"@id\":\"https:\\\/\\\/www.avenue-literie.com\\\/blog\\\/#organization\"},\"image\":{\"@id\":\"https:\\\/\\\/www.avenue-literie.com\\\/blog\\\/2021\\\/06\\\/30\\\/que-les-soldes-dete-2021-commencent\\\/#primaryimage\"},\"thumbnailUrl\":\"https:\\\/\\\/www.avenue-literie.com\\\/blog\\\/wp-content\\\/uploads\\\/2021\\\/06\\\/AvenueLiterie-SoldesEte-960x350px-1-1024x374-1.jpg\",\"articleSection\":[\"Actualit\u00e9s\"],\"inLanguage\":\"fr-FR\"},{\"@type\":\"WebPage\",\"@id\":\"https:\\\/\\\/www.avenue-literie.com\\\/blog\\\/2021\\\/06\\\/30\\\/que-les-soldes-dete-2021-commencent\\\/\",\"url\":\"https:\\\/\\\/www.avenue-literie.com\\\/blog\\\/2021\\\/06\\\/30\\\/que-les-soldes-dete-2021-commencent\\\/\",\"name\":\"QUE LES SOLDES D'\u00c9T\u00c9 2021 COMMENCENT ! - Le Blog Avenue Literie\",\"isPartOf\":{\"@id\":\"https:\\\/\\\/www.avenue-literie.com\\\/blog\\\/#website\"},\"primaryImageOfPage\":{\"@id\":\"https:\\\/\\\/www.avenue-literie.com\\\/blog\\\/2021\\\/06\\\/30\\\/que-les-soldes-dete-2021-commencent\\\/#primaryimage\"},\"image\":{\"@id\":\"https:\\\/\\\/www.avenue-literie.com\\\/blog\\\/2021\\\/06\\\/30\\\/que-les-soldes-dete-2021-commencent\\\/#primaryimage\"},\"thumbnailUrl\":\"https:\\\/\\\/www.avenue-literie.com\\\/blog\\\/wp-content\\\/uploads\\\/2021\\\/06\\\/AvenueLiterie-SoldesEte-960x350px-1-1024x374-1.jpg\",\"datePublished\":\"2021-06-30T08:00:00+00:00\",\"dateModified\":\"2022-04-04T14:12:11+00:00\",\"breadcrumb\":{\"@id\":\"https:\\\/\\\/www.avenue-literie.com\\\/blog\\\/2021\\\/06\\\/30\\\/que-les-soldes-dete-2021-commencent\\\/#breadcrumb\"},\"inLanguage\":\"fr-FR\",\"potentialAction\":[{\"@type\":\"ReadAction\",\"target\":[\"https:\\\/\\\/www.avenue-literie.com\\\/blog\\\/2021\\\/06\\\/30\\\/que-les-soldes-dete-2021-commencent\\\/\"]}]},{\"@type\":\"ImageObject\",\"inLanguage\":\"fr-FR\",\"@id\":\"https:\\\/\\\/www.avenue-literie.com\\\/blog\\\/2021\\\/06\\\/30\\\/que-les-soldes-dete-2021-commencent\\\/#primaryimage\",\"url\":\"https:\\\/\\\/www.avenue-literie.com\\\/blog\\\/wp-content\\\/uploads\\\/2021\\\/06\\\/AvenueLiterie-SoldesEte-960x350px-1-1024x374-1.jpg\",\"contentUrl\":\"https:\\\/\\\/www.avenue-literie.com\\\/blog\\\/wp-content\\\/uploads\\\/2021\\\/06\\\/AvenueLiterie-SoldesEte-960x350px-1-1024x374-1.jpg\",\"width\":1024,\"height\":374},{\"@type\":\"BreadcrumbList\",\"@id\":\"https:\\\/\\\/www.avenue-literie.com\\\/blog\\\/2021\\\/06\\\/30\\\/que-les-soldes-dete-2021-commencent\\\/#breadcrumb\",\"itemListElement\":[{\"@type\":\"ListItem\",\"position\":1,\"name\":\"Home\",\"item\":\"https:\\\/\\\/www.avenue-literie.com\\\/blog\\\/\"},{\"@type\":\"ListItem\",\"position\":2,\"name\":\"Actualit\u00e9s\",\"item\":\"https:\\\/\\\/www.avenue-literie.com\\\/blog\\\/category\\\/actualites-literie\\\/\"},{\"@type\":\"ListItem\",\"position\":3,\"name\":\"QUE LES SOLDES D&#8217;\u00c9T\u00c9 2021 COMMENCENT !\"}]},{\"@type\":\"WebSite\",\"@id\":\"https:\\\/\\\/www.avenue-literie.com\\\/blog\\\/#website\",\"url\":\"https:\\\/\\\/www.avenue-literie.com\\\/blog\\\/\",\"name\":\"Le Blog Avenue Literie\",\"description\":\"Le blog du conseil en literie\",\"publisher\":{\"@id\":\"https:\\\/\\\/www.avenue-literie.com\\\/blog\\\/#organization\"},\"potentialAction\":[{\"@type\":\"SearchAction\",\"target\":{\"@type\":\"EntryPoint\",\"urlTemplate\":\"https:\\\/\\\/www.avenue-literie.com\\\/blog\\\/?s={search_term_string}\"},\"query-input\":{\"@type\":\"PropertyValueSpecification\",\"valueRequired\":true,\"valueName\":\"search_term_string\"}}],\"inLanguage\":\"fr-FR\"},{\"@type\":\"Organization\",\"@id\":\"https:\\\/\\\/www.avenue-literie.com\\\/blog\\\/#organization\",\"name\":\"Le blog Avenue Literie\",\"alternateName\":\"Le blog Avenue Literie\",\"url\":\"https:\\\/\\\/www.avenue-literie.com\\\/blog\\\/\",\"logo\":{\"@type\":\"ImageObject\",\"inLanguage\":\"fr-FR\",\"@id\":\"https:\\\/\\\/www.avenue-literie.com\\\/blog\\\/#\\\/schema\\\/logo\\\/image\\\/\",\"url\":\"https:\\\/\\\/www.avenue-literie.com\\\/blog\\\/wp-content\\\/uploads\\\/2022\\\/04\\\/cropped-Gros-logo-avenue-literie-sans-arriere-fond-blanc.png\",\"contentUrl\":\"https:\\\/\\\/www.avenue-literie.com\\\/blog\\\/wp-content\\\/uploads\\\/2022\\\/04\\\/cropped-Gros-logo-avenue-literie-sans-arriere-fond-blanc.png\",\"width\":1479,\"height\":250,\"caption\":\"Le blog Avenue Literie\"},\"image\":{\"@id\":\"https:\\\/\\\/www.avenue-literie.com\\\/blog\\\/#\\\/schema\\\/logo\\\/image\\\/\"},\"sameAs\":[\"https:\\\/\\\/www.facebook.com\\\/AvenueLiterieTroyes\\\/\",\"https:\\\/\\\/x.com\\\/avenue_literie\",\"https:\\\/\\\/www.instagram.com\\\/avenueliterie\\\/\",\"https:\\\/\\\/www.pinterest.fr\\\/avenueliterie\\\/\"]},{\"@type\":\"Person\",\"@id\":\"https:\\\/\\\/www.avenue-literie.com\\\/blog\\\/#\\\/schema\\\/person\\\/add6301bb28276c53d992ec5ef2f17ae\",\"name\":\"J\u00e9r\u00f4me\",\"image\":{\"@type\":\"ImageObject\",\"inLanguage\":\"fr-FR\",\"@id\":\"https:\\\/\\\/secure.gravatar.com\\\/avatar\\\/2e39bb7b624068c575f434373fc1440c1bd421d6e1bdd21a14a529cbff8f1fed?s=96&d=mm&r=g\",\"url\":\"https:\\\/\\\/secure.gravatar.com\\\/avatar\\\/2e39bb7b624068c575f434373fc1440c1bd421d6e1bdd21a14a529cbff8f1fed?s=96&d=mm&r=g\",\"contentUrl\":\"https:\\\/\\\/secure.gravatar.com\\\/avatar\\\/2e39bb7b624068c575f434373fc1440c1bd421d6e1bdd21a14a529cbff8f1fed?s=96&d=mm&r=g\",\"caption\":\"J\u00e9r\u00f4me\"},\"url\":\"https:\\\/\\\/www.avenue-literie.com\\\/blog\\\/author\\\/jerome\\\/\"}]}<\/script>\n<!-- \/ Yoast SEO plugin. -->","yoast_head_json":{"title":"QUE LES SOLDES D'\u00c9T\u00c9 2021 COMMENCENT ! - Le Blog Avenue Literie","robots":{"index":"index","follow":"follow","max-snippet":"max-snippet:-1","max-image-preview":"max-image-preview:large","max-video-preview":"max-video-preview:-1"},"canonical":"https:\/\/www.avenue-literie.com\/blog\/2021\/06\/30\/que-les-soldes-dete-2021-commencent\/","og_locale":"fr_FR","og_type":"article","og_title":"QUE LES SOLDES D'\u00c9T\u00c9 2021 COMMENCENT ! - Le Blog Avenue Literie","og_description":"C&rsquo;est parti pour les soldes 2021 chez Avenue Literie et \u00e7a tombe bien car c&rsquo;est bient\u00f4t les vacances ! Parce que de bonnes nuits c&rsquo;est des vacances r\u00e9ussies, profitez des Soldes pour choisir une bonne literie et passez des nuits r\u00e9paratrices pendant vos vacances ! Profitez de nos prix r\u00e9duits pendant les soldes, du 30 &hellip; Continuer la lecture de &laquo;&nbsp;QUE LES SOLDES D&rsquo;\u00c9T\u00c9 2021 COMMENCENT !&nbsp;&raquo;","og_url":"https:\/\/www.avenue-literie.com\/blog\/2021\/06\/30\/que-les-soldes-dete-2021-commencent\/","og_site_name":"Le Blog Avenue Literie","article_publisher":"https:\/\/www.facebook.com\/AvenueLiterieTroyes\/","article_published_time":"2021-06-30T08:00:00+00:00","article_modified_time":"2022-04-04T14:12:11+00:00","og_image":[{"width":1024,"height":374,"url":"https:\/\/www.avenue-literie.com\/blog\/wp-content\/uploads\/2021\/06\/AvenueLiterie-SoldesEte-960x350px-1-1024x374-1.jpg","type":"image\/jpeg"}],"author":"J\u00e9r\u00f4me","twitter_card":"summary_large_image","twitter_creator":"@avenue_literie","twitter_site":"@avenue_literie","twitter_misc":{"\u00c9crit par":"J\u00e9r\u00f4me","Dur\u00e9e de lecture estim\u00e9e":"3 minutes"},"schema":{"@context":"https:\/\/schema.org","@graph":[{"@type":"Article","@id":"https:\/\/www.avenue-literie.com\/blog\/2021\/06\/30\/que-les-soldes-dete-2021-commencent\/#article","isPartOf":{"@id":"https:\/\/www.avenue-literie.com\/blog\/2021\/06\/30\/que-les-soldes-dete-2021-commencent\/"},"author":{"name":"J\u00e9r\u00f4me","@id":"https:\/\/www.avenue-literie.com\/blog\/#\/schema\/person\/add6301bb28276c53d992ec5ef2f17ae"},"headline":"QUE LES SOLDES D&rsquo;\u00c9T\u00c9 2021 COMMENCENT !","datePublished":"2021-06-30T08:00:00+00:00","dateModified":"2022-04-04T14:12:11+00:00","mainEntityOfPage":{"@id":"https:\/\/www.avenue-literie.com\/blog\/2021\/06\/30\/que-les-soldes-dete-2021-commencent\/"},"wordCount":403,"publisher":{"@id":"https:\/\/www.avenue-literie.com\/blog\/#organization"},"image":{"@id":"https:\/\/www.avenue-literie.com\/blog\/2021\/06\/30\/que-les-soldes-dete-2021-commencent\/#primaryimage"},"thumbnailUrl":"https:\/\/www.avenue-literie.com\/blog\/wp-content\/uploads\/2021\/06\/AvenueLiterie-SoldesEte-960x350px-1-1024x374-1.jpg","articleSection":["Actualit\u00e9s"],"inLanguage":"fr-FR"},{"@type":"WebPage","@id":"https:\/\/www.avenue-literie.com\/blog\/2021\/06\/30\/que-les-soldes-dete-2021-commencent\/","url":"https:\/\/www.avenue-literie.com\/blog\/2021\/06\/30\/que-les-soldes-dete-2021-commencent\/","name":"QUE LES SOLDES D'\u00c9T\u00c9 2021 COMMENCENT ! - Le Blog Avenue Literie","isPartOf":{"@id":"https:\/\/www.avenue-literie.com\/blog\/#website"},"primaryImageOfPage":{"@id":"https:\/\/www.avenue-literie.com\/blog\/2021\/06\/30\/que-les-soldes-dete-2021-commencent\/#primaryimage"},"image":{"@id":"https:\/\/www.avenue-literie.com\/blog\/2021\/06\/30\/que-les-soldes-dete-2021-commencent\/#primaryimage"},"thumbnailUrl":"https:\/\/www.avenue-literie.com\/blog\/wp-content\/uploads\/2021\/06\/AvenueLiterie-SoldesEte-960x350px-1-1024x374-1.jpg","datePublished":"2021-06-30T08:00:00+00:00","dateModified":"2022-04-04T14:12:11+00:00","breadcrumb":{"@id":"https:\/\/www.avenue-literie.com\/blog\/2021\/06\/30\/que-les-soldes-dete-2021-commencent\/#breadcrumb"},"inLanguage":"fr-FR","potentialAction":[{"@type":"ReadAction","target":["https:\/\/www.avenue-literie.com\/blog\/2021\/06\/30\/que-les-soldes-dete-2021-commencent\/"]}]},{"@type":"ImageObject","inLanguage":"fr-FR","@id":"https:\/\/www.avenue-literie.com\/blog\/2021\/06\/30\/que-les-soldes-dete-2021-commencent\/#primaryimage","url":"https:\/\/www.avenue-literie.com\/blog\/wp-content\/uploads\/2021\/06\/AvenueLiterie-SoldesEte-960x350px-1-1024x374-1.jpg","contentUrl":"https:\/\/www.avenue-literie.com\/blog\/wp-content\/uploads\/2021\/06\/AvenueLiterie-SoldesEte-960x350px-1-1024x374-1.jpg","width":1024,"height":374},{"@type":"BreadcrumbList","@id":"https:\/\/www.avenue-literie.com\/blog\/2021\/06\/30\/que-les-soldes-dete-2021-commencent\/#breadcrumb","itemListElement":[{"@type":"ListItem","position":1,"name":"Home","item":"https:\/\/www.avenue-literie.com\/blog\/"},{"@type":"ListItem","position":2,"name":"Actualit\u00e9s","item":"https:\/\/www.avenue-literie.com\/blog\/category\/actualites-literie\/"},{"@type":"ListItem","position":3,"name":"QUE LES SOLDES D&#8217;\u00c9T\u00c9 2021 COMMENCENT !"}]},{"@type":"WebSite","@id":"https:\/\/www.avenue-literie.com\/blog\/#website","url":"https:\/\/www.avenue-literie.com\/blog\/","name":"Le Blog Avenue Literie","description":"Le blog du conseil en literie","publisher":{"@id":"https:\/\/www.avenue-literie.com\/blog\/#organization"},"potentialAction":[{"@type":"SearchAction","target":{"@type":"EntryPoint","urlTemplate":"https:\/\/www.avenue-literie.com\/blog\/?s={search_term_string}"},"query-input":{"@type":"PropertyValueSpecification","valueRequired":true,"valueName":"search_term_string"}}],"inLanguage":"fr-FR"},{"@type":"Organization","@id":"https:\/\/www.avenue-literie.com\/blog\/#organization","name":"Le blog Avenue Literie","alternateName":"Le blog Avenue Literie","url":"https:\/\/www.avenue-literie.com\/blog\/","logo":{"@type":"ImageObject","inLanguage":"fr-FR","@id":"https:\/\/www.avenue-literie.com\/blog\/#\/schema\/logo\/image\/","url":"https:\/\/www.avenue-literie.com\/blog\/wp-content\/uploads\/2022\/04\/cropped-Gros-logo-avenue-literie-sans-arriere-fond-blanc.png","contentUrl":"https:\/\/www.avenue-literie.com\/blog\/wp-content\/uploads\/2022\/04\/cropped-Gros-logo-avenue-literie-sans-arriere-fond-blanc.png","width":1479,"height":250,"caption":"Le blog Avenue Literie"},"image":{"@id":"https:\/\/www.avenue-literie.com\/blog\/#\/schema\/logo\/image\/"},"sameAs":["https:\/\/www.facebook.com\/AvenueLiterieTroyes\/","https:\/\/x.com\/avenue_literie","https:\/\/www.instagram.com\/avenueliterie\/","https:\/\/www.pinterest.fr\/avenueliterie\/"]},{"@type":"Person","@id":"https:\/\/www.avenue-literie.com\/blog\/#\/schema\/person\/add6301bb28276c53d992ec5ef2f17ae","name":"J\u00e9r\u00f4me","image":{"@type":"ImageObject","inLanguage":"fr-FR","@id":"https:\/\/secure.gravatar.com\/avatar\/2e39bb7b624068c575f434373fc1440c1bd421d6e1bdd21a14a529cbff8f1fed?s=96&d=mm&r=g","url":"https:\/\/secure.gravatar.com\/avatar\/2e39bb7b624068c575f434373fc1440c1bd421d6e1bdd21a14a529cbff8f1fed?s=96&d=mm&r=g","contentUrl":"https:\/\/secure.gravatar.com\/avatar\/2e39bb7b624068c575f434373fc1440c1bd421d6e1bdd21a14a529cbff8f1fed?s=96&d=mm&r=g","caption":"J\u00e9r\u00f4me"},"url":"https:\/\/www.avenue-literie.com\/blog\/author\/jerome\/"}]}},"_links":{"self":[{"href":"https:\/\/www.avenue-literie.com\/blog\/wp-json\/wp\/v2\/posts\/1388","targetHints":{"allow":["GET"]}}],"collection":[{"href":"https:\/\/www.avenue-literie.com\/blog\/wp-json\/wp\/v2\/posts"}],"about":[{"href":"https:\/\/www.avenue-literie.com\/blog\/wp-json\/wp\/v2\/types\/post"}],"author":[{"embeddable":true,"href":"https:\/\/www.avenue-literie.com\/blog\/wp-json\/wp\/v2\/users\/2"}],"replies":[{"embeddable":true,"href":"https:\/\/www.avenue-literie.com\/blog\/wp-json\/wp\/v2\/comments?post=1388"}],"version-history":[{"count":15,"href":"https:\/\/www.avenue-literie.com\/blog\/wp-json\/wp\/v2\/posts\/1388\/revisions"}],"predecessor-version":[{"id":1412,"href":"https:\/\/www.avenue-literie.com\/blog\/wp-json\/wp\/v2\/posts\/1388\/revisions\/1412"}],"wp:featuredmedia":[{"embeddable":true,"href":"https:\/\/www.avenue-literie.com\/blog\/wp-json\/wp\/v2\/media\/1698"}],"wp:attachment":[{"href":"https:\/\/www.avenue-literie.com\/blog\/wp-json\/wp\/v2\/media?parent=1388"}],"wp:term":[{"taxonomy":"category","embeddable":true,"href":"https:\/\/www.avenue-literie.com\/blog\/wp-json\/wp\/v2\/categories?post=1388"},{"taxonomy":"post_tag","embeddable":true,"href":"https:\/\/www.avenue-literie.com\/blog\/wp-json\/wp\/v2\/tags?post=1388"}],"curies":[{"name":"wp","href":"https:\/\/api.w.org\/{rel}","templated":true}]}}