{"id":1424,"date":"2021-08-18T13:46:27","date_gmt":"2021-08-18T13:46:27","guid":{"rendered":"https:\/\/www.avenue-literie.com\/blog\/?p=1424"},"modified":"2022-03-24T15:10:29","modified_gmt":"2022-03-24T15:10:29","slug":"lensemble-literie-a-petit-prix-pour-le-respect-du-budget-des-etudiants","status":"publish","type":"post","link":"https:\/\/www.avenue-literie.com\/blog\/2021\/08\/18\/lensemble-literie-a-petit-prix-pour-le-respect-du-budget-des-etudiants\/","title":{"rendered":"L\u2019ensemble literie \u00e0 petit prix pour le respect du budget des \u00e9tudiants"},"content":{"rendered":"\n<figure class=\"wp-block-image size-large\"><a href=\"https:\/\/www.avenue-literie.com\/ensemble-mia-140x190.html\"><img decoding=\"async\" width=\"599\" height=\"900\" src=\"https:\/\/www.avenue-literie.com\/blog\/wp-content\/uploads\/2021\/08\/matelas-etudiant-pas-cher.jpg\" alt=\"\" class=\"wp-image-1427\" srcset=\"https:\/\/www.avenue-literie.com\/blog\/wp-content\/uploads\/2021\/08\/matelas-etudiant-pas-cher.jpg 599w, https:\/\/www.avenue-literie.com\/blog\/wp-content\/uploads\/2021\/08\/matelas-etudiant-pas-cher-200x300.jpg 200w\" sizes=\"(max-width: 599px) 100vw, 599px\" \/><\/a><figcaption>Y a pas ma chambre je l&rsquo;adore ! <\/figcaption><\/figure>\n\n\n\n<p>Cette ann\u00e9e encore plus particuli\u00e8re avec la crise sanitaire et avec une ann\u00e9e scolaire en distanciel votre literie aura une grande importance. Votre matelas va servir de bureau, votre matelas va servir de salle \u00e0 manger, bref on a compris que votre matelas est essentiel ! <\/p>\n\n\n\n<p>L\u2019essentiel avant tout est<a href=\"https:\/\/www.avenue-literie.com\/ensemble-mia-140x190.html\"> le confort du matelas Mia<\/a>. Matelas fabriqu\u00e9 en France par la marque PLS  \u00e0 Limoges appartenant au groupe COFEL.<\/p>\n\n\n\n<p>Le matelas d\u2019une fabrication fran\u00e7aise nous garantit qu&rsquo;\u00e0 l&rsquo;int\u00e9rieur du matelas il n&rsquo;y a pas de substance nocive pour la sant\u00e9. Votre sant\u00e9 est tr\u00e8s importante et on sait aujourd&rsquo;hui que le sommeil \u00e0 toute son importance pour bien commencer ces cours \u00e0 l&rsquo;\u00e9cole ou \u00e0 la fac.<\/p>\n\n\n\n<p>Bien dormir , c&rsquo;est bien \u00e9tudi\u00e9 ! <\/p>\n\n\n\n<figure class=\"wp-block-image size-large\"><img decoding=\"async\" width=\"900\" height=\"505\" src=\"https:\/\/www.avenue-literie.com\/blog\/wp-content\/uploads\/2021\/08\/etudiant-matelas.jpg\" alt=\"\" class=\"wp-image-1430\" srcset=\"https:\/\/www.avenue-literie.com\/blog\/wp-content\/uploads\/2021\/08\/etudiant-matelas.jpg 900w, https:\/\/www.avenue-literie.com\/blog\/wp-content\/uploads\/2021\/08\/etudiant-matelas-300x168.jpg 300w, https:\/\/www.avenue-literie.com\/blog\/wp-content\/uploads\/2021\/08\/etudiant-matelas-768x431.jpg 768w\" sizes=\"(max-width: 767px) 89vw, (max-width: 1000px) 54vw, (max-width: 1071px) 543px, 580px\" \/><figcaption>Dormir pour mieux r\u00e9cup\u00e9rer <\/figcaption><\/figure>\n\n\n\n<p>Apr\u00e8s avoir trouv\u00e9 votre logement d&rsquo;\u00e9tudiant vous serez amen\u00e9 \u00e0 chercher une bonne literie pour votre ou vos ann\u00e9es d \u00e9tudes.<\/p>\n\n\n\n<p>Avec cette literie choisie comme <a href=\"https:\/\/www.avenue-literie.com\/ensemble-mia-140x190.html\">l&rsquo; Ensemble Literie Mia  2 personnes<\/a>,  vous pourrez la conserver , cette literie, m\u00eame apr\u00e8s vos \u00e9tudes.&nbsp;<\/p>\n\n\n\n<p>R\u00e9ussissez votre bonne ann\u00e9e scolaire ou universitaire avec une bonne literie.<\/p>\n","protected":false},"excerpt":{"rendered":"<p>Cette ann\u00e9e encore plus particuli\u00e8re avec la crise sanitaire et avec une ann\u00e9e scolaire en distanciel votre literie aura une grande importance. Votre matelas va servir de bureau, votre matelas va servir de salle \u00e0 manger, bref on a compris que votre matelas est essentiel ! L\u2019essentiel avant tout est le confort du matelas Mia. &hellip; <\/p>\n<p class=\"link-more\"><a href=\"https:\/\/www.avenue-literie.com\/blog\/2021\/08\/18\/lensemble-literie-a-petit-prix-pour-le-respect-du-budget-des-etudiants\/\" class=\"more-link\">Continuer la lecture<span class=\"screen-reader-text\"> de &laquo;&nbsp;L\u2019ensemble literie \u00e0 petit prix pour le respect du budget des \u00e9tudiants&nbsp;&raquo;<\/span><\/a><\/p>\n","protected":false},"author":2,"featured_media":1427,"comment_status":"closed","ping_status":"closed","sticky":true,"template":"","format":"standard","meta":{"footnotes":""},"categories":[1,49],"tags":[419,418,416,417],"class_list":["post-1424","post","type-post","status-publish","format-standard","has-post-thumbnail","hentry","category-actualites-literie","category-literie-etudiants","tag-matelas-pour-chambre-etudiant","tag-matelas-pour-etudes-superieurs","tag-matelas-pour-jeunes","tag-matelas-rentree-universitaire"],"yoast_head":"<!-- This site is optimized with the Yoast SEO plugin v27.4 - https:\/\/yoast.com\/product\/yoast-seo-wordpress\/ -->\n<title>L\u2019ensemble literie \u00e0 petit prix pour le respect du budget des \u00e9tudiants - Le Blog Avenue Literie<\/title>\n<meta name=\"robots\" content=\"index, follow, max-snippet:-1, max-image-preview:large, max-video-preview:-1\" \/>\n<link rel=\"canonical\" href=\"https:\/\/www.avenue-literie.com\/blog\/2021\/08\/18\/lensemble-literie-a-petit-prix-pour-le-respect-du-budget-des-etudiants\/\" \/>\n<meta property=\"og:locale\" content=\"fr_FR\" \/>\n<meta property=\"og:type\" content=\"article\" \/>\n<meta property=\"og:title\" content=\"L\u2019ensemble literie \u00e0 petit prix pour le respect du budget des \u00e9tudiants - Le Blog Avenue Literie\" \/>\n<meta property=\"og:description\" content=\"Cette ann\u00e9e encore plus particuli\u00e8re avec la crise sanitaire et avec une ann\u00e9e scolaire en distanciel votre literie aura une grande importance. Votre matelas va servir de bureau, votre matelas va servir de salle \u00e0 manger, bref on a compris que votre matelas est essentiel ! L\u2019essentiel avant tout est le confort du matelas Mia. &hellip; Continuer la lecture de &laquo;&nbsp;L\u2019ensemble literie \u00e0 petit prix pour le respect du budget des \u00e9tudiants&nbsp;&raquo;\" \/>\n<meta property=\"og:url\" content=\"https:\/\/www.avenue-literie.com\/blog\/2021\/08\/18\/lensemble-literie-a-petit-prix-pour-le-respect-du-budget-des-etudiants\/\" \/>\n<meta property=\"og:site_name\" content=\"Le Blog Avenue Literie\" \/>\n<meta property=\"article:publisher\" content=\"https:\/\/www.facebook.com\/AvenueLiterieTroyes\/\" \/>\n<meta property=\"article:published_time\" content=\"2021-08-18T13:46:27+00:00\" \/>\n<meta property=\"article:modified_time\" content=\"2022-03-24T15:10:29+00:00\" \/>\n<meta property=\"og:image\" content=\"https:\/\/www.avenue-literie.com\/blog\/wp-content\/uploads\/2021\/08\/matelas-etudiant-pas-cher.jpg\" \/>\n\t<meta property=\"og:image:width\" content=\"599\" \/>\n\t<meta property=\"og:image:height\" content=\"900\" \/>\n\t<meta property=\"og:image:type\" content=\"image\/jpeg\" \/>\n<meta name=\"author\" content=\"J\u00e9r\u00f4me\" \/>\n<meta name=\"twitter:card\" content=\"summary_large_image\" \/>\n<meta name=\"twitter:creator\" content=\"@avenue_literie\" \/>\n<meta name=\"twitter:site\" content=\"@avenue_literie\" \/>\n<meta name=\"twitter:label1\" content=\"\u00c9crit par\" \/>\n\t<meta name=\"twitter:data1\" content=\"J\u00e9r\u00f4me\" \/>\n\t<meta name=\"twitter:label2\" content=\"Dur\u00e9e de lecture estim\u00e9e\" \/>\n\t<meta name=\"twitter:data2\" content=\"2 minutes\" \/>\n<script type=\"application\/ld+json\" class=\"yoast-schema-graph\">{\"@context\":\"https:\\\/\\\/schema.org\",\"@graph\":[{\"@type\":\"Article\",\"@id\":\"https:\\\/\\\/www.avenue-literie.com\\\/blog\\\/2021\\\/08\\\/18\\\/lensemble-literie-a-petit-prix-pour-le-respect-du-budget-des-etudiants\\\/#article\",\"isPartOf\":{\"@id\":\"https:\\\/\\\/www.avenue-literie.com\\\/blog\\\/2021\\\/08\\\/18\\\/lensemble-literie-a-petit-prix-pour-le-respect-du-budget-des-etudiants\\\/\"},\"author\":{\"name\":\"J\u00e9r\u00f4me\",\"@id\":\"https:\\\/\\\/www.avenue-literie.com\\\/blog\\\/#\\\/schema\\\/person\\\/add6301bb28276c53d992ec5ef2f17ae\"},\"headline\":\"L\u2019ensemble literie \u00e0 petit prix pour le respect du budget des \u00e9tudiants\",\"datePublished\":\"2021-08-18T13:46:27+00:00\",\"dateModified\":\"2022-03-24T15:10:29+00:00\",\"mainEntityOfPage\":{\"@id\":\"https:\\\/\\\/www.avenue-literie.com\\\/blog\\\/2021\\\/08\\\/18\\\/lensemble-literie-a-petit-prix-pour-le-respect-du-budget-des-etudiants\\\/\"},\"wordCount\":209,\"publisher\":{\"@id\":\"https:\\\/\\\/www.avenue-literie.com\\\/blog\\\/#organization\"},\"image\":{\"@id\":\"https:\\\/\\\/www.avenue-literie.com\\\/blog\\\/2021\\\/08\\\/18\\\/lensemble-literie-a-petit-prix-pour-le-respect-du-budget-des-etudiants\\\/#primaryimage\"},\"thumbnailUrl\":\"https:\\\/\\\/www.avenue-literie.com\\\/blog\\\/wp-content\\\/uploads\\\/2021\\\/08\\\/matelas-etudiant-pas-cher.jpg\",\"keywords\":[\"Matelas pour chambre \u00e9tudiant\",\"matelas pour \u00e9tudes sup\u00e9rieurs\",\"matelas pour jeunes\",\"matelas rentr\u00e9e universitaire\"],\"articleSection\":[\"Actualit\u00e9s\",\"literie \u00e9tudiants\"],\"inLanguage\":\"fr-FR\"},{\"@type\":\"WebPage\",\"@id\":\"https:\\\/\\\/www.avenue-literie.com\\\/blog\\\/2021\\\/08\\\/18\\\/lensemble-literie-a-petit-prix-pour-le-respect-du-budget-des-etudiants\\\/\",\"url\":\"https:\\\/\\\/www.avenue-literie.com\\\/blog\\\/2021\\\/08\\\/18\\\/lensemble-literie-a-petit-prix-pour-le-respect-du-budget-des-etudiants\\\/\",\"name\":\"L\u2019ensemble literie \u00e0 petit prix pour le respect du budget des \u00e9tudiants - Le Blog Avenue Literie\",\"isPartOf\":{\"@id\":\"https:\\\/\\\/www.avenue-literie.com\\\/blog\\\/#website\"},\"primaryImageOfPage\":{\"@id\":\"https:\\\/\\\/www.avenue-literie.com\\\/blog\\\/2021\\\/08\\\/18\\\/lensemble-literie-a-petit-prix-pour-le-respect-du-budget-des-etudiants\\\/#primaryimage\"},\"image\":{\"@id\":\"https:\\\/\\\/www.avenue-literie.com\\\/blog\\\/2021\\\/08\\\/18\\\/lensemble-literie-a-petit-prix-pour-le-respect-du-budget-des-etudiants\\\/#primaryimage\"},\"thumbnailUrl\":\"https:\\\/\\\/www.avenue-literie.com\\\/blog\\\/wp-content\\\/uploads\\\/2021\\\/08\\\/matelas-etudiant-pas-cher.jpg\",\"datePublished\":\"2021-08-18T13:46:27+00:00\",\"dateModified\":\"2022-03-24T15:10:29+00:00\",\"breadcrumb\":{\"@id\":\"https:\\\/\\\/www.avenue-literie.com\\\/blog\\\/2021\\\/08\\\/18\\\/lensemble-literie-a-petit-prix-pour-le-respect-du-budget-des-etudiants\\\/#breadcrumb\"},\"inLanguage\":\"fr-FR\",\"potentialAction\":[{\"@type\":\"ReadAction\",\"target\":[\"https:\\\/\\\/www.avenue-literie.com\\\/blog\\\/2021\\\/08\\\/18\\\/lensemble-literie-a-petit-prix-pour-le-respect-du-budget-des-etudiants\\\/\"]}]},{\"@type\":\"ImageObject\",\"inLanguage\":\"fr-FR\",\"@id\":\"https:\\\/\\\/www.avenue-literie.com\\\/blog\\\/2021\\\/08\\\/18\\\/lensemble-literie-a-petit-prix-pour-le-respect-du-budget-des-etudiants\\\/#primaryimage\",\"url\":\"https:\\\/\\\/www.avenue-literie.com\\\/blog\\\/wp-content\\\/uploads\\\/2021\\\/08\\\/matelas-etudiant-pas-cher.jpg\",\"contentUrl\":\"https:\\\/\\\/www.avenue-literie.com\\\/blog\\\/wp-content\\\/uploads\\\/2021\\\/08\\\/matelas-etudiant-pas-cher.jpg\",\"width\":599,\"height\":900},{\"@type\":\"BreadcrumbList\",\"@id\":\"https:\\\/\\\/www.avenue-literie.com\\\/blog\\\/2021\\\/08\\\/18\\\/lensemble-literie-a-petit-prix-pour-le-respect-du-budget-des-etudiants\\\/#breadcrumb\",\"itemListElement\":[{\"@type\":\"ListItem\",\"position\":1,\"name\":\"Home\",\"item\":\"https:\\\/\\\/www.avenue-literie.com\\\/blog\\\/\"},{\"@type\":\"ListItem\",\"position\":2,\"name\":\"Actualit\u00e9s\",\"item\":\"https:\\\/\\\/www.avenue-literie.com\\\/blog\\\/category\\\/actualites-literie\\\/\"},{\"@type\":\"ListItem\",\"position\":3,\"name\":\"L\u2019ensemble literie \u00e0 petit prix pour le respect du budget des \u00e9tudiants\"}]},{\"@type\":\"WebSite\",\"@id\":\"https:\\\/\\\/www.avenue-literie.com\\\/blog\\\/#website\",\"url\":\"https:\\\/\\\/www.avenue-literie.com\\\/blog\\\/\",\"name\":\"Le Blog Avenue Literie\",\"description\":\"Le blog du conseil en literie\",\"publisher\":{\"@id\":\"https:\\\/\\\/www.avenue-literie.com\\\/blog\\\/#organization\"},\"potentialAction\":[{\"@type\":\"SearchAction\",\"target\":{\"@type\":\"EntryPoint\",\"urlTemplate\":\"https:\\\/\\\/www.avenue-literie.com\\\/blog\\\/?s={search_term_string}\"},\"query-input\":{\"@type\":\"PropertyValueSpecification\",\"valueRequired\":true,\"valueName\":\"search_term_string\"}}],\"inLanguage\":\"fr-FR\"},{\"@type\":\"Organization\",\"@id\":\"https:\\\/\\\/www.avenue-literie.com\\\/blog\\\/#organization\",\"name\":\"Le blog Avenue Literie\",\"alternateName\":\"Le blog Avenue Literie\",\"url\":\"https:\\\/\\\/www.avenue-literie.com\\\/blog\\\/\",\"logo\":{\"@type\":\"ImageObject\",\"inLanguage\":\"fr-FR\",\"@id\":\"https:\\\/\\\/www.avenue-literie.com\\\/blog\\\/#\\\/schema\\\/logo\\\/image\\\/\",\"url\":\"https:\\\/\\\/www.avenue-literie.com\\\/blog\\\/wp-content\\\/uploads\\\/2022\\\/04\\\/cropped-Gros-logo-avenue-literie-sans-arriere-fond-blanc.png\",\"contentUrl\":\"https:\\\/\\\/www.avenue-literie.com\\\/blog\\\/wp-content\\\/uploads\\\/2022\\\/04\\\/cropped-Gros-logo-avenue-literie-sans-arriere-fond-blanc.png\",\"width\":1479,\"height\":250,\"caption\":\"Le blog Avenue Literie\"},\"image\":{\"@id\":\"https:\\\/\\\/www.avenue-literie.com\\\/blog\\\/#\\\/schema\\\/logo\\\/image\\\/\"},\"sameAs\":[\"https:\\\/\\\/www.facebook.com\\\/AvenueLiterieTroyes\\\/\",\"https:\\\/\\\/x.com\\\/avenue_literie\",\"https:\\\/\\\/www.instagram.com\\\/avenueliterie\\\/\",\"https:\\\/\\\/www.pinterest.fr\\\/avenueliterie\\\/\"]},{\"@type\":\"Person\",\"@id\":\"https:\\\/\\\/www.avenue-literie.com\\\/blog\\\/#\\\/schema\\\/person\\\/add6301bb28276c53d992ec5ef2f17ae\",\"name\":\"J\u00e9r\u00f4me\",\"image\":{\"@type\":\"ImageObject\",\"inLanguage\":\"fr-FR\",\"@id\":\"https:\\\/\\\/secure.gravatar.com\\\/avatar\\\/2e39bb7b624068c575f434373fc1440c1bd421d6e1bdd21a14a529cbff8f1fed?s=96&d=mm&r=g\",\"url\":\"https:\\\/\\\/secure.gravatar.com\\\/avatar\\\/2e39bb7b624068c575f434373fc1440c1bd421d6e1bdd21a14a529cbff8f1fed?s=96&d=mm&r=g\",\"contentUrl\":\"https:\\\/\\\/secure.gravatar.com\\\/avatar\\\/2e39bb7b624068c575f434373fc1440c1bd421d6e1bdd21a14a529cbff8f1fed?s=96&d=mm&r=g\",\"caption\":\"J\u00e9r\u00f4me\"},\"url\":\"https:\\\/\\\/www.avenue-literie.com\\\/blog\\\/author\\\/jerome\\\/\"}]}<\/script>\n<!-- \/ Yoast SEO plugin. -->","yoast_head_json":{"title":"L\u2019ensemble literie \u00e0 petit prix pour le respect du budget des \u00e9tudiants - Le Blog Avenue Literie","robots":{"index":"index","follow":"follow","max-snippet":"max-snippet:-1","max-image-preview":"max-image-preview:large","max-video-preview":"max-video-preview:-1"},"canonical":"https:\/\/www.avenue-literie.com\/blog\/2021\/08\/18\/lensemble-literie-a-petit-prix-pour-le-respect-du-budget-des-etudiants\/","og_locale":"fr_FR","og_type":"article","og_title":"L\u2019ensemble literie \u00e0 petit prix pour le respect du budget des \u00e9tudiants - Le Blog Avenue Literie","og_description":"Cette ann\u00e9e encore plus particuli\u00e8re avec la crise sanitaire et avec une ann\u00e9e scolaire en distanciel votre literie aura une grande importance. Votre matelas va servir de bureau, votre matelas va servir de salle \u00e0 manger, bref on a compris que votre matelas est essentiel ! L\u2019essentiel avant tout est le confort du matelas Mia. &hellip; Continuer la lecture de &laquo;&nbsp;L\u2019ensemble literie \u00e0 petit prix pour le respect du budget des \u00e9tudiants&nbsp;&raquo;","og_url":"https:\/\/www.avenue-literie.com\/blog\/2021\/08\/18\/lensemble-literie-a-petit-prix-pour-le-respect-du-budget-des-etudiants\/","og_site_name":"Le Blog Avenue Literie","article_publisher":"https:\/\/www.facebook.com\/AvenueLiterieTroyes\/","article_published_time":"2021-08-18T13:46:27+00:00","article_modified_time":"2022-03-24T15:10:29+00:00","og_image":[{"width":599,"height":900,"url":"https:\/\/www.avenue-literie.com\/blog\/wp-content\/uploads\/2021\/08\/matelas-etudiant-pas-cher.jpg","type":"image\/jpeg"}],"author":"J\u00e9r\u00f4me","twitter_card":"summary_large_image","twitter_creator":"@avenue_literie","twitter_site":"@avenue_literie","twitter_misc":{"\u00c9crit par":"J\u00e9r\u00f4me","Dur\u00e9e de lecture estim\u00e9e":"2 minutes"},"schema":{"@context":"https:\/\/schema.org","@graph":[{"@type":"Article","@id":"https:\/\/www.avenue-literie.com\/blog\/2021\/08\/18\/lensemble-literie-a-petit-prix-pour-le-respect-du-budget-des-etudiants\/#article","isPartOf":{"@id":"https:\/\/www.avenue-literie.com\/blog\/2021\/08\/18\/lensemble-literie-a-petit-prix-pour-le-respect-du-budget-des-etudiants\/"},"author":{"name":"J\u00e9r\u00f4me","@id":"https:\/\/www.avenue-literie.com\/blog\/#\/schema\/person\/add6301bb28276c53d992ec5ef2f17ae"},"headline":"L\u2019ensemble literie \u00e0 petit prix pour le respect du budget des \u00e9tudiants","datePublished":"2021-08-18T13:46:27+00:00","dateModified":"2022-03-24T15:10:29+00:00","mainEntityOfPage":{"@id":"https:\/\/www.avenue-literie.com\/blog\/2021\/08\/18\/lensemble-literie-a-petit-prix-pour-le-respect-du-budget-des-etudiants\/"},"wordCount":209,"publisher":{"@id":"https:\/\/www.avenue-literie.com\/blog\/#organization"},"image":{"@id":"https:\/\/www.avenue-literie.com\/blog\/2021\/08\/18\/lensemble-literie-a-petit-prix-pour-le-respect-du-budget-des-etudiants\/#primaryimage"},"thumbnailUrl":"https:\/\/www.avenue-literie.com\/blog\/wp-content\/uploads\/2021\/08\/matelas-etudiant-pas-cher.jpg","keywords":["Matelas pour chambre \u00e9tudiant","matelas pour \u00e9tudes sup\u00e9rieurs","matelas pour jeunes","matelas rentr\u00e9e universitaire"],"articleSection":["Actualit\u00e9s","literie \u00e9tudiants"],"inLanguage":"fr-FR"},{"@type":"WebPage","@id":"https:\/\/www.avenue-literie.com\/blog\/2021\/08\/18\/lensemble-literie-a-petit-prix-pour-le-respect-du-budget-des-etudiants\/","url":"https:\/\/www.avenue-literie.com\/blog\/2021\/08\/18\/lensemble-literie-a-petit-prix-pour-le-respect-du-budget-des-etudiants\/","name":"L\u2019ensemble literie \u00e0 petit prix pour le respect du budget des \u00e9tudiants - Le Blog Avenue Literie","isPartOf":{"@id":"https:\/\/www.avenue-literie.com\/blog\/#website"},"primaryImageOfPage":{"@id":"https:\/\/www.avenue-literie.com\/blog\/2021\/08\/18\/lensemble-literie-a-petit-prix-pour-le-respect-du-budget-des-etudiants\/#primaryimage"},"image":{"@id":"https:\/\/www.avenue-literie.com\/blog\/2021\/08\/18\/lensemble-literie-a-petit-prix-pour-le-respect-du-budget-des-etudiants\/#primaryimage"},"thumbnailUrl":"https:\/\/www.avenue-literie.com\/blog\/wp-content\/uploads\/2021\/08\/matelas-etudiant-pas-cher.jpg","datePublished":"2021-08-18T13:46:27+00:00","dateModified":"2022-03-24T15:10:29+00:00","breadcrumb":{"@id":"https:\/\/www.avenue-literie.com\/blog\/2021\/08\/18\/lensemble-literie-a-petit-prix-pour-le-respect-du-budget-des-etudiants\/#breadcrumb"},"inLanguage":"fr-FR","potentialAction":[{"@type":"ReadAction","target":["https:\/\/www.avenue-literie.com\/blog\/2021\/08\/18\/lensemble-literie-a-petit-prix-pour-le-respect-du-budget-des-etudiants\/"]}]},{"@type":"ImageObject","inLanguage":"fr-FR","@id":"https:\/\/www.avenue-literie.com\/blog\/2021\/08\/18\/lensemble-literie-a-petit-prix-pour-le-respect-du-budget-des-etudiants\/#primaryimage","url":"https:\/\/www.avenue-literie.com\/blog\/wp-content\/uploads\/2021\/08\/matelas-etudiant-pas-cher.jpg","contentUrl":"https:\/\/www.avenue-literie.com\/blog\/wp-content\/uploads\/2021\/08\/matelas-etudiant-pas-cher.jpg","width":599,"height":900},{"@type":"BreadcrumbList","@id":"https:\/\/www.avenue-literie.com\/blog\/2021\/08\/18\/lensemble-literie-a-petit-prix-pour-le-respect-du-budget-des-etudiants\/#breadcrumb","itemListElement":[{"@type":"ListItem","position":1,"name":"Home","item":"https:\/\/www.avenue-literie.com\/blog\/"},{"@type":"ListItem","position":2,"name":"Actualit\u00e9s","item":"https:\/\/www.avenue-literie.com\/blog\/category\/actualites-literie\/"},{"@type":"ListItem","position":3,"name":"L\u2019ensemble literie \u00e0 petit prix pour le respect du budget des \u00e9tudiants"}]},{"@type":"WebSite","@id":"https:\/\/www.avenue-literie.com\/blog\/#website","url":"https:\/\/www.avenue-literie.com\/blog\/","name":"Le Blog Avenue Literie","description":"Le blog du conseil en literie","publisher":{"@id":"https:\/\/www.avenue-literie.com\/blog\/#organization"},"potentialAction":[{"@type":"SearchAction","target":{"@type":"EntryPoint","urlTemplate":"https:\/\/www.avenue-literie.com\/blog\/?s={search_term_string}"},"query-input":{"@type":"PropertyValueSpecification","valueRequired":true,"valueName":"search_term_string"}}],"inLanguage":"fr-FR"},{"@type":"Organization","@id":"https:\/\/www.avenue-literie.com\/blog\/#organization","name":"Le blog Avenue Literie","alternateName":"Le blog Avenue Literie","url":"https:\/\/www.avenue-literie.com\/blog\/","logo":{"@type":"ImageObject","inLanguage":"fr-FR","@id":"https:\/\/www.avenue-literie.com\/blog\/#\/schema\/logo\/image\/","url":"https:\/\/www.avenue-literie.com\/blog\/wp-content\/uploads\/2022\/04\/cropped-Gros-logo-avenue-literie-sans-arriere-fond-blanc.png","contentUrl":"https:\/\/www.avenue-literie.com\/blog\/wp-content\/uploads\/2022\/04\/cropped-Gros-logo-avenue-literie-sans-arriere-fond-blanc.png","width":1479,"height":250,"caption":"Le blog Avenue Literie"},"image":{"@id":"https:\/\/www.avenue-literie.com\/blog\/#\/schema\/logo\/image\/"},"sameAs":["https:\/\/www.facebook.com\/AvenueLiterieTroyes\/","https:\/\/x.com\/avenue_literie","https:\/\/www.instagram.com\/avenueliterie\/","https:\/\/www.pinterest.fr\/avenueliterie\/"]},{"@type":"Person","@id":"https:\/\/www.avenue-literie.com\/blog\/#\/schema\/person\/add6301bb28276c53d992ec5ef2f17ae","name":"J\u00e9r\u00f4me","image":{"@type":"ImageObject","inLanguage":"fr-FR","@id":"https:\/\/secure.gravatar.com\/avatar\/2e39bb7b624068c575f434373fc1440c1bd421d6e1bdd21a14a529cbff8f1fed?s=96&d=mm&r=g","url":"https:\/\/secure.gravatar.com\/avatar\/2e39bb7b624068c575f434373fc1440c1bd421d6e1bdd21a14a529cbff8f1fed?s=96&d=mm&r=g","contentUrl":"https:\/\/secure.gravatar.com\/avatar\/2e39bb7b624068c575f434373fc1440c1bd421d6e1bdd21a14a529cbff8f1fed?s=96&d=mm&r=g","caption":"J\u00e9r\u00f4me"},"url":"https:\/\/www.avenue-literie.com\/blog\/author\/jerome\/"}]}},"_links":{"self":[{"href":"https:\/\/www.avenue-literie.com\/blog\/wp-json\/wp\/v2\/posts\/1424","targetHints":{"allow":["GET"]}}],"collection":[{"href":"https:\/\/www.avenue-literie.com\/blog\/wp-json\/wp\/v2\/posts"}],"about":[{"href":"https:\/\/www.avenue-literie.com\/blog\/wp-json\/wp\/v2\/types\/post"}],"author":[{"embeddable":true,"href":"https:\/\/www.avenue-literie.com\/blog\/wp-json\/wp\/v2\/users\/2"}],"replies":[{"embeddable":true,"href":"https:\/\/www.avenue-literie.com\/blog\/wp-json\/wp\/v2\/comments?post=1424"}],"version-history":[{"count":8,"href":"https:\/\/www.avenue-literie.com\/blog\/wp-json\/wp\/v2\/posts\/1424\/revisions"}],"predecessor-version":[{"id":1583,"href":"https:\/\/www.avenue-literie.com\/blog\/wp-json\/wp\/v2\/posts\/1424\/revisions\/1583"}],"wp:featuredmedia":[{"embeddable":true,"href":"https:\/\/www.avenue-literie.com\/blog\/wp-json\/wp\/v2\/media\/1427"}],"wp:attachment":[{"href":"https:\/\/www.avenue-literie.com\/blog\/wp-json\/wp\/v2\/media?parent=1424"}],"wp:term":[{"taxonomy":"category","embeddable":true,"href":"https:\/\/www.avenue-literie.com\/blog\/wp-json\/wp\/v2\/categories?post=1424"},{"taxonomy":"post_tag","embeddable":true,"href":"https:\/\/www.avenue-literie.com\/blog\/wp-json\/wp\/v2\/tags?post=1424"}],"curies":[{"name":"wp","href":"https:\/\/api.w.org\/{rel}","templated":true}]}}