{"id":164,"date":"2018-06-26T20:54:11","date_gmt":"2018-06-26T20:54:11","guid":{"rendered":"https:\/\/www.avenue-literie.com\/wp\/?p=164"},"modified":"2018-06-26T20:54:11","modified_gmt":"2018-06-26T20:54:11","slug":"soldes-irresistibles-dete-en-literie-dans-votre-departement-le-show-room-de-literie-des-marques-de-literie-10-aube-troyes","status":"publish","type":"post","link":"https:\/\/www.avenue-literie.com\/blog\/2018\/06\/26\/soldes-irresistibles-dete-en-literie-dans-votre-departement-le-show-room-de-literie-des-marques-de-literie-10-aube-troyes\/","title":{"rendered":"Soldes Irr\u00e9sistibles d&rsquo;\u00e9t\u00e9 en literie dans votre d\u00e9partement le Show-Room de literie des marques de literie 10 aube Troyes"},"content":{"rendered":"<figure id=\"attachment_167\" aria-describedby=\"caption-attachment-167\" style=\"width: 400px\" class=\"wp-caption alignnone\"><img decoding=\"async\" class=\"size-full wp-image-167\" src=\"https:\/\/www.avenue-literie.com\/wp\/wp-content\/uploads\/2018\/06\/slide400x300_google_soldes_ete-2018.png\" alt=\"\" width=\"400\" height=\"300\" srcset=\"https:\/\/www.avenue-literie.com\/blog\/wp-content\/uploads\/2018\/06\/slide400x300_google_soldes_ete-2018.png 400w, https:\/\/www.avenue-literie.com\/blog\/wp-content\/uploads\/2018\/06\/slide400x300_google_soldes_ete-2018-300x225.png 300w\" sizes=\"(max-width: 400px) 100vw, 400px\" \/><figcaption id=\"caption-attachment-167\" class=\"wp-caption-text\">Soldes d \u00e9t\u00e9 2018 avenue literie<\/figcaption><\/figure>\n<p>Les Soldes d\u2019\u00e9t\u00e9 en literie \u00e0 Troyes-Saint Andr\u00e9 Les Vergers dans la r\u00e9gion Grand Est, d\u00e9partement Aube 10\u00a0sont arriv\u00e9es. Les\u00a0<strong>dates de soldes d\u2019\u00e9t\u00e9 2018<\/strong>\u00a0dureront du mercredi 27 juin 2018\u00a0\u00e0 9h30,\u00a0jusqu\u2019au mardi 07aout 2018<\/p>\n<p>Des soldes d\u2019\u00e9t\u00e9 irr\u00e9sistibles chez Avenue Literie \u00e0 Troyes Saint Andr\u00e9 les Vergers. Cet \u00e9t\u00e9, il est temps de bien dormir ! Venez d\u00e9couvrir les plus grandes marques de literie, ainsi qu\u2019une gamme compl\u00e8te de couettes, oreillers et linge de lit.<\/p>\n<p>Nos marques exclusives : Bultex , Bultex Nano, Epeda,\u00a0 Epeda D\u00e9dicace, Simmons, Treca, Merinos, Andr\u00e9 Renault, Meral S\u00e9dac .<\/p>\n<p>Nous passons tous 1\/3 de notre vie \u00e0 dormir. Bien choisir son matelas est donc essentiel pour rester en forme. Pour vous aider \u00e0 y voir clair, nos conseils experts vous guident pour faire le bon choix de matelas.<\/p>\n<p>Retrouvez et essayer un large choix de matelas et sommiers de grandes marques. Pour un meilleur sommeil, choisissez une literie de qualit\u00e9.<\/p>\n<p>Retrait collecte drive matelas en magasin ou livraison \u00e0 domicile de votre matelas.<\/p>\n<p>Payer en 4 fois sans frais par CB Natixis votre literie. Un cr\u00e9dit vous engage et doit \u00eatre rembours\u00e9. V\u00e9rifiez vos capacit\u00e9s de remboursement avant de vous engager.<\/p>\n<figure id=\"attachment_168\" aria-describedby=\"caption-attachment-168\" style=\"width: 900px\" class=\"wp-caption alignnone\"><img decoding=\"async\" class=\"size-full wp-image-168\" src=\"https:\/\/www.avenue-literie.com\/wp\/wp-content\/uploads\/2018\/06\/Coulpe-Avenue-Literie_-medium.jpeg\" alt=\"\" width=\"900\" height=\"601\" srcset=\"https:\/\/www.avenue-literie.com\/blog\/wp-content\/uploads\/2018\/06\/Coulpe-Avenue-Literie_-medium.jpeg 900w, https:\/\/www.avenue-literie.com\/blog\/wp-content\/uploads\/2018\/06\/Coulpe-Avenue-Literie_-medium-300x200.jpeg 300w, https:\/\/www.avenue-literie.com\/blog\/wp-content\/uploads\/2018\/06\/Coulpe-Avenue-Literie_-medium-768x513.jpeg 768w\" sizes=\"(max-width: 767px) 89vw, (max-width: 1000px) 54vw, (max-width: 1071px) 543px, 580px\" \/><figcaption id=\"caption-attachment-168\" class=\"wp-caption-text\">Couple essayant matelas chez Avenue Literie\u00a0<\/figcaption><\/figure>\n<p>Passez enfin d\u2019incroyables nuits<\/p>\n","protected":false},"excerpt":{"rendered":"<p>Les Soldes d\u2019\u00e9t\u00e9 en literie \u00e0 Troyes-Saint Andr\u00e9 Les Vergers dans la r\u00e9gion Grand Est, d\u00e9partement Aube 10\u00a0sont arriv\u00e9es. Les\u00a0dates de soldes d\u2019\u00e9t\u00e9 2018\u00a0dureront du mercredi 27 juin 2018\u00a0\u00e0 9h30,\u00a0jusqu\u2019au mardi 07aout 2018 Des soldes d\u2019\u00e9t\u00e9 irr\u00e9sistibles chez Avenue Literie \u00e0 Troyes Saint Andr\u00e9 les Vergers. Cet \u00e9t\u00e9, il est temps de bien dormir ! &hellip; <\/p>\n<p class=\"link-more\"><a href=\"https:\/\/www.avenue-literie.com\/blog\/2018\/06\/26\/soldes-irresistibles-dete-en-literie-dans-votre-departement-le-show-room-de-literie-des-marques-de-literie-10-aube-troyes\/\" class=\"more-link\">Continuer la lecture<span class=\"screen-reader-text\"> de &laquo;&nbsp;Soldes Irr\u00e9sistibles d&rsquo;\u00e9t\u00e9 en literie dans votre d\u00e9partement le Show-Room de literie des marques de literie 10 aube Troyes&nbsp;&raquo;<\/span><\/a><\/p>\n","protected":false},"author":2,"featured_media":167,"comment_status":"closed","ping_status":"closed","sticky":false,"template":"","format":"standard","meta":{"footnotes":""},"categories":[1],"tags":[],"class_list":["post-164","post","type-post","status-publish","format-standard","has-post-thumbnail","hentry","category-actualites-literie"],"yoast_head":"<!-- This site is optimized with the Yoast SEO plugin v27.4 - https:\/\/yoast.com\/product\/yoast-seo-wordpress\/ -->\n<title>Soldes Irr\u00e9sistibles d&#039;\u00e9t\u00e9 en literie dans votre d\u00e9partement le Show-Room de literie des marques de literie 10 aube Troyes - Le Blog Avenue Literie<\/title>\n<meta name=\"robots\" content=\"index, follow, max-snippet:-1, max-image-preview:large, max-video-preview:-1\" \/>\n<link rel=\"canonical\" href=\"https:\/\/www.avenue-literie.com\/blog\/2018\/06\/26\/soldes-irresistibles-dete-en-literie-dans-votre-departement-le-show-room-de-literie-des-marques-de-literie-10-aube-troyes\/\" \/>\n<meta property=\"og:locale\" content=\"fr_FR\" \/>\n<meta property=\"og:type\" content=\"article\" \/>\n<meta property=\"og:title\" content=\"Soldes Irr\u00e9sistibles d&#039;\u00e9t\u00e9 en literie dans votre d\u00e9partement le Show-Room de literie des marques de literie 10 aube Troyes - Le Blog Avenue Literie\" \/>\n<meta property=\"og:description\" content=\"Les Soldes d\u2019\u00e9t\u00e9 en literie \u00e0 Troyes-Saint Andr\u00e9 Les Vergers dans la r\u00e9gion Grand Est, d\u00e9partement Aube 10\u00a0sont arriv\u00e9es. Les\u00a0dates de soldes d\u2019\u00e9t\u00e9 2018\u00a0dureront du mercredi 27 juin 2018\u00a0\u00e0 9h30,\u00a0jusqu\u2019au mardi 07aout 2018 Des soldes d\u2019\u00e9t\u00e9 irr\u00e9sistibles chez Avenue Literie \u00e0 Troyes Saint Andr\u00e9 les Vergers. Cet \u00e9t\u00e9, il est temps de bien dormir ! &hellip; Continuer la lecture de &laquo;&nbsp;Soldes Irr\u00e9sistibles d&rsquo;\u00e9t\u00e9 en literie dans votre d\u00e9partement le Show-Room de literie des marques de literie 10 aube Troyes&nbsp;&raquo;\" \/>\n<meta property=\"og:url\" content=\"https:\/\/www.avenue-literie.com\/blog\/2018\/06\/26\/soldes-irresistibles-dete-en-literie-dans-votre-departement-le-show-room-de-literie-des-marques-de-literie-10-aube-troyes\/\" \/>\n<meta property=\"og:site_name\" content=\"Le Blog Avenue Literie\" \/>\n<meta property=\"article:publisher\" content=\"https:\/\/www.facebook.com\/AvenueLiterieTroyes\/\" \/>\n<meta property=\"article:published_time\" content=\"2018-06-26T20:54:11+00:00\" \/>\n<meta property=\"og:image\" content=\"https:\/\/www.avenue-literie.com\/blog\/wp-content\/uploads\/2018\/06\/slide400x300_google_soldes_ete-2018.png\" \/>\n\t<meta property=\"og:image:width\" content=\"400\" \/>\n\t<meta property=\"og:image:height\" content=\"300\" \/>\n\t<meta property=\"og:image:type\" content=\"image\/png\" \/>\n<meta name=\"author\" content=\"J\u00e9r\u00f4me\" \/>\n<meta name=\"twitter:card\" content=\"summary_large_image\" \/>\n<meta name=\"twitter:creator\" content=\"@avenue_literie\" \/>\n<meta name=\"twitter:site\" content=\"@avenue_literie\" \/>\n<meta name=\"twitter:label1\" content=\"\u00c9crit par\" \/>\n\t<meta name=\"twitter:data1\" content=\"J\u00e9r\u00f4me\" \/>\n\t<meta name=\"twitter:label2\" content=\"Dur\u00e9e de lecture estim\u00e9e\" \/>\n\t<meta name=\"twitter:data2\" content=\"1 minute\" \/>\n<script type=\"application\/ld+json\" class=\"yoast-schema-graph\">{\"@context\":\"https:\\\/\\\/schema.org\",\"@graph\":[{\"@type\":\"Article\",\"@id\":\"https:\\\/\\\/www.avenue-literie.com\\\/blog\\\/2018\\\/06\\\/26\\\/soldes-irresistibles-dete-en-literie-dans-votre-departement-le-show-room-de-literie-des-marques-de-literie-10-aube-troyes\\\/#article\",\"isPartOf\":{\"@id\":\"https:\\\/\\\/www.avenue-literie.com\\\/blog\\\/2018\\\/06\\\/26\\\/soldes-irresistibles-dete-en-literie-dans-votre-departement-le-show-room-de-literie-des-marques-de-literie-10-aube-troyes\\\/\"},\"author\":{\"name\":\"J\u00e9r\u00f4me\",\"@id\":\"https:\\\/\\\/www.avenue-literie.com\\\/blog\\\/#\\\/schema\\\/person\\\/add6301bb28276c53d992ec5ef2f17ae\"},\"headline\":\"Soldes Irr\u00e9sistibles d&rsquo;\u00e9t\u00e9 en literie dans votre d\u00e9partement le Show-Room de literie des marques de literie 10 aube Troyes\",\"datePublished\":\"2018-06-26T20:54:11+00:00\",\"mainEntityOfPage\":{\"@id\":\"https:\\\/\\\/www.avenue-literie.com\\\/blog\\\/2018\\\/06\\\/26\\\/soldes-irresistibles-dete-en-literie-dans-votre-departement-le-show-room-de-literie-des-marques-de-literie-10-aube-troyes\\\/\"},\"wordCount\":250,\"publisher\":{\"@id\":\"https:\\\/\\\/www.avenue-literie.com\\\/blog\\\/#organization\"},\"image\":{\"@id\":\"https:\\\/\\\/www.avenue-literie.com\\\/blog\\\/2018\\\/06\\\/26\\\/soldes-irresistibles-dete-en-literie-dans-votre-departement-le-show-room-de-literie-des-marques-de-literie-10-aube-troyes\\\/#primaryimage\"},\"thumbnailUrl\":\"https:\\\/\\\/www.avenue-literie.com\\\/blog\\\/wp-content\\\/uploads\\\/2018\\\/06\\\/slide400x300_google_soldes_ete-2018.png\",\"articleSection\":[\"Actualit\u00e9s\"],\"inLanguage\":\"fr-FR\"},{\"@type\":\"WebPage\",\"@id\":\"https:\\\/\\\/www.avenue-literie.com\\\/blog\\\/2018\\\/06\\\/26\\\/soldes-irresistibles-dete-en-literie-dans-votre-departement-le-show-room-de-literie-des-marques-de-literie-10-aube-troyes\\\/\",\"url\":\"https:\\\/\\\/www.avenue-literie.com\\\/blog\\\/2018\\\/06\\\/26\\\/soldes-irresistibles-dete-en-literie-dans-votre-departement-le-show-room-de-literie-des-marques-de-literie-10-aube-troyes\\\/\",\"name\":\"Soldes Irr\u00e9sistibles d'\u00e9t\u00e9 en literie dans votre d\u00e9partement le Show-Room de literie des marques de literie 10 aube Troyes - Le Blog Avenue Literie\",\"isPartOf\":{\"@id\":\"https:\\\/\\\/www.avenue-literie.com\\\/blog\\\/#website\"},\"primaryImageOfPage\":{\"@id\":\"https:\\\/\\\/www.avenue-literie.com\\\/blog\\\/2018\\\/06\\\/26\\\/soldes-irresistibles-dete-en-literie-dans-votre-departement-le-show-room-de-literie-des-marques-de-literie-10-aube-troyes\\\/#primaryimage\"},\"image\":{\"@id\":\"https:\\\/\\\/www.avenue-literie.com\\\/blog\\\/2018\\\/06\\\/26\\\/soldes-irresistibles-dete-en-literie-dans-votre-departement-le-show-room-de-literie-des-marques-de-literie-10-aube-troyes\\\/#primaryimage\"},\"thumbnailUrl\":\"https:\\\/\\\/www.avenue-literie.com\\\/blog\\\/wp-content\\\/uploads\\\/2018\\\/06\\\/slide400x300_google_soldes_ete-2018.png\",\"datePublished\":\"2018-06-26T20:54:11+00:00\",\"breadcrumb\":{\"@id\":\"https:\\\/\\\/www.avenue-literie.com\\\/blog\\\/2018\\\/06\\\/26\\\/soldes-irresistibles-dete-en-literie-dans-votre-departement-le-show-room-de-literie-des-marques-de-literie-10-aube-troyes\\\/#breadcrumb\"},\"inLanguage\":\"fr-FR\",\"potentialAction\":[{\"@type\":\"ReadAction\",\"target\":[\"https:\\\/\\\/www.avenue-literie.com\\\/blog\\\/2018\\\/06\\\/26\\\/soldes-irresistibles-dete-en-literie-dans-votre-departement-le-show-room-de-literie-des-marques-de-literie-10-aube-troyes\\\/\"]}]},{\"@type\":\"ImageObject\",\"inLanguage\":\"fr-FR\",\"@id\":\"https:\\\/\\\/www.avenue-literie.com\\\/blog\\\/2018\\\/06\\\/26\\\/soldes-irresistibles-dete-en-literie-dans-votre-departement-le-show-room-de-literie-des-marques-de-literie-10-aube-troyes\\\/#primaryimage\",\"url\":\"https:\\\/\\\/www.avenue-literie.com\\\/blog\\\/wp-content\\\/uploads\\\/2018\\\/06\\\/slide400x300_google_soldes_ete-2018.png\",\"contentUrl\":\"https:\\\/\\\/www.avenue-literie.com\\\/blog\\\/wp-content\\\/uploads\\\/2018\\\/06\\\/slide400x300_google_soldes_ete-2018.png\",\"width\":400,\"height\":300,\"caption\":\"Soldes d \u00e9t\u00e9 2018 avenue literie\"},{\"@type\":\"BreadcrumbList\",\"@id\":\"https:\\\/\\\/www.avenue-literie.com\\\/blog\\\/2018\\\/06\\\/26\\\/soldes-irresistibles-dete-en-literie-dans-votre-departement-le-show-room-de-literie-des-marques-de-literie-10-aube-troyes\\\/#breadcrumb\",\"itemListElement\":[{\"@type\":\"ListItem\",\"position\":1,\"name\":\"Home\",\"item\":\"https:\\\/\\\/www.avenue-literie.com\\\/blog\\\/\"},{\"@type\":\"ListItem\",\"position\":2,\"name\":\"Actualit\u00e9s\",\"item\":\"https:\\\/\\\/www.avenue-literie.com\\\/blog\\\/category\\\/actualites-literie\\\/\"},{\"@type\":\"ListItem\",\"position\":3,\"name\":\"Soldes Irr\u00e9sistibles d&#8217;\u00e9t\u00e9 en literie dans votre d\u00e9partement le Show-Room de literie des marques de literie 10 aube Troyes\"}]},{\"@type\":\"WebSite\",\"@id\":\"https:\\\/\\\/www.avenue-literie.com\\\/blog\\\/#website\",\"url\":\"https:\\\/\\\/www.avenue-literie.com\\\/blog\\\/\",\"name\":\"Le Blog Avenue Literie\",\"description\":\"Le blog du conseil en literie\",\"publisher\":{\"@id\":\"https:\\\/\\\/www.avenue-literie.com\\\/blog\\\/#organization\"},\"potentialAction\":[{\"@type\":\"SearchAction\",\"target\":{\"@type\":\"EntryPoint\",\"urlTemplate\":\"https:\\\/\\\/www.avenue-literie.com\\\/blog\\\/?s={search_term_string}\"},\"query-input\":{\"@type\":\"PropertyValueSpecification\",\"valueRequired\":true,\"valueName\":\"search_term_string\"}}],\"inLanguage\":\"fr-FR\"},{\"@type\":\"Organization\",\"@id\":\"https:\\\/\\\/www.avenue-literie.com\\\/blog\\\/#organization\",\"name\":\"Le blog Avenue Literie\",\"alternateName\":\"Le blog Avenue Literie\",\"url\":\"https:\\\/\\\/www.avenue-literie.com\\\/blog\\\/\",\"logo\":{\"@type\":\"ImageObject\",\"inLanguage\":\"fr-FR\",\"@id\":\"https:\\\/\\\/www.avenue-literie.com\\\/blog\\\/#\\\/schema\\\/logo\\\/image\\\/\",\"url\":\"https:\\\/\\\/www.avenue-literie.com\\\/blog\\\/wp-content\\\/uploads\\\/2022\\\/04\\\/cropped-Gros-logo-avenue-literie-sans-arriere-fond-blanc.png\",\"contentUrl\":\"https:\\\/\\\/www.avenue-literie.com\\\/blog\\\/wp-content\\\/uploads\\\/2022\\\/04\\\/cropped-Gros-logo-avenue-literie-sans-arriere-fond-blanc.png\",\"width\":1479,\"height\":250,\"caption\":\"Le blog Avenue Literie\"},\"image\":{\"@id\":\"https:\\\/\\\/www.avenue-literie.com\\\/blog\\\/#\\\/schema\\\/logo\\\/image\\\/\"},\"sameAs\":[\"https:\\\/\\\/www.facebook.com\\\/AvenueLiterieTroyes\\\/\",\"https:\\\/\\\/x.com\\\/avenue_literie\",\"https:\\\/\\\/www.instagram.com\\\/avenueliterie\\\/\",\"https:\\\/\\\/www.pinterest.fr\\\/avenueliterie\\\/\"]},{\"@type\":\"Person\",\"@id\":\"https:\\\/\\\/www.avenue-literie.com\\\/blog\\\/#\\\/schema\\\/person\\\/add6301bb28276c53d992ec5ef2f17ae\",\"name\":\"J\u00e9r\u00f4me\",\"image\":{\"@type\":\"ImageObject\",\"inLanguage\":\"fr-FR\",\"@id\":\"https:\\\/\\\/secure.gravatar.com\\\/avatar\\\/2e39bb7b624068c575f434373fc1440c1bd421d6e1bdd21a14a529cbff8f1fed?s=96&d=mm&r=g\",\"url\":\"https:\\\/\\\/secure.gravatar.com\\\/avatar\\\/2e39bb7b624068c575f434373fc1440c1bd421d6e1bdd21a14a529cbff8f1fed?s=96&d=mm&r=g\",\"contentUrl\":\"https:\\\/\\\/secure.gravatar.com\\\/avatar\\\/2e39bb7b624068c575f434373fc1440c1bd421d6e1bdd21a14a529cbff8f1fed?s=96&d=mm&r=g\",\"caption\":\"J\u00e9r\u00f4me\"},\"url\":\"https:\\\/\\\/www.avenue-literie.com\\\/blog\\\/author\\\/jerome\\\/\"}]}<\/script>\n<!-- \/ Yoast SEO plugin. -->","yoast_head_json":{"title":"Soldes Irr\u00e9sistibles d'\u00e9t\u00e9 en literie dans votre d\u00e9partement le Show-Room de literie des marques de literie 10 aube Troyes - Le Blog Avenue Literie","robots":{"index":"index","follow":"follow","max-snippet":"max-snippet:-1","max-image-preview":"max-image-preview:large","max-video-preview":"max-video-preview:-1"},"canonical":"https:\/\/www.avenue-literie.com\/blog\/2018\/06\/26\/soldes-irresistibles-dete-en-literie-dans-votre-departement-le-show-room-de-literie-des-marques-de-literie-10-aube-troyes\/","og_locale":"fr_FR","og_type":"article","og_title":"Soldes Irr\u00e9sistibles d'\u00e9t\u00e9 en literie dans votre d\u00e9partement le Show-Room de literie des marques de literie 10 aube Troyes - Le Blog Avenue Literie","og_description":"Les Soldes d\u2019\u00e9t\u00e9 en literie \u00e0 Troyes-Saint Andr\u00e9 Les Vergers dans la r\u00e9gion Grand Est, d\u00e9partement Aube 10\u00a0sont arriv\u00e9es. Les\u00a0dates de soldes d\u2019\u00e9t\u00e9 2018\u00a0dureront du mercredi 27 juin 2018\u00a0\u00e0 9h30,\u00a0jusqu\u2019au mardi 07aout 2018 Des soldes d\u2019\u00e9t\u00e9 irr\u00e9sistibles chez Avenue Literie \u00e0 Troyes Saint Andr\u00e9 les Vergers. Cet \u00e9t\u00e9, il est temps de bien dormir ! &hellip; Continuer la lecture de &laquo;&nbsp;Soldes Irr\u00e9sistibles d&rsquo;\u00e9t\u00e9 en literie dans votre d\u00e9partement le Show-Room de literie des marques de literie 10 aube Troyes&nbsp;&raquo;","og_url":"https:\/\/www.avenue-literie.com\/blog\/2018\/06\/26\/soldes-irresistibles-dete-en-literie-dans-votre-departement-le-show-room-de-literie-des-marques-de-literie-10-aube-troyes\/","og_site_name":"Le Blog Avenue Literie","article_publisher":"https:\/\/www.facebook.com\/AvenueLiterieTroyes\/","article_published_time":"2018-06-26T20:54:11+00:00","og_image":[{"width":400,"height":300,"url":"https:\/\/www.avenue-literie.com\/blog\/wp-content\/uploads\/2018\/06\/slide400x300_google_soldes_ete-2018.png","type":"image\/png"}],"author":"J\u00e9r\u00f4me","twitter_card":"summary_large_image","twitter_creator":"@avenue_literie","twitter_site":"@avenue_literie","twitter_misc":{"\u00c9crit par":"J\u00e9r\u00f4me","Dur\u00e9e de lecture estim\u00e9e":"1 minute"},"schema":{"@context":"https:\/\/schema.org","@graph":[{"@type":"Article","@id":"https:\/\/www.avenue-literie.com\/blog\/2018\/06\/26\/soldes-irresistibles-dete-en-literie-dans-votre-departement-le-show-room-de-literie-des-marques-de-literie-10-aube-troyes\/#article","isPartOf":{"@id":"https:\/\/www.avenue-literie.com\/blog\/2018\/06\/26\/soldes-irresistibles-dete-en-literie-dans-votre-departement-le-show-room-de-literie-des-marques-de-literie-10-aube-troyes\/"},"author":{"name":"J\u00e9r\u00f4me","@id":"https:\/\/www.avenue-literie.com\/blog\/#\/schema\/person\/add6301bb28276c53d992ec5ef2f17ae"},"headline":"Soldes Irr\u00e9sistibles d&rsquo;\u00e9t\u00e9 en literie dans votre d\u00e9partement le Show-Room de literie des marques de literie 10 aube Troyes","datePublished":"2018-06-26T20:54:11+00:00","mainEntityOfPage":{"@id":"https:\/\/www.avenue-literie.com\/blog\/2018\/06\/26\/soldes-irresistibles-dete-en-literie-dans-votre-departement-le-show-room-de-literie-des-marques-de-literie-10-aube-troyes\/"},"wordCount":250,"publisher":{"@id":"https:\/\/www.avenue-literie.com\/blog\/#organization"},"image":{"@id":"https:\/\/www.avenue-literie.com\/blog\/2018\/06\/26\/soldes-irresistibles-dete-en-literie-dans-votre-departement-le-show-room-de-literie-des-marques-de-literie-10-aube-troyes\/#primaryimage"},"thumbnailUrl":"https:\/\/www.avenue-literie.com\/blog\/wp-content\/uploads\/2018\/06\/slide400x300_google_soldes_ete-2018.png","articleSection":["Actualit\u00e9s"],"inLanguage":"fr-FR"},{"@type":"WebPage","@id":"https:\/\/www.avenue-literie.com\/blog\/2018\/06\/26\/soldes-irresistibles-dete-en-literie-dans-votre-departement-le-show-room-de-literie-des-marques-de-literie-10-aube-troyes\/","url":"https:\/\/www.avenue-literie.com\/blog\/2018\/06\/26\/soldes-irresistibles-dete-en-literie-dans-votre-departement-le-show-room-de-literie-des-marques-de-literie-10-aube-troyes\/","name":"Soldes Irr\u00e9sistibles d'\u00e9t\u00e9 en literie dans votre d\u00e9partement le Show-Room de literie des marques de literie 10 aube Troyes - Le Blog Avenue Literie","isPartOf":{"@id":"https:\/\/www.avenue-literie.com\/blog\/#website"},"primaryImageOfPage":{"@id":"https:\/\/www.avenue-literie.com\/blog\/2018\/06\/26\/soldes-irresistibles-dete-en-literie-dans-votre-departement-le-show-room-de-literie-des-marques-de-literie-10-aube-troyes\/#primaryimage"},"image":{"@id":"https:\/\/www.avenue-literie.com\/blog\/2018\/06\/26\/soldes-irresistibles-dete-en-literie-dans-votre-departement-le-show-room-de-literie-des-marques-de-literie-10-aube-troyes\/#primaryimage"},"thumbnailUrl":"https:\/\/www.avenue-literie.com\/blog\/wp-content\/uploads\/2018\/06\/slide400x300_google_soldes_ete-2018.png","datePublished":"2018-06-26T20:54:11+00:00","breadcrumb":{"@id":"https:\/\/www.avenue-literie.com\/blog\/2018\/06\/26\/soldes-irresistibles-dete-en-literie-dans-votre-departement-le-show-room-de-literie-des-marques-de-literie-10-aube-troyes\/#breadcrumb"},"inLanguage":"fr-FR","potentialAction":[{"@type":"ReadAction","target":["https:\/\/www.avenue-literie.com\/blog\/2018\/06\/26\/soldes-irresistibles-dete-en-literie-dans-votre-departement-le-show-room-de-literie-des-marques-de-literie-10-aube-troyes\/"]}]},{"@type":"ImageObject","inLanguage":"fr-FR","@id":"https:\/\/www.avenue-literie.com\/blog\/2018\/06\/26\/soldes-irresistibles-dete-en-literie-dans-votre-departement-le-show-room-de-literie-des-marques-de-literie-10-aube-troyes\/#primaryimage","url":"https:\/\/www.avenue-literie.com\/blog\/wp-content\/uploads\/2018\/06\/slide400x300_google_soldes_ete-2018.png","contentUrl":"https:\/\/www.avenue-literie.com\/blog\/wp-content\/uploads\/2018\/06\/slide400x300_google_soldes_ete-2018.png","width":400,"height":300,"caption":"Soldes d \u00e9t\u00e9 2018 avenue literie"},{"@type":"BreadcrumbList","@id":"https:\/\/www.avenue-literie.com\/blog\/2018\/06\/26\/soldes-irresistibles-dete-en-literie-dans-votre-departement-le-show-room-de-literie-des-marques-de-literie-10-aube-troyes\/#breadcrumb","itemListElement":[{"@type":"ListItem","position":1,"name":"Home","item":"https:\/\/www.avenue-literie.com\/blog\/"},{"@type":"ListItem","position":2,"name":"Actualit\u00e9s","item":"https:\/\/www.avenue-literie.com\/blog\/category\/actualites-literie\/"},{"@type":"ListItem","position":3,"name":"Soldes Irr\u00e9sistibles d&#8217;\u00e9t\u00e9 en literie dans votre d\u00e9partement le Show-Room de literie des marques de literie 10 aube Troyes"}]},{"@type":"WebSite","@id":"https:\/\/www.avenue-literie.com\/blog\/#website","url":"https:\/\/www.avenue-literie.com\/blog\/","name":"Le Blog Avenue Literie","description":"Le blog du conseil en literie","publisher":{"@id":"https:\/\/www.avenue-literie.com\/blog\/#organization"},"potentialAction":[{"@type":"SearchAction","target":{"@type":"EntryPoint","urlTemplate":"https:\/\/www.avenue-literie.com\/blog\/?s={search_term_string}"},"query-input":{"@type":"PropertyValueSpecification","valueRequired":true,"valueName":"search_term_string"}}],"inLanguage":"fr-FR"},{"@type":"Organization","@id":"https:\/\/www.avenue-literie.com\/blog\/#organization","name":"Le blog Avenue Literie","alternateName":"Le blog Avenue Literie","url":"https:\/\/www.avenue-literie.com\/blog\/","logo":{"@type":"ImageObject","inLanguage":"fr-FR","@id":"https:\/\/www.avenue-literie.com\/blog\/#\/schema\/logo\/image\/","url":"https:\/\/www.avenue-literie.com\/blog\/wp-content\/uploads\/2022\/04\/cropped-Gros-logo-avenue-literie-sans-arriere-fond-blanc.png","contentUrl":"https:\/\/www.avenue-literie.com\/blog\/wp-content\/uploads\/2022\/04\/cropped-Gros-logo-avenue-literie-sans-arriere-fond-blanc.png","width":1479,"height":250,"caption":"Le blog Avenue Literie"},"image":{"@id":"https:\/\/www.avenue-literie.com\/blog\/#\/schema\/logo\/image\/"},"sameAs":["https:\/\/www.facebook.com\/AvenueLiterieTroyes\/","https:\/\/x.com\/avenue_literie","https:\/\/www.instagram.com\/avenueliterie\/","https:\/\/www.pinterest.fr\/avenueliterie\/"]},{"@type":"Person","@id":"https:\/\/www.avenue-literie.com\/blog\/#\/schema\/person\/add6301bb28276c53d992ec5ef2f17ae","name":"J\u00e9r\u00f4me","image":{"@type":"ImageObject","inLanguage":"fr-FR","@id":"https:\/\/secure.gravatar.com\/avatar\/2e39bb7b624068c575f434373fc1440c1bd421d6e1bdd21a14a529cbff8f1fed?s=96&d=mm&r=g","url":"https:\/\/secure.gravatar.com\/avatar\/2e39bb7b624068c575f434373fc1440c1bd421d6e1bdd21a14a529cbff8f1fed?s=96&d=mm&r=g","contentUrl":"https:\/\/secure.gravatar.com\/avatar\/2e39bb7b624068c575f434373fc1440c1bd421d6e1bdd21a14a529cbff8f1fed?s=96&d=mm&r=g","caption":"J\u00e9r\u00f4me"},"url":"https:\/\/www.avenue-literie.com\/blog\/author\/jerome\/"}]}},"_links":{"self":[{"href":"https:\/\/www.avenue-literie.com\/blog\/wp-json\/wp\/v2\/posts\/164","targetHints":{"allow":["GET"]}}],"collection":[{"href":"https:\/\/www.avenue-literie.com\/blog\/wp-json\/wp\/v2\/posts"}],"about":[{"href":"https:\/\/www.avenue-literie.com\/blog\/wp-json\/wp\/v2\/types\/post"}],"author":[{"embeddable":true,"href":"https:\/\/www.avenue-literie.com\/blog\/wp-json\/wp\/v2\/users\/2"}],"replies":[{"embeddable":true,"href":"https:\/\/www.avenue-literie.com\/blog\/wp-json\/wp\/v2\/comments?post=164"}],"version-history":[{"count":1,"href":"https:\/\/www.avenue-literie.com\/blog\/wp-json\/wp\/v2\/posts\/164\/revisions"}],"predecessor-version":[{"id":169,"href":"https:\/\/www.avenue-literie.com\/blog\/wp-json\/wp\/v2\/posts\/164\/revisions\/169"}],"wp:featuredmedia":[{"embeddable":true,"href":"https:\/\/www.avenue-literie.com\/blog\/wp-json\/wp\/v2\/media\/167"}],"wp:attachment":[{"href":"https:\/\/www.avenue-literie.com\/blog\/wp-json\/wp\/v2\/media?parent=164"}],"wp:term":[{"taxonomy":"category","embeddable":true,"href":"https:\/\/www.avenue-literie.com\/blog\/wp-json\/wp\/v2\/categories?post=164"},{"taxonomy":"post_tag","embeddable":true,"href":"https:\/\/www.avenue-literie.com\/blog\/wp-json\/wp\/v2\/tags?post=164"}],"curies":[{"name":"wp","href":"https:\/\/api.w.org\/{rel}","templated":true}]}}