{"id":2181,"date":"2022-10-18T07:50:10","date_gmt":"2022-10-18T07:50:10","guid":{"rendered":"https:\/\/www.avenue-literie.com\/blog\/?p=2181"},"modified":"2022-10-21T07:00:30","modified_gmt":"2022-10-21T07:00:30","slug":"crise-energetique-hiver-2022-2023-special-couettes-hiver-chaude-couette-francaise-chambre19","status":"publish","type":"post","link":"https:\/\/www.avenue-literie.com\/blog\/2022\/10\/18\/crise-energetique-hiver-2022-2023-special-couettes-hiver-chaude-couette-francaise-chambre19\/","title":{"rendered":"Crise \u00e9nerg\u00e9tique hiver 2022\/2023 : sp\u00e9cial couettes hiver chaude"},"content":{"rendered":"\n<figure class=\"wp-block-image size-full is-resized\"><img decoding=\"async\" src=\"https:\/\/www.avenue-literie.com\/blog\/wp-content\/uploads\/2022\/10\/Thermometre_hiver.png\" alt=\"\" class=\"wp-image-2186\" width=\"674\" height=\"565\" srcset=\"https:\/\/www.avenue-literie.com\/blog\/wp-content\/uploads\/2022\/10\/Thermometre_hiver.png 940w, https:\/\/www.avenue-literie.com\/blog\/wp-content\/uploads\/2022\/10\/Thermometre_hiver-300x251.png 300w, https:\/\/www.avenue-literie.com\/blog\/wp-content\/uploads\/2022\/10\/Thermometre_hiver-768x644.png 768w\" sizes=\"(max-width: 674px) 100vw, 674px\" \/><\/figure>\n\n\n\n<p>En cette p\u00e9riode de crise \u00e9nerg\u00e9tique, il nous faut redoubler d&rsquo; astuces pour faire des \u00e9conomies et surtout avoir chaud avec sa couette dans son lit.<\/p>\n\n\n\n<p>Baisser la temp\u00e9rature de 1 degr\u00e9 permet en th\u00e9orie de r\u00e9duire de 7 % le montant de vos factures li\u00e9es au chauffage&nbsp;<\/p>\n\n\n\n<p><em>Source :&nbsp; recommandation de l \u2018ADEME l&rsquo;agence de la transition \u00e9cologique<\/em><\/p>\n\n\n\n<h2 class=\"wp-block-heading\"><strong>La solution pour avoir chaud dans son lit : la couette Elsa Hiver<\/strong><\/h2>\n\n\n<div class=\"wp-block-image\">\n<figure class=\"aligncenter size-full\"><img decoding=\"async\" width=\"940\" height=\"788\" src=\"https:\/\/www.avenue-literie.com\/blog\/wp-content\/uploads\/2022\/10\/Couette_chaude_hiver.png\" alt=\"\" class=\"wp-image-2187\" srcset=\"https:\/\/www.avenue-literie.com\/blog\/wp-content\/uploads\/2022\/10\/Couette_chaude_hiver.png 940w, https:\/\/www.avenue-literie.com\/blog\/wp-content\/uploads\/2022\/10\/Couette_chaude_hiver-300x251.png 300w, https:\/\/www.avenue-literie.com\/blog\/wp-content\/uploads\/2022\/10\/Couette_chaude_hiver-768x644.png 768w\" sizes=\"(max-width: 767px) 89vw, (max-width: 1000px) 54vw, (max-width: 1071px) 543px, 580px\" \/><\/figure>\n<\/div>\n\n\n<p>D\u00e9couvrez nos couettes synth\u00e9tiques ELSA chaudes, gonflantes,&nbsp; fabriqu\u00e9es et confectionn\u00e9es dans notre atelier dans le centre de la France. Cette couette Elsa vous procure une bonne chaleur et une bonne isolation thermique pour vous pour une chambre entre 16 et 18 degr\u00e9s<\/p>\n\n\n\n<figure class=\"wp-block-image size-large is-resized\"><a href=\"https:\/\/www.avenue-literie.com\/couette-elsa-300x300-grande-taille.html\"><img decoding=\"async\" src=\"https:\/\/www.avenue-literie.com\/blog\/wp-content\/uploads\/2022\/10\/couette-king-size-1024x762.jpg\" alt=\"\" class=\"wp-image-2189\" width=\"449\" height=\"333\" srcset=\"https:\/\/www.avenue-literie.com\/blog\/wp-content\/uploads\/2022\/10\/couette-king-size-1024x762.jpg 1024w, https:\/\/www.avenue-literie.com\/blog\/wp-content\/uploads\/2022\/10\/couette-king-size-300x223.jpg 300w, https:\/\/www.avenue-literie.com\/blog\/wp-content\/uploads\/2022\/10\/couette-king-size-768x571.jpg 768w, https:\/\/www.avenue-literie.com\/blog\/wp-content\/uploads\/2022\/10\/couette-king-size.jpg 1500w\" sizes=\"(max-width: 449px) 100vw, 449px\" \/><\/a><\/figure>\n\n\n\n<p>Cette couette est chaude et id\u00e9ale pour vous garantir des nuits bien au chaud.<\/p>\n\n\n\n<p>La couette de qualit\u00e9 Elsa repr\u00e9sente un investissement rentabilis\u00e9 pour sa dur\u00e9e de vie. Pour avoir chaud cet hiver, choisissez une couette de fabrication et de confection fran\u00e7aise : Elsa. Toutes les dimensions de couettes Elsa sont propos\u00e9es :&nbsp;<\/p>\n\n\n\n<h2 class=\"wp-block-heading\"><strong>Les bonnes dimensions ou tailles d\u2019une couette pour son lit (exprim\u00e9es en centim\u00e8tres cm<\/strong>)<\/h2>\n\n\n\n<figure class=\"wp-block-table is-style-stripes\"><table class=\"has-background\" style=\"background-color:#8dd2fca1\"><tbody><tr><td class=\"has-text-align-left\" data-align=\"left\">Taille du lit (en cm)<\/td><td class=\"has-text-align-left\" data-align=\"left\">Dimension de la couette (en cm)<\/td><\/tr><tr><td class=\"has-text-align-left\" data-align=\"left\">90&#215;190\/200cm<\/td><td class=\"has-text-align-left\" data-align=\"left\">140x200cm ou 200x200cm<\/td><\/tr><tr><td class=\"has-text-align-left\" data-align=\"left\">120&#215;190\/200cm<\/td><td class=\"has-text-align-left\" data-align=\"left\">200x200cm ou 220x240cm<\/td><\/tr><tr><td class=\"has-text-align-left\" data-align=\"left\">140&#215;190\/200cm<\/td><td class=\"has-text-align-left\" data-align=\"left\">220x240cm<\/td><\/tr><tr><td class=\"has-text-align-left\" data-align=\"left\">160&#215;190\/200cm<\/td><td class=\"has-text-align-left\" data-align=\"left\">260x240cm<\/td><\/tr><tr><td class=\"has-text-align-left\" data-align=\"left\">180x200cm<\/td><td class=\"has-text-align-left\" data-align=\"left\">240x260cm ou 260x280cm<\/td><\/tr><tr><td class=\"has-text-align-left\" data-align=\"left\">200x200cm<\/td><td class=\"has-text-align-left\" data-align=\"left\">300x240cm ou 300x300cm<\/td><\/tr><\/tbody><\/table><figcaption>Les bonnes dimensions pour la couette Elsa hiver<\/figcaption><\/figure>\n\n\n\n<p><strong>Les couettes Elsa hiver dans les diff\u00e9rentes dimensions :<\/strong><\/p>\n\n\n\n<p><a href=\"https:\/\/www.avenue-literie.com\/couettes\/couettes\/200_x_200__-140_x_200__-couette_chaude-loire_confection_literie.html\" target=\"_blank\" rel=\"noreferrer noopener\">Couette Elsa Hiver 1 personne pour un lit de 90&#215;190 : Couette Elsa 400 g 140&#215;200 cm ou 200x200cm<\/a>&nbsp;<\/p>\n\n\n\n<p><a href=\"https:\/\/www.avenue-literie.com\/couettes\/couettes\/200_x_200__-220_x_240_-couette_chaude-loire_confection_literie-sans_traitement.html\">Couette Elsa Hiver&nbsp; 1 personne pour un lit&nbsp; 120&#215;190\/200 : Couette Elsa 400g 200x200cm ou 220x240cm<\/a><\/p>\n\n\n\n<p><a href=\"https:\/\/www.avenue-literie.com\/couettes\/couettes\/couette-synthetique-pas-chere\/220_x_240_-couette_chaude-loire_confection_literie.html\">Couette Elsa Hiver&nbsp; 2 personnes pour un lit standard&nbsp; de 140&#215;190\/200 : Couette Elsa 400g 220&#215;240 cm&nbsp;<\/a><\/p>\n\n\n\n<p><a href=\"https:\/\/www.avenue-literie.com\/couettes\/couettes\/couette-synthetique-pas-chere\/240_x_260__-couette_chaude-loire_confection_literie.html\">Couette Elsa Hiver&nbsp; 2 personnes pour un lit Queen size de 160&#215;200 : Couette Elsa 400g 260&#215;240 cm&nbsp;<\/a><\/p>\n\n\n\n<p><a href=\"https:\/\/www.avenue-literie.com\/couettes\/couettes\/couette-grandes-tailles-king-size-pas-chere\/240_x_280-280_x_260__.html\">Couette Elsa Hiver&nbsp; 2 personnes pour un lit King Size de 180&#215;200 : Couette Elsa 400g 240&#215;280 cm ou 260&#215;280 cm<\/a>&nbsp;<\/p>\n\n\n\n<p><a href=\"https:\/\/www.avenue-literie.com\/couettes\/couettes\/couette-grandes-tailles-king-size-pas-chere\/300_x_240-300_x_300.html\">Couette Elsa Hiver&nbsp; 2 personne pour un lit King Size de 200&#215;200 : Couette Elsa 400g 300&#215;240 cm ou 300&#215;300 cm<\/a>&nbsp;<\/p>\n","protected":false},"excerpt":{"rendered":"<p>En cette p\u00e9riode de crise \u00e9nerg\u00e9tique, il nous faut redoubler d&rsquo; astuces pour faire des \u00e9conomies et surtout avoir chaud avec sa couette dans son lit. Baisser la temp\u00e9rature de 1 degr\u00e9 permet en th\u00e9orie de r\u00e9duire de 7 % le montant de vos factures li\u00e9es au chauffage&nbsp; Source :&nbsp; recommandation de l \u2018ADEME l&rsquo;agence &hellip; <\/p>\n<p class=\"link-more\"><a href=\"https:\/\/www.avenue-literie.com\/blog\/2022\/10\/18\/crise-energetique-hiver-2022-2023-special-couettes-hiver-chaude-couette-francaise-chambre19\/\" class=\"more-link\">Continuer la lecture<span class=\"screen-reader-text\"> de &laquo;&nbsp;Crise \u00e9nerg\u00e9tique hiver 2022\/2023 : sp\u00e9cial couettes hiver chaude&nbsp;&raquo;<\/span><\/a><\/p>\n","protected":false},"author":2,"featured_media":2186,"comment_status":"closed","ping_status":"closed","sticky":true,"template":"","format":"standard","meta":{"footnotes":""},"categories":[1],"tags":[179,460,506,507,508,458],"class_list":["post-2181","post","type-post","status-publish","format-standard","has-post-thumbnail","hentry","category-actualites-literie","tag-couette-300x300","tag-couette-avenue-literie","tag-couette-chaude-hiver-2023","tag-couette-couette-king-size","tag-couette-elsa-300x300","tag-couette-francaise"],"yoast_head":"<!-- This site is optimized with the Yoast SEO plugin v27.4 - https:\/\/yoast.com\/product\/yoast-seo-wordpress\/ -->\n<title>Crise \u00e9nerg\u00e9tique hiver 2022\/2023 : sp\u00e9cial couettes hiver chaude - Le Blog Avenue Literie<\/title>\n<meta name=\"description\" content=\"couette chaude hiver 2023 , couette chaude, chambre 19 couette 400 grammes, couette hyper chaude, couette lourde, couette francaise\" \/>\n<meta name=\"robots\" content=\"index, follow, max-snippet:-1, max-image-preview:large, max-video-preview:-1\" \/>\n<link rel=\"canonical\" href=\"https:\/\/www.avenue-literie.com\/blog\/2022\/10\/18\/crise-energetique-hiver-2022-2023-special-couettes-hiver-chaude-couette-francaise-chambre19\/\" \/>\n<meta property=\"og:locale\" content=\"fr_FR\" \/>\n<meta property=\"og:type\" content=\"article\" \/>\n<meta property=\"og:title\" content=\"Couette chaude hiver pour chambre \u00e0 19 degres\" \/>\n<meta property=\"og:description\" content=\"Couette chaude hiver , bien chaud dans son lit, couette francaise 400g\" \/>\n<meta property=\"og:url\" content=\"https:\/\/www.avenue-literie.com\/blog\/2022\/10\/18\/crise-energetique-hiver-2022-2023-special-couettes-hiver-chaude-couette-francaise-chambre19\/\" \/>\n<meta property=\"og:site_name\" content=\"Le Blog Avenue Literie\" \/>\n<meta property=\"article:publisher\" content=\"https:\/\/www.facebook.com\/AvenueLiterieTroyes\/\" \/>\n<meta property=\"article:published_time\" content=\"2022-10-18T07:50:10+00:00\" \/>\n<meta property=\"article:modified_time\" content=\"2022-10-21T07:00:30+00:00\" \/>\n<meta property=\"og:image\" content=\"https:\/\/www.avenue-literie.com\/blog\/wp-content\/uploads\/2022\/10\/Couette_chaude_hiver.png\" \/>\n\t<meta property=\"og:image:width\" content=\"940\" \/>\n\t<meta property=\"og:image:height\" content=\"788\" \/>\n\t<meta property=\"og:image:type\" content=\"image\/png\" \/>\n<meta name=\"author\" content=\"J\u00e9r\u00f4me\" \/>\n<meta name=\"twitter:card\" content=\"summary_large_image\" \/>\n<meta name=\"twitter:title\" content=\"Couette chaude hiver , couette francaise 400g chmabre \u00e0 19 degres\" \/>\n<meta name=\"twitter:image\" content=\"https:\/\/www.avenue-literie.com\/blog\/wp-content\/uploads\/2022\/10\/Couette_chaude_hiver.png\" \/>\n<meta name=\"twitter:creator\" content=\"@avenue_literie\" \/>\n<meta name=\"twitter:site\" content=\"@avenue_literie\" \/>\n<meta name=\"twitter:label1\" content=\"\u00c9crit par\" \/>\n\t<meta name=\"twitter:data1\" content=\"J\u00e9r\u00f4me\" \/>\n\t<meta name=\"twitter:label2\" content=\"Dur\u00e9e de lecture estim\u00e9e\" \/>\n\t<meta name=\"twitter:data2\" content=\"2 minutes\" \/>\n<script type=\"application\/ld+json\" class=\"yoast-schema-graph\">{\"@context\":\"https:\\\/\\\/schema.org\",\"@graph\":[{\"@type\":\"Article\",\"@id\":\"https:\\\/\\\/www.avenue-literie.com\\\/blog\\\/2022\\\/10\\\/18\\\/crise-energetique-hiver-2022-2023-special-couettes-hiver-chaude-couette-francaise-chambre19\\\/#article\",\"isPartOf\":{\"@id\":\"https:\\\/\\\/www.avenue-literie.com\\\/blog\\\/2022\\\/10\\\/18\\\/crise-energetique-hiver-2022-2023-special-couettes-hiver-chaude-couette-francaise-chambre19\\\/\"},\"author\":{\"name\":\"J\u00e9r\u00f4me\",\"@id\":\"https:\\\/\\\/www.avenue-literie.com\\\/blog\\\/#\\\/schema\\\/person\\\/add6301bb28276c53d992ec5ef2f17ae\"},\"headline\":\"Crise \u00e9nerg\u00e9tique hiver 2022\\\/2023 : sp\u00e9cial couettes hiver chaude\",\"datePublished\":\"2022-10-18T07:50:10+00:00\",\"dateModified\":\"2022-10-21T07:00:30+00:00\",\"mainEntityOfPage\":{\"@id\":\"https:\\\/\\\/www.avenue-literie.com\\\/blog\\\/2022\\\/10\\\/18\\\/crise-energetique-hiver-2022-2023-special-couettes-hiver-chaude-couette-francaise-chambre19\\\/\"},\"wordCount\":382,\"publisher\":{\"@id\":\"https:\\\/\\\/www.avenue-literie.com\\\/blog\\\/#organization\"},\"image\":{\"@id\":\"https:\\\/\\\/www.avenue-literie.com\\\/blog\\\/2022\\\/10\\\/18\\\/crise-energetique-hiver-2022-2023-special-couettes-hiver-chaude-couette-francaise-chambre19\\\/#primaryimage\"},\"thumbnailUrl\":\"https:\\\/\\\/www.avenue-literie.com\\\/blog\\\/wp-content\\\/uploads\\\/2022\\\/10\\\/Thermometre_hiver.png\",\"keywords\":[\"couette 300x300\",\"couette avenue literie\",\"Couette chaude hiver 2023\",\"Couette couette king size\",\"Couette Elsa 300x300\",\"couette fran\u00e7aise\"],\"articleSection\":[\"Actualit\u00e9s\"],\"inLanguage\":\"fr-FR\"},{\"@type\":\"WebPage\",\"@id\":\"https:\\\/\\\/www.avenue-literie.com\\\/blog\\\/2022\\\/10\\\/18\\\/crise-energetique-hiver-2022-2023-special-couettes-hiver-chaude-couette-francaise-chambre19\\\/\",\"url\":\"https:\\\/\\\/www.avenue-literie.com\\\/blog\\\/2022\\\/10\\\/18\\\/crise-energetique-hiver-2022-2023-special-couettes-hiver-chaude-couette-francaise-chambre19\\\/\",\"name\":\"Crise \u00e9nerg\u00e9tique hiver 2022\\\/2023 : sp\u00e9cial couettes hiver chaude - Le Blog Avenue Literie\",\"isPartOf\":{\"@id\":\"https:\\\/\\\/www.avenue-literie.com\\\/blog\\\/#website\"},\"primaryImageOfPage\":{\"@id\":\"https:\\\/\\\/www.avenue-literie.com\\\/blog\\\/2022\\\/10\\\/18\\\/crise-energetique-hiver-2022-2023-special-couettes-hiver-chaude-couette-francaise-chambre19\\\/#primaryimage\"},\"image\":{\"@id\":\"https:\\\/\\\/www.avenue-literie.com\\\/blog\\\/2022\\\/10\\\/18\\\/crise-energetique-hiver-2022-2023-special-couettes-hiver-chaude-couette-francaise-chambre19\\\/#primaryimage\"},\"thumbnailUrl\":\"https:\\\/\\\/www.avenue-literie.com\\\/blog\\\/wp-content\\\/uploads\\\/2022\\\/10\\\/Thermometre_hiver.png\",\"datePublished\":\"2022-10-18T07:50:10+00:00\",\"dateModified\":\"2022-10-21T07:00:30+00:00\",\"description\":\"couette chaude hiver 2023 , couette chaude, chambre 19 couette 400 grammes, couette hyper chaude, couette lourde, couette francaise\",\"breadcrumb\":{\"@id\":\"https:\\\/\\\/www.avenue-literie.com\\\/blog\\\/2022\\\/10\\\/18\\\/crise-energetique-hiver-2022-2023-special-couettes-hiver-chaude-couette-francaise-chambre19\\\/#breadcrumb\"},\"inLanguage\":\"fr-FR\",\"potentialAction\":[{\"@type\":\"ReadAction\",\"target\":[\"https:\\\/\\\/www.avenue-literie.com\\\/blog\\\/2022\\\/10\\\/18\\\/crise-energetique-hiver-2022-2023-special-couettes-hiver-chaude-couette-francaise-chambre19\\\/\"]}]},{\"@type\":\"ImageObject\",\"inLanguage\":\"fr-FR\",\"@id\":\"https:\\\/\\\/www.avenue-literie.com\\\/blog\\\/2022\\\/10\\\/18\\\/crise-energetique-hiver-2022-2023-special-couettes-hiver-chaude-couette-francaise-chambre19\\\/#primaryimage\",\"url\":\"https:\\\/\\\/www.avenue-literie.com\\\/blog\\\/wp-content\\\/uploads\\\/2022\\\/10\\\/Thermometre_hiver.png\",\"contentUrl\":\"https:\\\/\\\/www.avenue-literie.com\\\/blog\\\/wp-content\\\/uploads\\\/2022\\\/10\\\/Thermometre_hiver.png\",\"width\":940,\"height\":788,\"caption\":\"Couette chaude, gonflante\"},{\"@type\":\"BreadcrumbList\",\"@id\":\"https:\\\/\\\/www.avenue-literie.com\\\/blog\\\/2022\\\/10\\\/18\\\/crise-energetique-hiver-2022-2023-special-couettes-hiver-chaude-couette-francaise-chambre19\\\/#breadcrumb\",\"itemListElement\":[{\"@type\":\"ListItem\",\"position\":1,\"name\":\"Home\",\"item\":\"https:\\\/\\\/www.avenue-literie.com\\\/blog\\\/\"},{\"@type\":\"ListItem\",\"position\":2,\"name\":\"Actualit\u00e9s\",\"item\":\"https:\\\/\\\/www.avenue-literie.com\\\/blog\\\/category\\\/actualites-literie\\\/\"},{\"@type\":\"ListItem\",\"position\":3,\"name\":\"Crise \u00e9nerg\u00e9tique hiver 2022\\\/2023 : sp\u00e9cial couettes hiver chaude\"}]},{\"@type\":\"WebSite\",\"@id\":\"https:\\\/\\\/www.avenue-literie.com\\\/blog\\\/#website\",\"url\":\"https:\\\/\\\/www.avenue-literie.com\\\/blog\\\/\",\"name\":\"Le Blog Avenue Literie\",\"description\":\"Le blog du conseil en literie\",\"publisher\":{\"@id\":\"https:\\\/\\\/www.avenue-literie.com\\\/blog\\\/#organization\"},\"potentialAction\":[{\"@type\":\"SearchAction\",\"target\":{\"@type\":\"EntryPoint\",\"urlTemplate\":\"https:\\\/\\\/www.avenue-literie.com\\\/blog\\\/?s={search_term_string}\"},\"query-input\":{\"@type\":\"PropertyValueSpecification\",\"valueRequired\":true,\"valueName\":\"search_term_string\"}}],\"inLanguage\":\"fr-FR\"},{\"@type\":\"Organization\",\"@id\":\"https:\\\/\\\/www.avenue-literie.com\\\/blog\\\/#organization\",\"name\":\"Le blog Avenue Literie\",\"alternateName\":\"Le blog Avenue Literie\",\"url\":\"https:\\\/\\\/www.avenue-literie.com\\\/blog\\\/\",\"logo\":{\"@type\":\"ImageObject\",\"inLanguage\":\"fr-FR\",\"@id\":\"https:\\\/\\\/www.avenue-literie.com\\\/blog\\\/#\\\/schema\\\/logo\\\/image\\\/\",\"url\":\"https:\\\/\\\/www.avenue-literie.com\\\/blog\\\/wp-content\\\/uploads\\\/2022\\\/04\\\/cropped-Gros-logo-avenue-literie-sans-arriere-fond-blanc.png\",\"contentUrl\":\"https:\\\/\\\/www.avenue-literie.com\\\/blog\\\/wp-content\\\/uploads\\\/2022\\\/04\\\/cropped-Gros-logo-avenue-literie-sans-arriere-fond-blanc.png\",\"width\":1479,\"height\":250,\"caption\":\"Le blog Avenue Literie\"},\"image\":{\"@id\":\"https:\\\/\\\/www.avenue-literie.com\\\/blog\\\/#\\\/schema\\\/logo\\\/image\\\/\"},\"sameAs\":[\"https:\\\/\\\/www.facebook.com\\\/AvenueLiterieTroyes\\\/\",\"https:\\\/\\\/x.com\\\/avenue_literie\",\"https:\\\/\\\/www.instagram.com\\\/avenueliterie\\\/\",\"https:\\\/\\\/www.pinterest.fr\\\/avenueliterie\\\/\"]},{\"@type\":\"Person\",\"@id\":\"https:\\\/\\\/www.avenue-literie.com\\\/blog\\\/#\\\/schema\\\/person\\\/add6301bb28276c53d992ec5ef2f17ae\",\"name\":\"J\u00e9r\u00f4me\",\"image\":{\"@type\":\"ImageObject\",\"inLanguage\":\"fr-FR\",\"@id\":\"https:\\\/\\\/secure.gravatar.com\\\/avatar\\\/2e39bb7b624068c575f434373fc1440c1bd421d6e1bdd21a14a529cbff8f1fed?s=96&d=mm&r=g\",\"url\":\"https:\\\/\\\/secure.gravatar.com\\\/avatar\\\/2e39bb7b624068c575f434373fc1440c1bd421d6e1bdd21a14a529cbff8f1fed?s=96&d=mm&r=g\",\"contentUrl\":\"https:\\\/\\\/secure.gravatar.com\\\/avatar\\\/2e39bb7b624068c575f434373fc1440c1bd421d6e1bdd21a14a529cbff8f1fed?s=96&d=mm&r=g\",\"caption\":\"J\u00e9r\u00f4me\"},\"url\":\"https:\\\/\\\/www.avenue-literie.com\\\/blog\\\/author\\\/jerome\\\/\"}]}<\/script>\n<!-- \/ Yoast SEO plugin. -->","yoast_head_json":{"title":"Crise \u00e9nerg\u00e9tique hiver 2022\/2023 : sp\u00e9cial couettes hiver chaude - Le Blog Avenue Literie","description":"couette chaude hiver 2023 , couette chaude, chambre 19 couette 400 grammes, couette hyper chaude, couette lourde, couette francaise","robots":{"index":"index","follow":"follow","max-snippet":"max-snippet:-1","max-image-preview":"max-image-preview:large","max-video-preview":"max-video-preview:-1"},"canonical":"https:\/\/www.avenue-literie.com\/blog\/2022\/10\/18\/crise-energetique-hiver-2022-2023-special-couettes-hiver-chaude-couette-francaise-chambre19\/","og_locale":"fr_FR","og_type":"article","og_title":"Couette chaude hiver pour chambre \u00e0 19 degres","og_description":"Couette chaude hiver , bien chaud dans son lit, couette francaise 400g","og_url":"https:\/\/www.avenue-literie.com\/blog\/2022\/10\/18\/crise-energetique-hiver-2022-2023-special-couettes-hiver-chaude-couette-francaise-chambre19\/","og_site_name":"Le Blog Avenue Literie","article_publisher":"https:\/\/www.facebook.com\/AvenueLiterieTroyes\/","article_published_time":"2022-10-18T07:50:10+00:00","article_modified_time":"2022-10-21T07:00:30+00:00","og_image":[{"width":940,"height":788,"url":"https:\/\/www.avenue-literie.com\/blog\/wp-content\/uploads\/2022\/10\/Couette_chaude_hiver.png","type":"image\/png"}],"author":"J\u00e9r\u00f4me","twitter_card":"summary_large_image","twitter_title":"Couette chaude hiver , couette francaise 400g chmabre \u00e0 19 degres","twitter_image":"https:\/\/www.avenue-literie.com\/blog\/wp-content\/uploads\/2022\/10\/Couette_chaude_hiver.png","twitter_creator":"@avenue_literie","twitter_site":"@avenue_literie","twitter_misc":{"\u00c9crit par":"J\u00e9r\u00f4me","Dur\u00e9e de lecture estim\u00e9e":"2 minutes"},"schema":{"@context":"https:\/\/schema.org","@graph":[{"@type":"Article","@id":"https:\/\/www.avenue-literie.com\/blog\/2022\/10\/18\/crise-energetique-hiver-2022-2023-special-couettes-hiver-chaude-couette-francaise-chambre19\/#article","isPartOf":{"@id":"https:\/\/www.avenue-literie.com\/blog\/2022\/10\/18\/crise-energetique-hiver-2022-2023-special-couettes-hiver-chaude-couette-francaise-chambre19\/"},"author":{"name":"J\u00e9r\u00f4me","@id":"https:\/\/www.avenue-literie.com\/blog\/#\/schema\/person\/add6301bb28276c53d992ec5ef2f17ae"},"headline":"Crise \u00e9nerg\u00e9tique hiver 2022\/2023 : sp\u00e9cial couettes hiver chaude","datePublished":"2022-10-18T07:50:10+00:00","dateModified":"2022-10-21T07:00:30+00:00","mainEntityOfPage":{"@id":"https:\/\/www.avenue-literie.com\/blog\/2022\/10\/18\/crise-energetique-hiver-2022-2023-special-couettes-hiver-chaude-couette-francaise-chambre19\/"},"wordCount":382,"publisher":{"@id":"https:\/\/www.avenue-literie.com\/blog\/#organization"},"image":{"@id":"https:\/\/www.avenue-literie.com\/blog\/2022\/10\/18\/crise-energetique-hiver-2022-2023-special-couettes-hiver-chaude-couette-francaise-chambre19\/#primaryimage"},"thumbnailUrl":"https:\/\/www.avenue-literie.com\/blog\/wp-content\/uploads\/2022\/10\/Thermometre_hiver.png","keywords":["couette 300x300","couette avenue literie","Couette chaude hiver 2023","Couette couette king size","Couette Elsa 300x300","couette fran\u00e7aise"],"articleSection":["Actualit\u00e9s"],"inLanguage":"fr-FR"},{"@type":"WebPage","@id":"https:\/\/www.avenue-literie.com\/blog\/2022\/10\/18\/crise-energetique-hiver-2022-2023-special-couettes-hiver-chaude-couette-francaise-chambre19\/","url":"https:\/\/www.avenue-literie.com\/blog\/2022\/10\/18\/crise-energetique-hiver-2022-2023-special-couettes-hiver-chaude-couette-francaise-chambre19\/","name":"Crise \u00e9nerg\u00e9tique hiver 2022\/2023 : sp\u00e9cial couettes hiver chaude - Le Blog Avenue Literie","isPartOf":{"@id":"https:\/\/www.avenue-literie.com\/blog\/#website"},"primaryImageOfPage":{"@id":"https:\/\/www.avenue-literie.com\/blog\/2022\/10\/18\/crise-energetique-hiver-2022-2023-special-couettes-hiver-chaude-couette-francaise-chambre19\/#primaryimage"},"image":{"@id":"https:\/\/www.avenue-literie.com\/blog\/2022\/10\/18\/crise-energetique-hiver-2022-2023-special-couettes-hiver-chaude-couette-francaise-chambre19\/#primaryimage"},"thumbnailUrl":"https:\/\/www.avenue-literie.com\/blog\/wp-content\/uploads\/2022\/10\/Thermometre_hiver.png","datePublished":"2022-10-18T07:50:10+00:00","dateModified":"2022-10-21T07:00:30+00:00","description":"couette chaude hiver 2023 , couette chaude, chambre 19 couette 400 grammes, couette hyper chaude, couette lourde, couette francaise","breadcrumb":{"@id":"https:\/\/www.avenue-literie.com\/blog\/2022\/10\/18\/crise-energetique-hiver-2022-2023-special-couettes-hiver-chaude-couette-francaise-chambre19\/#breadcrumb"},"inLanguage":"fr-FR","potentialAction":[{"@type":"ReadAction","target":["https:\/\/www.avenue-literie.com\/blog\/2022\/10\/18\/crise-energetique-hiver-2022-2023-special-couettes-hiver-chaude-couette-francaise-chambre19\/"]}]},{"@type":"ImageObject","inLanguage":"fr-FR","@id":"https:\/\/www.avenue-literie.com\/blog\/2022\/10\/18\/crise-energetique-hiver-2022-2023-special-couettes-hiver-chaude-couette-francaise-chambre19\/#primaryimage","url":"https:\/\/www.avenue-literie.com\/blog\/wp-content\/uploads\/2022\/10\/Thermometre_hiver.png","contentUrl":"https:\/\/www.avenue-literie.com\/blog\/wp-content\/uploads\/2022\/10\/Thermometre_hiver.png","width":940,"height":788,"caption":"Couette chaude, gonflante"},{"@type":"BreadcrumbList","@id":"https:\/\/www.avenue-literie.com\/blog\/2022\/10\/18\/crise-energetique-hiver-2022-2023-special-couettes-hiver-chaude-couette-francaise-chambre19\/#breadcrumb","itemListElement":[{"@type":"ListItem","position":1,"name":"Home","item":"https:\/\/www.avenue-literie.com\/blog\/"},{"@type":"ListItem","position":2,"name":"Actualit\u00e9s","item":"https:\/\/www.avenue-literie.com\/blog\/category\/actualites-literie\/"},{"@type":"ListItem","position":3,"name":"Crise \u00e9nerg\u00e9tique hiver 2022\/2023 : sp\u00e9cial couettes hiver chaude"}]},{"@type":"WebSite","@id":"https:\/\/www.avenue-literie.com\/blog\/#website","url":"https:\/\/www.avenue-literie.com\/blog\/","name":"Le Blog Avenue Literie","description":"Le blog du conseil en literie","publisher":{"@id":"https:\/\/www.avenue-literie.com\/blog\/#organization"},"potentialAction":[{"@type":"SearchAction","target":{"@type":"EntryPoint","urlTemplate":"https:\/\/www.avenue-literie.com\/blog\/?s={search_term_string}"},"query-input":{"@type":"PropertyValueSpecification","valueRequired":true,"valueName":"search_term_string"}}],"inLanguage":"fr-FR"},{"@type":"Organization","@id":"https:\/\/www.avenue-literie.com\/blog\/#organization","name":"Le blog Avenue Literie","alternateName":"Le blog Avenue Literie","url":"https:\/\/www.avenue-literie.com\/blog\/","logo":{"@type":"ImageObject","inLanguage":"fr-FR","@id":"https:\/\/www.avenue-literie.com\/blog\/#\/schema\/logo\/image\/","url":"https:\/\/www.avenue-literie.com\/blog\/wp-content\/uploads\/2022\/04\/cropped-Gros-logo-avenue-literie-sans-arriere-fond-blanc.png","contentUrl":"https:\/\/www.avenue-literie.com\/blog\/wp-content\/uploads\/2022\/04\/cropped-Gros-logo-avenue-literie-sans-arriere-fond-blanc.png","width":1479,"height":250,"caption":"Le blog Avenue Literie"},"image":{"@id":"https:\/\/www.avenue-literie.com\/blog\/#\/schema\/logo\/image\/"},"sameAs":["https:\/\/www.facebook.com\/AvenueLiterieTroyes\/","https:\/\/x.com\/avenue_literie","https:\/\/www.instagram.com\/avenueliterie\/","https:\/\/www.pinterest.fr\/avenueliterie\/"]},{"@type":"Person","@id":"https:\/\/www.avenue-literie.com\/blog\/#\/schema\/person\/add6301bb28276c53d992ec5ef2f17ae","name":"J\u00e9r\u00f4me","image":{"@type":"ImageObject","inLanguage":"fr-FR","@id":"https:\/\/secure.gravatar.com\/avatar\/2e39bb7b624068c575f434373fc1440c1bd421d6e1bdd21a14a529cbff8f1fed?s=96&d=mm&r=g","url":"https:\/\/secure.gravatar.com\/avatar\/2e39bb7b624068c575f434373fc1440c1bd421d6e1bdd21a14a529cbff8f1fed?s=96&d=mm&r=g","contentUrl":"https:\/\/secure.gravatar.com\/avatar\/2e39bb7b624068c575f434373fc1440c1bd421d6e1bdd21a14a529cbff8f1fed?s=96&d=mm&r=g","caption":"J\u00e9r\u00f4me"},"url":"https:\/\/www.avenue-literie.com\/blog\/author\/jerome\/"}]}},"_links":{"self":[{"href":"https:\/\/www.avenue-literie.com\/blog\/wp-json\/wp\/v2\/posts\/2181","targetHints":{"allow":["GET"]}}],"collection":[{"href":"https:\/\/www.avenue-literie.com\/blog\/wp-json\/wp\/v2\/posts"}],"about":[{"href":"https:\/\/www.avenue-literie.com\/blog\/wp-json\/wp\/v2\/types\/post"}],"author":[{"embeddable":true,"href":"https:\/\/www.avenue-literie.com\/blog\/wp-json\/wp\/v2\/users\/2"}],"replies":[{"embeddable":true,"href":"https:\/\/www.avenue-literie.com\/blog\/wp-json\/wp\/v2\/comments?post=2181"}],"version-history":[{"count":13,"href":"https:\/\/www.avenue-literie.com\/blog\/wp-json\/wp\/v2\/posts\/2181\/revisions"}],"predecessor-version":[{"id":2224,"href":"https:\/\/www.avenue-literie.com\/blog\/wp-json\/wp\/v2\/posts\/2181\/revisions\/2224"}],"wp:featuredmedia":[{"embeddable":true,"href":"https:\/\/www.avenue-literie.com\/blog\/wp-json\/wp\/v2\/media\/2186"}],"wp:attachment":[{"href":"https:\/\/www.avenue-literie.com\/blog\/wp-json\/wp\/v2\/media?parent=2181"}],"wp:term":[{"taxonomy":"category","embeddable":true,"href":"https:\/\/www.avenue-literie.com\/blog\/wp-json\/wp\/v2\/categories?post=2181"},{"taxonomy":"post_tag","embeddable":true,"href":"https:\/\/www.avenue-literie.com\/blog\/wp-json\/wp\/v2\/tags?post=2181"}],"curies":[{"name":"wp","href":"https:\/\/api.w.org\/{rel}","templated":true}]}}