{"id":2201,"date":"2022-10-21T07:21:41","date_gmt":"2022-10-21T07:21:41","guid":{"rendered":"https:\/\/www.avenue-literie.com\/blog\/?p=2201"},"modified":"2024-05-25T08:53:03","modified_gmt":"2024-05-25T08:53:03","slug":"matelas-non-feu-m1-speciales-collectivites-pour-les-professionnels-gite-chambre-hote","status":"publish","type":"post","link":"https:\/\/www.avenue-literie.com\/blog\/2022\/10\/21\/matelas-non-feu-m1-speciales-collectivites-pour-les-professionnels-gite-chambre-hote\/","title":{"rendered":"Matelas Anti-Feu M1 Non Feu sp\u00e9ciales collectivit\u00e9s pour les professionnels : les normes."},"content":{"rendered":"\n<figure class=\"wp-block-image size-large\"><img decoding=\"async\" width=\"1024\" height=\"576\" src=\"https:\/\/www.avenue-literie.com\/blog\/wp-content\/uploads\/2022\/10\/matelas_anti_feu_m1-1024x576.png\" alt=\"\" class=\"wp-image-2226\" srcset=\"https:\/\/www.avenue-literie.com\/blog\/wp-content\/uploads\/2022\/10\/matelas_anti_feu_m1-1024x576.png 1024w, https:\/\/www.avenue-literie.com\/blog\/wp-content\/uploads\/2022\/10\/matelas_anti_feu_m1-300x169.png 300w, https:\/\/www.avenue-literie.com\/blog\/wp-content\/uploads\/2022\/10\/matelas_anti_feu_m1-768x432.png 768w, https:\/\/www.avenue-literie.com\/blog\/wp-content\/uploads\/2022\/10\/matelas_anti_feu_m1-1536x864.png 1536w, https:\/\/www.avenue-literie.com\/blog\/wp-content\/uploads\/2022\/10\/matelas_anti_feu_m1.png 1920w\" sizes=\"(max-width: 767px) 89vw, (max-width: 1000px) 54vw, (max-width: 1071px) 543px, 580px\" \/><\/figure>\n\n\n\n<h3 class=\"wp-block-heading\">Pr\u00e9cision pour les matelas professionnels sp\u00e9cial collectivit\u00e9 : <\/h3>\n\n\n\n<p>Pr\u00e9cision et \u00e9clairage pour les normes non feu des matelas&nbsp;destin\u00e9s pour tous les ERP (<strong> E<\/strong>tablissements <strong>R<\/strong>ecevant du<strong> P<\/strong>ublic) <\/p>\n\n\n\n<div style=\"height:18px\" aria-hidden=\"true\" class=\"wp-block-spacer\"><\/div>\n\n\n\n<p>La Norme <strong>NF EN 597-1 et 2<\/strong><br>NF EN 597-1 et 2&nbsp;est une norme relative \u00e0 la s\u00e9curit\u00e9 <a href=\"https:\/\/www.avenue-literie.com\/matelas\/matelas-m1-collectivite-anti-feu.html\">des&nbsp;ma<\/a><a href=\"https:\/\/www.avenue-literie.com\/matelas\/matelas-m1-collectivite-anti-feu.html\" target=\"_blank\" rel=\"noreferrer noopener\">telas <\/a>.<br>Cette norme pr\u00e9cise la non allumabilit\u00e9 des matelas et sommiers rembourr\u00e9s :<br>Partie 1 \u2013 Source d\u2019allumage cigarette en combustion.<br>Partie 2 \u2013 Source d\u2019allumage \u00e9quivalente \u00e0 une allumette<br>Les matelas, \u00e0 l\u2019exception de certains dispositifs m\u00e9dicaux, doivent r\u00e9pondre \u00e0 la norme NF EN 597-1 et 2<\/p>\n\n\n\n<div style=\"height:18px\" aria-hidden=\"true\" class=\"wp-block-spacer\"><\/div>\n\n\n\n<h3 class=\"wp-block-heading\">Classification <strong>de l\u2019inflammabilit\u00e9 des mat\u00e9riaux<\/strong> d\u00e9finissant la r\u00e9sistance au feu selon 6 cat\u00e9gories :<\/h3>\n\n\n\n<div style=\"height:18px\" aria-hidden=\"true\" class=\"wp-block-spacer\"><\/div>\n\n\n\n<ul class=\"wp-block-list\">\n<li>M0 : Incombustible, ininflammable<\/li>\n\n\n\n<li><strong>M1 : Combustible, ininflammable.<\/strong>&nbsp;Certifie qu\u2019en cas de feu un textile est non-inflammable et ne d\u00e9gage pas de fum\u00e9e.<\/li>\n\n\n\n<li>M2 : Combustible, difficilement inflammable<\/li>\n\n\n\n<li>M3 : Combustible, moyennement inflammable<\/li>\n\n\n\n<li>M4 : Combustible, facilement inflammable<\/li>\n\n\n\n<li>M5 : Combustible, tr\u00e8s facilement inflammable<\/li>\n<\/ul>\n\n\n\n<div style=\"height:18px\" aria-hidden=\"true\" class=\"wp-block-spacer\"><\/div>\n\n\n\n<p>D\u00e9couvrez nos matelas qui r\u00e9pondent \u00e0 vous,  professionnels&nbsp;des secteurs concern\u00e9s ci-dessous. <\/p>\n\n\n\n<figure class=\"wp-block-image size-large\"><img decoding=\"async\" width=\"1024\" height=\"576\" src=\"https:\/\/www.avenue-literie.com\/blog\/wp-content\/uploads\/2022\/10\/Matelas-collectivite-1024x576.png\" alt=\"\" class=\"wp-image-2227\" srcset=\"https:\/\/www.avenue-literie.com\/blog\/wp-content\/uploads\/2022\/10\/Matelas-collectivite-1024x576.png 1024w, https:\/\/www.avenue-literie.com\/blog\/wp-content\/uploads\/2022\/10\/Matelas-collectivite-300x169.png 300w, https:\/\/www.avenue-literie.com\/blog\/wp-content\/uploads\/2022\/10\/Matelas-collectivite-768x432.png 768w, https:\/\/www.avenue-literie.com\/blog\/wp-content\/uploads\/2022\/10\/Matelas-collectivite-1536x864.png 1536w, https:\/\/www.avenue-literie.com\/blog\/wp-content\/uploads\/2022\/10\/Matelas-collectivite.png 1920w\" sizes=\"(max-width: 767px) 89vw, (max-width: 1000px) 54vw, (max-width: 1071px) 543px, 580px\" \/><figcaption class=\"wp-element-caption\">Matelas d\u00e9houssable collectivit\u00e9<\/figcaption><\/figure>\n\n\n\n<h3 class=\"wp-block-heading\">Nos matelas respectent les normes de r\u00e9sistances au feu en vigueur dans les Etablissements Recevant du Public (E.R.P) :<\/h3>\n\n\n\n<p>RESIDIENCE ETUDIANTES<\/p>\n\n\n\n<p>RESIDENCE SOCIALES<\/p>\n\n\n\n<p>ETABLISSEMENTS DE SOINS ET DE SANTE <\/p>\n\n\n\n<p>RESIDENCE DE TOURISME &amp; CAMPINGS<\/p>\n\n\n\n<p>HOTELLERIE <\/p>\n\n\n\n<p>ETABLISSEMENTS A RISQUE ET PRISONS<\/p>\n\n\n\n<p>CRECHES<\/p>\n\n\n\n<div style=\"height:18px\" aria-hidden=\"true\" class=\"wp-block-spacer\"><\/div>\n\n\n\n<p>Des matelas sp\u00e9ciales collectivit\u00e9s confortables, facile d\u2019entretien et durables.<\/p>\n\n\n\n<p>Nos matelas sont respectueux pour votre sant\u00e9, ainsi, les mousses et les textiles sont certifi\u00e9s O ECO TEX Standard 100.<br>Garantie sans l\u2019absence de produit toxique pour le corps et l\u2019environnement.<\/p>\n\n\n\n<div style=\"height:18px\" aria-hidden=\"true\" class=\"wp-block-spacer\"><\/div>\n\n\n\n<p><strong>REGLEMENTATION DE RESISTANCE AU FEU DES MATELAS<\/strong><\/p>\n\n\n\n<p>1\u00b0\/Normes et Recommandations pour les matelas<\/p>\n\n\n\n<figure class=\"wp-block-table is-style-stripes\"><table class=\"has-black-color has-pale-cyan-blue-background-color has-text-color has-background\"><tbody><tr><td>Application d&rsquo;une cigarette (incendie accidentel)<\/td><td>D1-90 classe E<\/td><td>NF EN 597 partie 1<\/td><\/tr><tr><td>Application d\u2019une allumette (incendie accidentel)<\/td><td>D1-90 classe D<\/td><td>NF EN 597 partie 1<\/td><\/tr><tr><td>Application d\u2019une petite flamme (incendie volontaire)<\/td><td>D1-90 classe C<\/td><td><\/td><\/tr><tr><td>Application d\u2019une flamme de taille moyenne (incendie volontaire)<\/td><td>D1-90 classe B<\/td><td><\/td><\/tr><tr><td>Application d\u2019une grande flamme (incendie volontaire)<\/td><td>D1-90 classe A<\/td><td><\/td><\/tr><\/tbody><\/table><figcaption class=\"wp-element-caption\">Normes et Recommandations pour les matelas collectivit\u00e9<\/figcaption><\/figure>\n\n\n\n<p><\/p>\n\n\n\n<p>2\u00b0\/Applications des normes et recommandations pour les matelas <\/p>\n\n\n\n<figure class=\"wp-block-table is-style-stripes\"><table class=\"has-pale-cyan-blue-background-color has-background\"><tbody><tr><td>Etablissements de soins : E.R.P. de type U (Etablissement de soins)<\/td><td>Norme NF EN 597-1 \u2013 Art U23 arr\u00eat\u00e9 du 10\/12\/2004<\/td><\/tr><tr><td>Etablissements de soins &amp; foyers de personnes \u00e2g\u00e9es (s\u00e9jours &lt;15 jours)<\/td><td>Recommandation D1-90 classe D \u2013 GPEM\/CP\u00b9<\/td><\/tr><tr><td>Etablissements de soins &amp; foyers de personnes \u00e2g\u00e9es (s\u00e9jours &gt;15 jours)&nbsp;<\/td><td>Recommandation D1-90 classe C \u2013 GPEM\/CP\u00b9<\/td><\/tr><tr><td>Etablissements \u00e0 haut risques : prisons &amp; services psychiatriques des h\u00f4pitaux<\/td><td>Recommandation D1-90 classe A \u2013 GPEM\/CP\u00b9<\/td><\/tr><\/tbody><\/table><figcaption class=\"wp-element-caption\">Applications des normes et recommandations pour les matelas collectivit\u00e9<\/figcaption><\/figure>\n\n\n\n<p>\u00b9GPEM\/CP : Groupe Permanent d\u2019\u00e9tude des march\u00e9s de produits des industries Chimiques et Parachimiques.<\/p>\n\n\n\n<figure class=\"wp-block-image size-large\"><img decoding=\"async\" width=\"1024\" height=\"576\" src=\"https:\/\/www.avenue-literie.com\/blog\/wp-content\/uploads\/2022\/10\/Matelas_anti_feu_avenue_literie-1024x576.png\" alt=\"\" class=\"wp-image-2228\" srcset=\"https:\/\/www.avenue-literie.com\/blog\/wp-content\/uploads\/2022\/10\/Matelas_anti_feu_avenue_literie-1024x576.png 1024w, https:\/\/www.avenue-literie.com\/blog\/wp-content\/uploads\/2022\/10\/Matelas_anti_feu_avenue_literie-300x169.png 300w, https:\/\/www.avenue-literie.com\/blog\/wp-content\/uploads\/2022\/10\/Matelas_anti_feu_avenue_literie-768x432.png 768w, https:\/\/www.avenue-literie.com\/blog\/wp-content\/uploads\/2022\/10\/Matelas_anti_feu_avenue_literie-1536x864.png 1536w, https:\/\/www.avenue-literie.com\/blog\/wp-content\/uploads\/2022\/10\/Matelas_anti_feu_avenue_literie.png 1920w\" sizes=\"(max-width: 767px) 89vw, (max-width: 1000px) 54vw, (max-width: 1071px) 543px, 580px\" \/><figcaption class=\"wp-element-caption\">Matelas collectivit\u00e9s Avenue Literie <\/figcaption><\/figure>\n\n\n\n<p><strong>Nos matelas non feu M1 \u00e0 la normes NF EN 597-1 et 2<\/strong><\/p>\n\n\n\n<p><a href=\"https:\/\/www.avenue-literie.com\/matelas-m1-non-feu-collectivite-bleu-80x190.html\">Matelas M1 non feu Collectivit\u00e9 Bleu 80&#215;190<\/a><\/p>\n\n\n\n<p><a href=\"https:\/\/www.avenue-literie.com\/matelas-m1-non-feu-collectivite-bleu-90-x-190.html\">Matelas M1 non feu Collectivit\u00e9 Bleu 90&#215;190<\/a><\/p>\n\n\n\n<p><a href=\"https:\/\/www.avenue-literie.com\/matelas-m1-non-feu-collectivite-bleu-120x190.html\">Matelas M1 non feu Collectivit\u00e9 Bleu 120&#215;190<\/a><\/p>\n\n\n\n<p><a href=\"https:\/\/www.avenue-literie.com\/matelas-m1-non-feu-collectivite-bleu-140x190.html\">Matelas M1 non feu Collectivit\u00e9 Bleu 140&#215;190<\/a><\/p>\n\n\n\n<p><a href=\"https:\/\/www.avenue-literie.com\/matelas-m1-non-feu-collectivite-blanc-140-x-190.html\">Matelas M1 non feu Collectivit\u00e9 Blanc 140&#215;190<\/a><\/p>\n\n\n\n<p><a href=\"https:\/\/www.avenue-literie.com\/matelas-non-feu-anna-80x190.html\">Matelas non feu Anna  80&#215;190<\/a><\/p>\n\n\n\n<p><a href=\"https:\/\/www.avenue-literie.com\/matelas-non-feu-anna-120x190.html\">Matelas non feu Anna 120&#215;190<\/a><\/p>\n\n\n\n<p><a href=\"https:\/\/www.avenue-literie.com\/matelas-non-feu-anna-140x190-cm.html\">Matelas non feu Anna 140&#215;190<\/a><\/p>\n\n\n\n<div style=\"height:100px\" aria-hidden=\"true\" class=\"wp-block-spacer\"><\/div>\n\n\n\n<h3 class=\"has-black-color has-text-color wp-block-heading\"><strong>Pour plus de renseignement, remplissez le formulaire et posez nous votre question :<\/strong><\/h3>\n\n\n<noscript class=\"ninja-forms-noscript-message\">\n\tRemarque\u00a0: JavaScript est requis pour ce contenu.<\/noscript>\n<div id=\"nf-form-3-cont\" class=\"nf-form-cont\" aria-live=\"polite\" aria-labelledby=\"nf-form-title-3\" aria-describedby=\"nf-form-errors-3\" role=\"form\">\n\n    <div class=\"nf-loading-spinner\"><\/div>\n\n<\/div>\n        <!-- That data is being printed as a workaround to page builders reordering the order of the scripts loaded-->\n        <script>var formDisplay=1;var nfForms=nfForms||[];var form=[];form.id='3';form.settings={\"objectType\":\"Form Setting\",\"editActive\":true,\"title\":\"Formulaire solutions d&#039;h\\u00e9bergements\",\"created_at\":\"2023-01-05 11:53:27\",\"form_title\":\"Enquiry\",\"default_label_pos\":\"above\",\"show_title\":\"0\",\"clear_complete\":\"1\",\"hide_complete\":\"1\",\"logged_in\":\"0\",\"wrapper_class\":\"\",\"element_class\":\"\",\"key\":\"\",\"add_submit\":\"1\",\"currency\":\"\",\"unique_field_error\":\"A form with this value has already been submitted.\",\"not_logged_in_msg\":\"\",\"sub_limit_msg\":\"The form has reached its submission limit.\",\"calculations\":[],\"formContentData\":[\"nom_1674489691903\",\"prenom_1674489701927\",\"email_1523908522614\",\"commentaires_1674548349742\",\"recaptcha_1675090994098\",\"envoyer_1674489753074\"],\"drawerDisabled\":false,\"allow_public_link\":0,\"embed_form\":\"\",\"changeEmailErrorMsg\":\"Veuillez saisir une adresse de messagerie valide. Ex\\u00a0: jean.dupont@gmail.com\",\"changeDateErrorMsg\":\"Veuillez saisir une date valide\\u00a0!\",\"confirmFieldErrorMsg\":\"Ces champs doivent correspondre\\u00a0!\",\"fieldNumberNumMinError\":\"Erreur de nombre min.\",\"fieldNumberNumMaxError\":\"Erreur de nombre max.\",\"fieldNumberIncrementBy\":\"Veuillez incr\\u00e9menter par \",\"formErrorsCorrectErrors\":\"Veuillez corriger les erreurs avant d\\u2019envoyer ce formulaire.\",\"validateRequiredField\":\"Ce champ est obligatoire.\",\"honeypotHoneypotError\":\"Erreur Honeypot\",\"fieldsMarkedRequired\":\"Les champs marqu\\u00e9s d\\u2019un <span class=\\\"ninja-forms-req-symbol\\\">*<\\\/span> sont obligatoires\",\"ninjaForms\":\"Ninja Forms\",\"fieldTextareaRTEInsertLink\":\"Ins\\u00e9rer un lien\",\"fieldTextareaRTEInsertMedia\":\"Ins\\u00e9rer un m\\u00e9dia\",\"fieldTextareaRTESelectAFile\":\"S\\u00e9lectionnez un fichier\",\"formHoneypot\":\"Si vous \\u00eates un \\u00eatre humain et que vous voyez ce champ, veuillez le laisser vide.\",\"fileUploadOldCodeFileUploadInProgress\":\"T\\u00e9l\\u00e9versement du fichier en cours.\",\"fileUploadOldCodeFileUpload\":\"T\\u00c9L\\u00c9VERSEMENT DE FICHIER\",\"currencySymbol\":\"&euro;\",\"thousands_sep\":\"\\u00a0\",\"decimal_point\":\",\",\"siteLocale\":\"fr_FR\",\"dateFormat\":\"j\\\/m\\\/A\",\"startOfWeek\":\"1\",\"of\":\"sur\",\"previousMonth\":\"Mois pr\\u00e9c\\u00e9dent\",\"nextMonth\":\"Mois suivant\",\"months\":[\"Janvier\",\"F\\u00e9vrier\",\"Mars\",\"Avril\",\"Mai\",\"Juin\",\"Juillet\",\"Ao\\u00fbt\",\"Septembre\",\"Octobre\",\"Novembre\",\"D\\u00e9cembre\"],\"monthsShort\":[\"Jan\",\"F\\u00e9v\",\"Mar\",\"Avr\",\"Mai\",\"Juin\",\"Juil\",\"Ao\\u00fb\",\"Sep\",\"Oct\",\"Nov\",\"D\\u00e9c\"],\"weekdays\":[\"Dimanche\",\"Lundi\",\"Mardi\",\"Mercredi\",\"Jeudi\",\"Vendredi\",\"Samedi\"],\"weekdaysShort\":[\"Dim\",\"Lun\",\"Mar\",\"Mer\",\"Jeu\",\"Ven\",\"Sam\"],\"weekdaysMin\":[\"Di\",\"Lu\",\"Ma\",\"Me\",\"Je\",\"Ve\",\"Sa\"],\"recaptchaConsentMissing\":\"reCaptcha validation couldn&#039;t load.\",\"recaptchaMissingCookie\":\"reCaptcha v3 validation couldn&#039;t load the cookie needed to submit the form.\",\"recaptchaConsentEvent\":\"Accept reCaptcha cookies before sending the form.\",\"currency_symbol\":\"\",\"beforeForm\":\"\",\"beforeFields\":\"\",\"afterFields\":\"\",\"afterForm\":\"\"};form.fields=[{\"objectType\":\"Field\",\"objectDomain\":\"fields\",\"editActive\":false,\"order\":1,\"idAttribute\":\"id\",\"label\":\"Nom\",\"type\":\"firstname\",\"key\":\"nom_1674489691903\",\"label_pos\":\"above\",\"required\":1,\"default\":\"\",\"placeholder\":\"\",\"container_class\":\"one-half first\",\"element_class\":\"\",\"admin_label\":\"\",\"help_text\":\"\",\"custom_name_attribute\":\"fname\",\"field_label\":\"First Name\",\"field_key\":\"firstname_1523908368154\",\"personally_identifiable\":1,\"value\":\"\",\"id\":20,\"beforeField\":\"\",\"afterField\":\"\",\"parentType\":\"firstname\",\"element_templates\":[\"firstname\",\"input\"],\"old_classname\":\"\",\"wrap_template\":\"wrap\"},{\"objectType\":\"Field\",\"objectDomain\":\"fields\",\"editActive\":false,\"order\":2,\"idAttribute\":\"id\",\"label\":\"Prenom\",\"type\":\"lastname\",\"key\":\"prenom_1674489701927\",\"label_pos\":\"above\",\"required\":1,\"default\":\"\",\"placeholder\":\"\",\"container_class\":\"one-half second\",\"element_class\":\"\",\"admin_label\":\"\",\"help_text\":\"\",\"custom_name_attribute\":\"lname\",\"drawerDisabled\":\"\",\"field_label\":\"Last Name\",\"field_key\":\"lastname_1523908369534\",\"personally_identifiable\":1,\"value\":\"\",\"id\":21,\"beforeField\":\"\",\"afterField\":\"\",\"parentType\":\"lastname\",\"element_templates\":[\"lastname\",\"input\"],\"old_classname\":\"\",\"wrap_template\":\"wrap\"},{\"objectType\":\"Field\",\"objectDomain\":\"fields\",\"editActive\":false,\"order\":3,\"idAttribute\":\"id\",\"label\":\"Email\",\"type\":\"email\",\"key\":\"email_1523908522614\",\"label_pos\":\"above\",\"required\":1,\"default\":\"\",\"placeholder\":\"\",\"container_class\":\"\",\"element_class\":\"\",\"admin_label\":\"\",\"help_text\":\"\",\"custom_name_attribute\":\"email\",\"field_label\":\"Email\",\"field_key\":\"email_1523908522614\",\"personally_identifiable\":1,\"value\":\"\",\"drawerDisabled\":false,\"id\":22,\"beforeField\":\"\",\"afterField\":\"\",\"parentType\":\"email\",\"element_templates\":[\"email\",\"input\"],\"old_classname\":\"\",\"wrap_template\":\"wrap\"},{\"objectType\":\"Field\",\"objectDomain\":\"fields\",\"editActive\":false,\"order\":4,\"idAttribute\":\"id\",\"type\":\"textarea\",\"label\":\"Commentaires\",\"key\":\"commentaires_1674548349742\",\"label_pos\":\"above\",\"required\":1,\"default\":\"\",\"placeholder\":\"\",\"container_class\":\"\",\"element_class\":\"\",\"input_limit\":\"\",\"input_limit_type\":\"characters\",\"input_limit_msg\":\"Caract\\u00e8re(s) restant(s)\",\"manual_key\":false,\"admin_label\":\"\",\"help_text\":\"\",\"textarea_rte\":\"\",\"disable_rte_mobile\":\"\",\"textarea_media\":\"\",\"value\":\"\",\"drawerDisabled\":false,\"id\":45,\"beforeField\":\"\",\"afterField\":\"\",\"parentType\":\"textarea\",\"element_templates\":[\"textarea\",\"input\"],\"old_classname\":\"\",\"wrap_template\":\"wrap\"},{\"objectType\":\"Field\",\"objectDomain\":\"fields\",\"editActive\":false,\"order\":5,\"idAttribute\":\"id\",\"label\":\"ReCAPTCHA\",\"type\":\"recaptcha\",\"container_class\":\"\",\"element_class\":\"\",\"size\":\"visible\",\"key\":\"recaptcha_1675090994098\",\"id\":107,\"beforeField\":\"\",\"afterField\":\"\",\"value\":\"\",\"label_pos\":\"above\",\"parentType\":\"textbox\",\"element_templates\":[\"recaptcha\",\"input\"],\"old_classname\":\"\",\"wrap_template\":\"wrap\",\"site_key\":\"6LfbCSgkAAAAAGPIYFyEAynhieJ3pWgee_o0ehlF\",\"theme\":\"light\",\"lang\":\"fr\"},{\"objectType\":\"Field\",\"objectDomain\":\"fields\",\"editActive\":false,\"order\":6,\"idAttribute\":\"id\",\"type\":\"submit\",\"label\":\"Envoyer\",\"processing_label\":\"Processing\",\"container_class\":\"\",\"element_class\":\"\",\"key\":\"envoyer_1674489753074\",\"field_label\":\"Submit\",\"field_key\":\"submit_1523908548082\",\"drawerDisabled\":false,\"id\":29,\"beforeField\":\"\",\"afterField\":\"\",\"value\":\"\",\"label_pos\":\"above\",\"parentType\":\"textbox\",\"element_templates\":[\"submit\",\"button\",\"input\"],\"old_classname\":\"\",\"wrap_template\":\"wrap-no-label\"}];nfForms.push(form);<\/script>\n        \n\n\n<div style=\"height:50px\" aria-hidden=\"true\" class=\"wp-block-spacer\"><\/div>\n\n\n\n<div class=\"wp-block-columns are-vertically-aligned-top is-layout-flex wp-container-core-columns-is-layout-9d6595d7 wp-block-columns-is-layout-flex\">\n<div class=\"wp-block-column is-vertically-aligned-top is-layout-flow wp-block-column-is-layout-flow\">\n<h2 class=\"has-text-align-center has-black-color has-text-color wp-block-heading\"><strong>D\u00e9couvrez notre site Internet Avenue Literie<\/strong><\/h2>\n\n\n\n<div class=\"wp-block-buttons is-content-justification-center is-layout-flex wp-container-core-buttons-is-layout-16018d1d wp-block-buttons-is-layout-flex\">\n<div class=\"wp-block-button\"><a class=\"wp-block-button__link has-luminous-vivid-amber-background-color has-background wp-element-button\" href=\"https:\/\/www.avenue-literie.com\/\">Avenue Literie<\/a><\/div>\n<\/div>\n\n\n\n<div style=\"height:50px\" aria-hidden=\"true\" class=\"wp-block-spacer\"><\/div>\n\n\n\n<div style=\"padding:20px\" class=\"wp-block-tnp-minimal\"><p><strong>Abonnez-vous \u00e0 notre newsletter pour ne pas manquer nos prochains articles !<\/strong><\/p><div><div class=\"tnp tnp-subscription-minimal  \"><form action=\"https:\/\/www.avenue-literie.com\/blog\/wp-admin\/admin-ajax.php?action=tnp&amp;na=s\" method=\"post\" style=\"text-align: center\"><input type=\"hidden\" name=\"nr\" value=\"minimal\">\n<input type=\"hidden\" name=\"nlang\" value=\"\">\n<input class=\"tnp-email\" type=\"email\" required name=\"ne\" value=\"\" placeholder=\"Email\"><input class=\"tnp-submit\" type=\"submit\" value=\"Je m&#039;inscris\" style=\"\">\n<div class=\"tnp-field tnp-privacy-field\"><label><input type=\"checkbox\" name=\"ny\" required class=\"tnp-privacy\"> En continuant, vous acceptez la politique de confidentialit\u00e9<\/label><\/div><\/form><\/div>\n<\/div><\/div>\n<\/div>\n\n\n\n<div class=\"wp-block-column is-vertically-aligned-top is-layout-flow wp-block-column-is-layout-flow\">\n<h2 class=\"has-text-align-center has-black-color has-text-color wp-block-heading\"><strong>D\u00e9couvrez <\/strong> <br><strong>Notre magasin<\/strong> <strong>Avenue Literie<\/strong><br><strong>Troyes &#8211; Saint Andr\u00e9s Les vergers<\/strong><\/h2>\n\n\n\n<div style=\"height:70px\" aria-hidden=\"true\" class=\"wp-block-spacer\"><\/div>\n\n\n\n<iframe src=\"https:\/\/www.google.com\/maps\/embed?pb=!1m18!1m12!1m3!1d2232.6815845646047!2d4.05459414503307!3d48.28129131700338!2m3!1f0!2f0!3f0!3m2!1i1024!2i768!4f13.1!3m3!1m2!1s0x0%3A0x86482623eaf6498f!2sAvenueLiterie.com!5e0!3m2!1sfr!2sfr!4v1672761988325!5m2!1sfr!2sfr\" width=\"600\" height=\"450\" style=\"border:0;\" allowfullscreen=\"\" loading=\"lazy\" referrerpolicy=\"no-referrer-when-downgrade\"><\/iframe>\n<\/div>\n<\/div>\n","protected":false},"excerpt":{"rendered":"<p>Matelas anti-feu m1, matelas professionnels, matelas gites, matelas et literie pour h\u00e9bergement social pour handicap\u00e9s mentaux et malades mentaux <\/p>\n","protected":false},"author":2,"featured_media":3330,"comment_status":"closed","ping_status":"closed","sticky":true,"template":"","format":"standard","meta":{"footnotes":""},"categories":[1,515],"tags":[656,655,651,511,509,652,653,514,654,512,657,513],"class_list":["post-2201","post","type-post","status-publish","format-standard","has-post-thumbnail","hentry","category-actualites-literie","category-matelas-collectivites-anti-feu-m1","tag-ehpa","tag-ehpad","tag-literie-et-matelas-pour-hebergement-social-pour-handicapes-mentaux-et-malades-mentaux","tag-matelas-anti-feu","tag-matelas-colectivites","tag-matelas-et-literie-pour-hebergement-medicalise-pour-adultes-handicapes-et-autre-hebergement-medicalise","tag-matelas-et-literie-pour-hebergement-social-pour-handicapes-physiques","tag-matelas-gites","tag-matelas-hospitaliers","tag-matelas-m1","tag-matelas-pour-foyers-logements","tag-matelasnf-957-1-et-2"],"yoast_head":"<!-- This site is optimized with the Yoast SEO plugin v27.4 - https:\/\/yoast.com\/product\/yoast-seo-wordpress\/ -->\n<title>Matelas Anti-Feu M1 Non Feu sp\u00e9ciales collectivit\u00e9s pour les professionnels : les normes. - Le Blog Avenue Literie<\/title>\n<meta name=\"description\" content=\"Matelas non feu matelas M1 matelas collectivit\u00e9 NF EN 597 partie 1 et 2, matelas et literie pour H\u00e9bergement social pour handicap\u00e9s mentaux et malades mentaux matelas et literie pour H\u00e9bergement m\u00e9dicalis\u00e9 pour adultes handicap\u00e9s et autre h\u00e9bergement m\u00e9dicalis\u00e9 H\u00e9bergement social pour handicap\u00e9s physiques\" \/>\n<meta name=\"robots\" content=\"index, follow, max-snippet:-1, max-image-preview:large, max-video-preview:-1\" \/>\n<link rel=\"canonical\" href=\"https:\/\/www.avenue-literie.com\/blog\/2022\/10\/21\/matelas-non-feu-m1-speciales-collectivites-pour-les-professionnels-gite-chambre-hote\/\" \/>\n<meta property=\"og:locale\" content=\"fr_FR\" \/>\n<meta property=\"og:type\" content=\"article\" \/>\n<meta property=\"og:title\" content=\"Mateals Annti Feu M1 Collectivit\u00e9s\" \/>\n<meta property=\"og:description\" content=\"Matelas non feu matelas M1 matelas collectivit\u00e9 NF EN 597 partie 1 et 2, matelas et literie pour H\u00e9bergement social pour handicap\u00e9s mentaux et malades mentaux matelas et literie pour H\u00e9bergement m\u00e9dicalis\u00e9 pour adultes handicap\u00e9s et autre h\u00e9bergement m\u00e9dicalis\u00e9 H\u00e9bergement social pour handicap\u00e9s physiques\" \/>\n<meta property=\"og:url\" content=\"https:\/\/www.avenue-literie.com\/blog\/2022\/10\/21\/matelas-non-feu-m1-speciales-collectivites-pour-les-professionnels-gite-chambre-hote\/\" \/>\n<meta property=\"og:site_name\" content=\"Le Blog Avenue Literie\" \/>\n<meta property=\"article:publisher\" content=\"https:\/\/www.facebook.com\/AvenueLiterieTroyes\/\" \/>\n<meta property=\"article:published_time\" content=\"2022-10-21T07:21:41+00:00\" \/>\n<meta property=\"article:modified_time\" content=\"2024-05-25T08:53:03+00:00\" \/>\n<meta property=\"og:image\" content=\"https:\/\/www.avenue-literie.com\/blog\/wp-content\/uploads\/2022\/10\/matelas_anti_feu_m1-1024x576.png\" \/>\n\t<meta property=\"og:image:width\" content=\"1024\" \/>\n\t<meta property=\"og:image:height\" content=\"576\" \/>\n\t<meta property=\"og:image:type\" content=\"image\/png\" \/>\n<meta name=\"author\" content=\"J\u00e9r\u00f4me\" \/>\n<meta name=\"twitter:card\" content=\"summary_large_image\" \/>\n<meta name=\"twitter:title\" content=\"Matelas M1 anti Feu\" \/>\n<meta name=\"twitter:image\" content=\"https:\/\/www.avenue-literie.com\/blog\/wp-content\/uploads\/2022\/10\/matelas_anti_feu_m1.png\" \/>\n<meta name=\"twitter:creator\" content=\"@avenue_literie\" \/>\n<meta name=\"twitter:site\" content=\"@avenue_literie\" \/>\n<meta name=\"twitter:label1\" content=\"\u00c9crit par\" \/>\n\t<meta name=\"twitter:data1\" content=\"J\u00e9r\u00f4me\" \/>\n\t<meta name=\"twitter:label2\" content=\"Dur\u00e9e de lecture estim\u00e9e\" \/>\n\t<meta name=\"twitter:data2\" content=\"3 minutes\" \/>\n<script type=\"application\/ld+json\" class=\"yoast-schema-graph\">{\"@context\":\"https:\\\/\\\/schema.org\",\"@graph\":[{\"@type\":\"Article\",\"@id\":\"https:\\\/\\\/www.avenue-literie.com\\\/blog\\\/2022\\\/10\\\/21\\\/matelas-non-feu-m1-speciales-collectivites-pour-les-professionnels-gite-chambre-hote\\\/#article\",\"isPartOf\":{\"@id\":\"https:\\\/\\\/www.avenue-literie.com\\\/blog\\\/2022\\\/10\\\/21\\\/matelas-non-feu-m1-speciales-collectivites-pour-les-professionnels-gite-chambre-hote\\\/\"},\"author\":{\"name\":\"J\u00e9r\u00f4me\",\"@id\":\"https:\\\/\\\/www.avenue-literie.com\\\/blog\\\/#\\\/schema\\\/person\\\/add6301bb28276c53d992ec5ef2f17ae\"},\"headline\":\"Matelas Anti-Feu M1 Non Feu sp\u00e9ciales collectivit\u00e9s pour les professionnels : les normes.\",\"datePublished\":\"2022-10-21T07:21:41+00:00\",\"dateModified\":\"2024-05-25T08:53:03+00:00\",\"mainEntityOfPage\":{\"@id\":\"https:\\\/\\\/www.avenue-literie.com\\\/blog\\\/2022\\\/10\\\/21\\\/matelas-non-feu-m1-speciales-collectivites-pour-les-professionnels-gite-chambre-hote\\\/\"},\"wordCount\":584,\"publisher\":{\"@id\":\"https:\\\/\\\/www.avenue-literie.com\\\/blog\\\/#organization\"},\"image\":{\"@id\":\"https:\\\/\\\/www.avenue-literie.com\\\/blog\\\/2022\\\/10\\\/21\\\/matelas-non-feu-m1-speciales-collectivites-pour-les-professionnels-gite-chambre-hote\\\/#primaryimage\"},\"thumbnailUrl\":\"https:\\\/\\\/www.avenue-literie.com\\\/blog\\\/wp-content\\\/uploads\\\/2023\\\/02\\\/Miniature-matelas-M1-4.png\",\"keywords\":[\"EHPA\",\"EHPAD\",\"Literie et matelas pour h\u00e9bergement social pour handicap\u00e9s mentaux et malades mentaux\",\"matelas anti feu\",\"matelas colectivit\u00e9s\",\"Matelas et literie pour h\u00e9bergement m\u00e9dicalis\u00e9 pour adultes handicap\u00e9s et autre h\u00e9bergement m\u00e9dicalis\u00e9\",\"matelas et literie pour h\u00e9bergement social pour handicap\u00e9s physiques\",\"matelas gites\",\"Matelas Hospitaliers\",\"matelas m1\",\"matelas pour foyers-logements\",\"Matelasnf 957 1 et 2\"],\"articleSection\":[\"Actualit\u00e9s\",\"Matelas collectivit\u00e9s Anti-Feu-M1\"],\"inLanguage\":\"fr-FR\"},{\"@type\":\"WebPage\",\"@id\":\"https:\\\/\\\/www.avenue-literie.com\\\/blog\\\/2022\\\/10\\\/21\\\/matelas-non-feu-m1-speciales-collectivites-pour-les-professionnels-gite-chambre-hote\\\/\",\"url\":\"https:\\\/\\\/www.avenue-literie.com\\\/blog\\\/2022\\\/10\\\/21\\\/matelas-non-feu-m1-speciales-collectivites-pour-les-professionnels-gite-chambre-hote\\\/\",\"name\":\"Matelas Anti-Feu M1 Non Feu sp\u00e9ciales collectivit\u00e9s pour les professionnels : les normes. - Le Blog Avenue Literie\",\"isPartOf\":{\"@id\":\"https:\\\/\\\/www.avenue-literie.com\\\/blog\\\/#website\"},\"primaryImageOfPage\":{\"@id\":\"https:\\\/\\\/www.avenue-literie.com\\\/blog\\\/2022\\\/10\\\/21\\\/matelas-non-feu-m1-speciales-collectivites-pour-les-professionnels-gite-chambre-hote\\\/#primaryimage\"},\"image\":{\"@id\":\"https:\\\/\\\/www.avenue-literie.com\\\/blog\\\/2022\\\/10\\\/21\\\/matelas-non-feu-m1-speciales-collectivites-pour-les-professionnels-gite-chambre-hote\\\/#primaryimage\"},\"thumbnailUrl\":\"https:\\\/\\\/www.avenue-literie.com\\\/blog\\\/wp-content\\\/uploads\\\/2023\\\/02\\\/Miniature-matelas-M1-4.png\",\"datePublished\":\"2022-10-21T07:21:41+00:00\",\"dateModified\":\"2024-05-25T08:53:03+00:00\",\"description\":\"Matelas non feu matelas M1 matelas collectivit\u00e9 NF EN 597 partie 1 et 2, matelas et literie pour H\u00e9bergement social pour handicap\u00e9s mentaux et malades mentaux matelas et literie pour H\u00e9bergement m\u00e9dicalis\u00e9 pour adultes handicap\u00e9s et autre h\u00e9bergement m\u00e9dicalis\u00e9 H\u00e9bergement social pour handicap\u00e9s physiques\",\"breadcrumb\":{\"@id\":\"https:\\\/\\\/www.avenue-literie.com\\\/blog\\\/2022\\\/10\\\/21\\\/matelas-non-feu-m1-speciales-collectivites-pour-les-professionnels-gite-chambre-hote\\\/#breadcrumb\"},\"inLanguage\":\"fr-FR\",\"potentialAction\":[{\"@type\":\"ReadAction\",\"target\":[\"https:\\\/\\\/www.avenue-literie.com\\\/blog\\\/2022\\\/10\\\/21\\\/matelas-non-feu-m1-speciales-collectivites-pour-les-professionnels-gite-chambre-hote\\\/\"]}]},{\"@type\":\"ImageObject\",\"inLanguage\":\"fr-FR\",\"@id\":\"https:\\\/\\\/www.avenue-literie.com\\\/blog\\\/2022\\\/10\\\/21\\\/matelas-non-feu-m1-speciales-collectivites-pour-les-professionnels-gite-chambre-hote\\\/#primaryimage\",\"url\":\"https:\\\/\\\/www.avenue-literie.com\\\/blog\\\/wp-content\\\/uploads\\\/2023\\\/02\\\/Miniature-matelas-M1-4.png\",\"contentUrl\":\"https:\\\/\\\/www.avenue-literie.com\\\/blog\\\/wp-content\\\/uploads\\\/2023\\\/02\\\/Miniature-matelas-M1-4.png\",\"width\":900,\"height\":900,\"caption\":\"matelas anti feu\"},{\"@type\":\"BreadcrumbList\",\"@id\":\"https:\\\/\\\/www.avenue-literie.com\\\/blog\\\/2022\\\/10\\\/21\\\/matelas-non-feu-m1-speciales-collectivites-pour-les-professionnels-gite-chambre-hote\\\/#breadcrumb\",\"itemListElement\":[{\"@type\":\"ListItem\",\"position\":1,\"name\":\"Home\",\"item\":\"https:\\\/\\\/www.avenue-literie.com\\\/blog\\\/\"},{\"@type\":\"ListItem\",\"position\":2,\"name\":\"Actualit\u00e9s\",\"item\":\"https:\\\/\\\/www.avenue-literie.com\\\/blog\\\/category\\\/actualites-literie\\\/\"},{\"@type\":\"ListItem\",\"position\":3,\"name\":\"matelas m1 anti feu\"}]},{\"@type\":\"WebSite\",\"@id\":\"https:\\\/\\\/www.avenue-literie.com\\\/blog\\\/#website\",\"url\":\"https:\\\/\\\/www.avenue-literie.com\\\/blog\\\/\",\"name\":\"Le Blog Avenue Literie\",\"description\":\"Le blog du conseil en literie\",\"publisher\":{\"@id\":\"https:\\\/\\\/www.avenue-literie.com\\\/blog\\\/#organization\"},\"potentialAction\":[{\"@type\":\"SearchAction\",\"target\":{\"@type\":\"EntryPoint\",\"urlTemplate\":\"https:\\\/\\\/www.avenue-literie.com\\\/blog\\\/?s={search_term_string}\"},\"query-input\":{\"@type\":\"PropertyValueSpecification\",\"valueRequired\":true,\"valueName\":\"search_term_string\"}}],\"inLanguage\":\"fr-FR\"},{\"@type\":\"Organization\",\"@id\":\"https:\\\/\\\/www.avenue-literie.com\\\/blog\\\/#organization\",\"name\":\"Le blog Avenue Literie\",\"alternateName\":\"Le blog Avenue Literie\",\"url\":\"https:\\\/\\\/www.avenue-literie.com\\\/blog\\\/\",\"logo\":{\"@type\":\"ImageObject\",\"inLanguage\":\"fr-FR\",\"@id\":\"https:\\\/\\\/www.avenue-literie.com\\\/blog\\\/#\\\/schema\\\/logo\\\/image\\\/\",\"url\":\"https:\\\/\\\/www.avenue-literie.com\\\/blog\\\/wp-content\\\/uploads\\\/2022\\\/04\\\/cropped-Gros-logo-avenue-literie-sans-arriere-fond-blanc.png\",\"contentUrl\":\"https:\\\/\\\/www.avenue-literie.com\\\/blog\\\/wp-content\\\/uploads\\\/2022\\\/04\\\/cropped-Gros-logo-avenue-literie-sans-arriere-fond-blanc.png\",\"width\":1479,\"height\":250,\"caption\":\"Le blog Avenue Literie\"},\"image\":{\"@id\":\"https:\\\/\\\/www.avenue-literie.com\\\/blog\\\/#\\\/schema\\\/logo\\\/image\\\/\"},\"sameAs\":[\"https:\\\/\\\/www.facebook.com\\\/AvenueLiterieTroyes\\\/\",\"https:\\\/\\\/x.com\\\/avenue_literie\",\"https:\\\/\\\/www.instagram.com\\\/avenueliterie\\\/\",\"https:\\\/\\\/www.pinterest.fr\\\/avenueliterie\\\/\"]},{\"@type\":\"Person\",\"@id\":\"https:\\\/\\\/www.avenue-literie.com\\\/blog\\\/#\\\/schema\\\/person\\\/add6301bb28276c53d992ec5ef2f17ae\",\"name\":\"J\u00e9r\u00f4me\",\"image\":{\"@type\":\"ImageObject\",\"inLanguage\":\"fr-FR\",\"@id\":\"https:\\\/\\\/secure.gravatar.com\\\/avatar\\\/2e39bb7b624068c575f434373fc1440c1bd421d6e1bdd21a14a529cbff8f1fed?s=96&d=mm&r=g\",\"url\":\"https:\\\/\\\/secure.gravatar.com\\\/avatar\\\/2e39bb7b624068c575f434373fc1440c1bd421d6e1bdd21a14a529cbff8f1fed?s=96&d=mm&r=g\",\"contentUrl\":\"https:\\\/\\\/secure.gravatar.com\\\/avatar\\\/2e39bb7b624068c575f434373fc1440c1bd421d6e1bdd21a14a529cbff8f1fed?s=96&d=mm&r=g\",\"caption\":\"J\u00e9r\u00f4me\"},\"url\":\"https:\\\/\\\/www.avenue-literie.com\\\/blog\\\/author\\\/jerome\\\/\"}]}<\/script>\n<!-- \/ Yoast SEO plugin. -->","yoast_head_json":{"title":"Matelas Anti-Feu M1 Non Feu sp\u00e9ciales collectivit\u00e9s pour les professionnels : les normes. - Le Blog Avenue Literie","description":"Matelas non feu matelas M1 matelas collectivit\u00e9 NF EN 597 partie 1 et 2, matelas et literie pour H\u00e9bergement social pour handicap\u00e9s mentaux et malades mentaux matelas et literie pour H\u00e9bergement m\u00e9dicalis\u00e9 pour adultes handicap\u00e9s et autre h\u00e9bergement m\u00e9dicalis\u00e9 H\u00e9bergement social pour handicap\u00e9s physiques","robots":{"index":"index","follow":"follow","max-snippet":"max-snippet:-1","max-image-preview":"max-image-preview:large","max-video-preview":"max-video-preview:-1"},"canonical":"https:\/\/www.avenue-literie.com\/blog\/2022\/10\/21\/matelas-non-feu-m1-speciales-collectivites-pour-les-professionnels-gite-chambre-hote\/","og_locale":"fr_FR","og_type":"article","og_title":"Mateals Annti Feu M1 Collectivit\u00e9s","og_description":"Matelas non feu matelas M1 matelas collectivit\u00e9 NF EN 597 partie 1 et 2, matelas et literie pour H\u00e9bergement social pour handicap\u00e9s mentaux et malades mentaux matelas et literie pour H\u00e9bergement m\u00e9dicalis\u00e9 pour adultes handicap\u00e9s et autre h\u00e9bergement m\u00e9dicalis\u00e9 H\u00e9bergement social pour handicap\u00e9s physiques","og_url":"https:\/\/www.avenue-literie.com\/blog\/2022\/10\/21\/matelas-non-feu-m1-speciales-collectivites-pour-les-professionnels-gite-chambre-hote\/","og_site_name":"Le Blog Avenue Literie","article_publisher":"https:\/\/www.facebook.com\/AvenueLiterieTroyes\/","article_published_time":"2022-10-21T07:21:41+00:00","article_modified_time":"2024-05-25T08:53:03+00:00","og_image":[{"width":1024,"height":576,"url":"https:\/\/www.avenue-literie.com\/blog\/wp-content\/uploads\/2022\/10\/matelas_anti_feu_m1-1024x576.png","type":"image\/png"}],"author":"J\u00e9r\u00f4me","twitter_card":"summary_large_image","twitter_title":"Matelas M1 anti Feu","twitter_image":"https:\/\/www.avenue-literie.com\/blog\/wp-content\/uploads\/2022\/10\/matelas_anti_feu_m1.png","twitter_creator":"@avenue_literie","twitter_site":"@avenue_literie","twitter_misc":{"\u00c9crit par":"J\u00e9r\u00f4me","Dur\u00e9e de lecture estim\u00e9e":"3 minutes"},"schema":{"@context":"https:\/\/schema.org","@graph":[{"@type":"Article","@id":"https:\/\/www.avenue-literie.com\/blog\/2022\/10\/21\/matelas-non-feu-m1-speciales-collectivites-pour-les-professionnels-gite-chambre-hote\/#article","isPartOf":{"@id":"https:\/\/www.avenue-literie.com\/blog\/2022\/10\/21\/matelas-non-feu-m1-speciales-collectivites-pour-les-professionnels-gite-chambre-hote\/"},"author":{"name":"J\u00e9r\u00f4me","@id":"https:\/\/www.avenue-literie.com\/blog\/#\/schema\/person\/add6301bb28276c53d992ec5ef2f17ae"},"headline":"Matelas Anti-Feu M1 Non Feu sp\u00e9ciales collectivit\u00e9s pour les professionnels : les normes.","datePublished":"2022-10-21T07:21:41+00:00","dateModified":"2024-05-25T08:53:03+00:00","mainEntityOfPage":{"@id":"https:\/\/www.avenue-literie.com\/blog\/2022\/10\/21\/matelas-non-feu-m1-speciales-collectivites-pour-les-professionnels-gite-chambre-hote\/"},"wordCount":584,"publisher":{"@id":"https:\/\/www.avenue-literie.com\/blog\/#organization"},"image":{"@id":"https:\/\/www.avenue-literie.com\/blog\/2022\/10\/21\/matelas-non-feu-m1-speciales-collectivites-pour-les-professionnels-gite-chambre-hote\/#primaryimage"},"thumbnailUrl":"https:\/\/www.avenue-literie.com\/blog\/wp-content\/uploads\/2023\/02\/Miniature-matelas-M1-4.png","keywords":["EHPA","EHPAD","Literie et matelas pour h\u00e9bergement social pour handicap\u00e9s mentaux et malades mentaux","matelas anti feu","matelas colectivit\u00e9s","Matelas et literie pour h\u00e9bergement m\u00e9dicalis\u00e9 pour adultes handicap\u00e9s et autre h\u00e9bergement m\u00e9dicalis\u00e9","matelas et literie pour h\u00e9bergement social pour handicap\u00e9s physiques","matelas gites","Matelas Hospitaliers","matelas m1","matelas pour foyers-logements","Matelasnf 957 1 et 2"],"articleSection":["Actualit\u00e9s","Matelas collectivit\u00e9s Anti-Feu-M1"],"inLanguage":"fr-FR"},{"@type":"WebPage","@id":"https:\/\/www.avenue-literie.com\/blog\/2022\/10\/21\/matelas-non-feu-m1-speciales-collectivites-pour-les-professionnels-gite-chambre-hote\/","url":"https:\/\/www.avenue-literie.com\/blog\/2022\/10\/21\/matelas-non-feu-m1-speciales-collectivites-pour-les-professionnels-gite-chambre-hote\/","name":"Matelas Anti-Feu M1 Non Feu sp\u00e9ciales collectivit\u00e9s pour les professionnels : les normes. - Le Blog Avenue Literie","isPartOf":{"@id":"https:\/\/www.avenue-literie.com\/blog\/#website"},"primaryImageOfPage":{"@id":"https:\/\/www.avenue-literie.com\/blog\/2022\/10\/21\/matelas-non-feu-m1-speciales-collectivites-pour-les-professionnels-gite-chambre-hote\/#primaryimage"},"image":{"@id":"https:\/\/www.avenue-literie.com\/blog\/2022\/10\/21\/matelas-non-feu-m1-speciales-collectivites-pour-les-professionnels-gite-chambre-hote\/#primaryimage"},"thumbnailUrl":"https:\/\/www.avenue-literie.com\/blog\/wp-content\/uploads\/2023\/02\/Miniature-matelas-M1-4.png","datePublished":"2022-10-21T07:21:41+00:00","dateModified":"2024-05-25T08:53:03+00:00","description":"Matelas non feu matelas M1 matelas collectivit\u00e9 NF EN 597 partie 1 et 2, matelas et literie pour H\u00e9bergement social pour handicap\u00e9s mentaux et malades mentaux matelas et literie pour H\u00e9bergement m\u00e9dicalis\u00e9 pour adultes handicap\u00e9s et autre h\u00e9bergement m\u00e9dicalis\u00e9 H\u00e9bergement social pour handicap\u00e9s physiques","breadcrumb":{"@id":"https:\/\/www.avenue-literie.com\/blog\/2022\/10\/21\/matelas-non-feu-m1-speciales-collectivites-pour-les-professionnels-gite-chambre-hote\/#breadcrumb"},"inLanguage":"fr-FR","potentialAction":[{"@type":"ReadAction","target":["https:\/\/www.avenue-literie.com\/blog\/2022\/10\/21\/matelas-non-feu-m1-speciales-collectivites-pour-les-professionnels-gite-chambre-hote\/"]}]},{"@type":"ImageObject","inLanguage":"fr-FR","@id":"https:\/\/www.avenue-literie.com\/blog\/2022\/10\/21\/matelas-non-feu-m1-speciales-collectivites-pour-les-professionnels-gite-chambre-hote\/#primaryimage","url":"https:\/\/www.avenue-literie.com\/blog\/wp-content\/uploads\/2023\/02\/Miniature-matelas-M1-4.png","contentUrl":"https:\/\/www.avenue-literie.com\/blog\/wp-content\/uploads\/2023\/02\/Miniature-matelas-M1-4.png","width":900,"height":900,"caption":"matelas anti feu"},{"@type":"BreadcrumbList","@id":"https:\/\/www.avenue-literie.com\/blog\/2022\/10\/21\/matelas-non-feu-m1-speciales-collectivites-pour-les-professionnels-gite-chambre-hote\/#breadcrumb","itemListElement":[{"@type":"ListItem","position":1,"name":"Home","item":"https:\/\/www.avenue-literie.com\/blog\/"},{"@type":"ListItem","position":2,"name":"Actualit\u00e9s","item":"https:\/\/www.avenue-literie.com\/blog\/category\/actualites-literie\/"},{"@type":"ListItem","position":3,"name":"matelas m1 anti feu"}]},{"@type":"WebSite","@id":"https:\/\/www.avenue-literie.com\/blog\/#website","url":"https:\/\/www.avenue-literie.com\/blog\/","name":"Le Blog Avenue Literie","description":"Le blog du conseil en literie","publisher":{"@id":"https:\/\/www.avenue-literie.com\/blog\/#organization"},"potentialAction":[{"@type":"SearchAction","target":{"@type":"EntryPoint","urlTemplate":"https:\/\/www.avenue-literie.com\/blog\/?s={search_term_string}"},"query-input":{"@type":"PropertyValueSpecification","valueRequired":true,"valueName":"search_term_string"}}],"inLanguage":"fr-FR"},{"@type":"Organization","@id":"https:\/\/www.avenue-literie.com\/blog\/#organization","name":"Le blog Avenue Literie","alternateName":"Le blog Avenue Literie","url":"https:\/\/www.avenue-literie.com\/blog\/","logo":{"@type":"ImageObject","inLanguage":"fr-FR","@id":"https:\/\/www.avenue-literie.com\/blog\/#\/schema\/logo\/image\/","url":"https:\/\/www.avenue-literie.com\/blog\/wp-content\/uploads\/2022\/04\/cropped-Gros-logo-avenue-literie-sans-arriere-fond-blanc.png","contentUrl":"https:\/\/www.avenue-literie.com\/blog\/wp-content\/uploads\/2022\/04\/cropped-Gros-logo-avenue-literie-sans-arriere-fond-blanc.png","width":1479,"height":250,"caption":"Le blog Avenue Literie"},"image":{"@id":"https:\/\/www.avenue-literie.com\/blog\/#\/schema\/logo\/image\/"},"sameAs":["https:\/\/www.facebook.com\/AvenueLiterieTroyes\/","https:\/\/x.com\/avenue_literie","https:\/\/www.instagram.com\/avenueliterie\/","https:\/\/www.pinterest.fr\/avenueliterie\/"]},{"@type":"Person","@id":"https:\/\/www.avenue-literie.com\/blog\/#\/schema\/person\/add6301bb28276c53d992ec5ef2f17ae","name":"J\u00e9r\u00f4me","image":{"@type":"ImageObject","inLanguage":"fr-FR","@id":"https:\/\/secure.gravatar.com\/avatar\/2e39bb7b624068c575f434373fc1440c1bd421d6e1bdd21a14a529cbff8f1fed?s=96&d=mm&r=g","url":"https:\/\/secure.gravatar.com\/avatar\/2e39bb7b624068c575f434373fc1440c1bd421d6e1bdd21a14a529cbff8f1fed?s=96&d=mm&r=g","contentUrl":"https:\/\/secure.gravatar.com\/avatar\/2e39bb7b624068c575f434373fc1440c1bd421d6e1bdd21a14a529cbff8f1fed?s=96&d=mm&r=g","caption":"J\u00e9r\u00f4me"},"url":"https:\/\/www.avenue-literie.com\/blog\/author\/jerome\/"}]}},"_links":{"self":[{"href":"https:\/\/www.avenue-literie.com\/blog\/wp-json\/wp\/v2\/posts\/2201","targetHints":{"allow":["GET"]}}],"collection":[{"href":"https:\/\/www.avenue-literie.com\/blog\/wp-json\/wp\/v2\/posts"}],"about":[{"href":"https:\/\/www.avenue-literie.com\/blog\/wp-json\/wp\/v2\/types\/post"}],"author":[{"embeddable":true,"href":"https:\/\/www.avenue-literie.com\/blog\/wp-json\/wp\/v2\/users\/2"}],"replies":[{"embeddable":true,"href":"https:\/\/www.avenue-literie.com\/blog\/wp-json\/wp\/v2\/comments?post=2201"}],"version-history":[{"count":48,"href":"https:\/\/www.avenue-literie.com\/blog\/wp-json\/wp\/v2\/posts\/2201\/revisions"}],"predecessor-version":[{"id":3620,"href":"https:\/\/www.avenue-literie.com\/blog\/wp-json\/wp\/v2\/posts\/2201\/revisions\/3620"}],"wp:featuredmedia":[{"embeddable":true,"href":"https:\/\/www.avenue-literie.com\/blog\/wp-json\/wp\/v2\/media\/3330"}],"wp:attachment":[{"href":"https:\/\/www.avenue-literie.com\/blog\/wp-json\/wp\/v2\/media?parent=2201"}],"wp:term":[{"taxonomy":"category","embeddable":true,"href":"https:\/\/www.avenue-literie.com\/blog\/wp-json\/wp\/v2\/categories?post=2201"},{"taxonomy":"post_tag","embeddable":true,"href":"https:\/\/www.avenue-literie.com\/blog\/wp-json\/wp\/v2\/tags?post=2201"}],"curies":[{"name":"wp","href":"https:\/\/api.w.org\/{rel}","templated":true}]}}