{"id":2279,"date":"2022-11-14T16:46:08","date_gmt":"2022-11-14T16:46:08","guid":{"rendered":"https:\/\/www.avenue-literie.com\/blog\/?p=2279"},"modified":"2023-02-15T13:52:36","modified_gmt":"2023-02-15T13:52:36","slug":"davilaine-literie-ca-nous-plait","status":"publish","type":"post","link":"https:\/\/www.avenue-literie.com\/blog\/2022\/11\/14\/davilaine-literie-ca-nous-plait\/","title":{"rendered":"Davilaine Literie \u00e7a nous pla\u00eet !"},"content":{"rendered":"<div class=\"wp-block-image\">\n<figure class=\"aligncenter size-full\"><img decoding=\"async\" src=\"https:\/\/www.avenue-literie.com\/blog\/wp-content\/uploads\/2022\/10\/logo-davilaine.png\" alt=\"\" class=\"wp-image-2280\"\/><\/figure>\n<\/div>\n\n\n<p>Nous vous pr\u00e9sentons cette nouvelle marque dont nous avons eu un coup de c\u0153ur en cette ce d\u00e9but d&rsquo;automne 2022.<\/p>\n\n\n\n<div style=\"height:20px\" aria-hidden=\"true\" class=\"wp-block-spacer\"><\/div>\n\n\n\n<p>La marque Davilaine, marque de literie bretonne. Nous avons retenu cette marque qui a plus de 65 ans et qui est 100% Fran\u00e7aise et bretonne.<br>Un v\u00e9ritable coup de c\u0153ur pour ces produits que vous retrouverez si dessous.<\/p>\n\n\n\n<div style=\"height:20px\" aria-hidden=\"true\" class=\"wp-block-spacer\"><\/div>\n\n\n\n<p>Davilaine la literie o\u00f9 l&rsquo;on s&rsquo;aime!<\/p>\n\n\n\n<div style=\"height:30px\" aria-hidden=\"true\" class=\"wp-block-spacer\"><\/div>\n\n\n<div class=\"wp-block-image\">\n<figure class=\"aligncenter size-full\"><img decoding=\"async\" width=\"500\" height=\"202\" src=\"https:\/\/www.avenue-literie.com\/blog\/wp-content\/uploads\/2022\/10\/la-belle-literie-avenue-literuie-davilaine.jpg\" alt=\"\" class=\"wp-image-2281\" srcset=\"https:\/\/www.avenue-literie.com\/blog\/wp-content\/uploads\/2022\/10\/la-belle-literie-avenue-literuie-davilaine.jpg 500w, https:\/\/www.avenue-literie.com\/blog\/wp-content\/uploads\/2022\/10\/la-belle-literie-avenue-literuie-davilaine-300x121.jpg 300w\" sizes=\"(max-width: 500px) 100vw, 500px\" \/><\/figure>\n<\/div>\n\n\n<div style=\"height:30px\" aria-hidden=\"true\" class=\"wp-block-spacer\"><\/div>\n\n\n\n<h6 class=\"wp-block-heading\">Davilaine c\u2019est&nbsp;:<\/h6>\n\n\n\n<ul class=\"wp-block-list\">\n<li>65 ans de savoir-faire<\/li>\n\n\n\n<li>Fabricant de literie en matelas ressort ensach\u00e9<\/li>\n\n\n\n<li>Matelas en visco<\/li>\n\n\n\n<li>Matelas en mousse<\/li>\n\n\n\n<li>Matelas en 100% latex<\/li>\n\n\n\n<li>Sommier fixe et relevable m\u00e9canique<\/li>\n\n\n\n<li>Sommier de relaxation \u00e9lectrique<\/li>\n\n\n\n<li>T\u00eate de lit<\/li>\n<\/ul>\n\n\n\n<div style=\"height:30px\" aria-hidden=\"true\" class=\"wp-block-spacer\"><\/div>\n\n\n\n<p>Davilaine, est certifi\u00e9 du label CTB Literie et des labels belle literie et belle literie excellence.<br>Ces labels sont des gages de qualit\u00e9s, de s\u00e9curit\u00e9s et de tra\u00e7abilit\u00e9s des produits.<\/p>\n\n\n\n<div style=\"height:30px\" aria-hidden=\"true\" class=\"wp-block-spacer\"><\/div>\n\n\n\n<h6 class=\"wp-block-heading\">Voici les produits&nbsp;:<\/h6>\n\n\n\n<ul class=\"wp-block-list\">\n<li>Le matelas 100% latex diapason<\/li>\n<\/ul>\n\n\n\n<p>Un matelas 100% latex au confort moelleux sur un support m\u00e9dium<br>Confort tr\u00e8s agr\u00e9able<\/p>\n\n\n\n<div class=\"wp-block-columns is-layout-flex wp-container-core-columns-is-layout-9d6595d7 wp-block-columns-is-layout-flex\">\n<div class=\"wp-block-column is-layout-flow wp-block-column-is-layout-flow\">\n<figure class=\"wp-block-image size-full is-resized\"><a href=\"https:\/\/www.avenue-literie.com\/matelas-140x190-diapason-latex.html\"><img decoding=\"async\" src=\"https:\/\/www.avenue-literie.com\/blog\/wp-content\/uploads\/2022\/11\/matelas-Diapazon-literie-davilaine.png\" alt=\"\" class=\"wp-image-2326\" width=\"675\" height=\"674\" srcset=\"https:\/\/www.avenue-literie.com\/blog\/wp-content\/uploads\/2022\/11\/matelas-Diapazon-literie-davilaine.png 900w, https:\/\/www.avenue-literie.com\/blog\/wp-content\/uploads\/2022\/11\/matelas-Diapazon-literie-davilaine-300x300.png 300w, https:\/\/www.avenue-literie.com\/blog\/wp-content\/uploads\/2022\/11\/matelas-Diapazon-literie-davilaine-150x150.png 150w, https:\/\/www.avenue-literie.com\/blog\/wp-content\/uploads\/2022\/11\/matelas-Diapazon-literie-davilaine-768x767.png 768w, https:\/\/www.avenue-literie.com\/blog\/wp-content\/uploads\/2022\/11\/matelas-Diapazon-literie-davilaine-100x100.png 100w, https:\/\/www.avenue-literie.com\/blog\/wp-content\/uploads\/2022\/11\/matelas-Diapazon-literie-davilaine-65x65.png 65w\" sizes=\"(max-width: 675px) 100vw, 675px\" \/><\/a><\/figure>\n<\/div>\n<\/div>\n\n\n\n<div class=\"wp-block-columns is-layout-flex wp-container-core-columns-is-layout-9d6595d7 wp-block-columns-is-layout-flex\">\n<div class=\"wp-block-column is-layout-flow wp-block-column-is-layout-flow\">\n<figure class=\"wp-block-image size-large\"><img decoding=\"async\" width=\"1024\" height=\"768\" src=\"https:\/\/www.avenue-literie.com\/blog\/wp-content\/uploads\/2022\/11\/Matlas-Latex-Avenue-Literie-1-1024x768.png\" alt=\"\" class=\"wp-image-2345\" srcset=\"https:\/\/www.avenue-literie.com\/blog\/wp-content\/uploads\/2022\/11\/Matlas-Latex-Avenue-Literie-1-1024x768.png 1024w, https:\/\/www.avenue-literie.com\/blog\/wp-content\/uploads\/2022\/11\/Matlas-Latex-Avenue-Literie-1-300x225.png 300w, https:\/\/www.avenue-literie.com\/blog\/wp-content\/uploads\/2022\/11\/Matlas-Latex-Avenue-Literie-1-768x576.png 768w, https:\/\/www.avenue-literie.com\/blog\/wp-content\/uploads\/2022\/11\/Matlas-Latex-Avenue-Literie-1-320x240.png 320w, https:\/\/www.avenue-literie.com\/blog\/wp-content\/uploads\/2022\/11\/Matlas-Latex-Avenue-Literie-1.png 1200w\" sizes=\"(max-width: 767px) 89vw, (max-width: 1000px) 54vw, (max-width: 1071px) 543px, 580px\" \/><\/figure>\n<\/div>\n\n\n\n<div class=\"wp-block-column is-layout-flow wp-block-column-is-layout-flow\">\n<figure class=\"wp-block-image size-large\"><img decoding=\"async\" width=\"1024\" height=\"768\" src=\"https:\/\/www.avenue-literie.com\/blog\/wp-content\/uploads\/2022\/11\/Coupe-100-Latex-Matelas-1-1-1024x768.png\" alt=\"\" class=\"wp-image-2352\" srcset=\"https:\/\/www.avenue-literie.com\/blog\/wp-content\/uploads\/2022\/11\/Coupe-100-Latex-Matelas-1-1-1024x768.png 1024w, https:\/\/www.avenue-literie.com\/blog\/wp-content\/uploads\/2022\/11\/Coupe-100-Latex-Matelas-1-1-300x225.png 300w, https:\/\/www.avenue-literie.com\/blog\/wp-content\/uploads\/2022\/11\/Coupe-100-Latex-Matelas-1-1-768x576.png 768w, https:\/\/www.avenue-literie.com\/blog\/wp-content\/uploads\/2022\/11\/Coupe-100-Latex-Matelas-1-1-320x240.png 320w, https:\/\/www.avenue-literie.com\/blog\/wp-content\/uploads\/2022\/11\/Coupe-100-Latex-Matelas-1-1.png 1200w\" sizes=\"(max-width: 767px) 89vw, (max-width: 1000px) 54vw, (max-width: 1071px) 543px, 580px\" \/><\/figure>\n<\/div>\n<\/div>\n\n\n\n<ul class=\"wp-block-list\">\n<li>Sommiers Tapissier et recouvert<\/li>\n<\/ul>\n\n\n\n<p>Sommier d\u00e9co, coloris bleu avec ou sans t\u00eate de lit. Choix des coloris possible.<\/p>\n\n\n\n<div class=\"wp-block-columns is-layout-flex wp-container-core-columns-is-layout-9d6595d7 wp-block-columns-is-layout-flex\">\n<div class=\"wp-block-column is-layout-flow wp-block-column-is-layout-flow\">\n<figure class=\"wp-block-image size-full is-resized\"><a href=\"https:\/\/www.avenue-literie.com\/ensemble-literie-diapason-140x190-latex.html\"><img decoding=\"async\" src=\"https:\/\/www.avenue-literie.com\/blog\/wp-content\/uploads\/2022\/11\/matelas-diapazon-sommier-tete-de-lit-davilaine-3.png\" alt=\"\" class=\"wp-image-2328\" width=\"540\" height=\"540\" srcset=\"https:\/\/www.avenue-literie.com\/blog\/wp-content\/uploads\/2022\/11\/matelas-diapazon-sommier-tete-de-lit-davilaine-3.png 900w, https:\/\/www.avenue-literie.com\/blog\/wp-content\/uploads\/2022\/11\/matelas-diapazon-sommier-tete-de-lit-davilaine-3-300x300.png 300w, https:\/\/www.avenue-literie.com\/blog\/wp-content\/uploads\/2022\/11\/matelas-diapazon-sommier-tete-de-lit-davilaine-3-150x150.png 150w, https:\/\/www.avenue-literie.com\/blog\/wp-content\/uploads\/2022\/11\/matelas-diapazon-sommier-tete-de-lit-davilaine-3-768x768.png 768w, https:\/\/www.avenue-literie.com\/blog\/wp-content\/uploads\/2022\/11\/matelas-diapazon-sommier-tete-de-lit-davilaine-3-100x100.png 100w, https:\/\/www.avenue-literie.com\/blog\/wp-content\/uploads\/2022\/11\/matelas-diapazon-sommier-tete-de-lit-davilaine-3-65x65.png 65w\" sizes=\"(max-width: 540px) 100vw, 540px\" \/><\/a><\/figure>\n<\/div>\n\n\n\n<div class=\"wp-block-column is-layout-flow wp-block-column-is-layout-flow\">\n<figure class=\"wp-block-image size-full is-resized\"><a href=\"https:\/\/www.avenue-literie.com\/ensemble-literie-diapason-140x190-latex.html\"><img decoding=\"async\" src=\"https:\/\/www.avenue-literie.com\/blog\/wp-content\/uploads\/2022\/10\/IMG_7142.png\" alt=\"\" class=\"wp-image-2283\" width=\"561\" height=\"561\" srcset=\"https:\/\/www.avenue-literie.com\/blog\/wp-content\/uploads\/2022\/10\/IMG_7142.png 900w, https:\/\/www.avenue-literie.com\/blog\/wp-content\/uploads\/2022\/10\/IMG_7142-300x300.png 300w, https:\/\/www.avenue-literie.com\/blog\/wp-content\/uploads\/2022\/10\/IMG_7142-150x150.png 150w, https:\/\/www.avenue-literie.com\/blog\/wp-content\/uploads\/2022\/10\/IMG_7142-768x768.png 768w, https:\/\/www.avenue-literie.com\/blog\/wp-content\/uploads\/2022\/10\/IMG_7142-100x100.png 100w, https:\/\/www.avenue-literie.com\/blog\/wp-content\/uploads\/2022\/10\/IMG_7142-65x65.png 65w\" sizes=\"(max-width: 561px) 100vw, 561px\" \/><\/a><\/figure>\n<\/div>\n<\/div>\n\n\n\n<p>Les coloris des sommiers deco davilaine<\/p>\n","protected":false},"excerpt":{"rendered":"<p>Nous vous pr\u00e9sentons cette nouvelle marque dont nous avons eu un coup de c\u0153ur en cette ce d\u00e9but d&rsquo;automne 2022. La marque Davilaine, marque de literie bretonne. Nous avons retenu cette marque qui a plus de 65 ans et qui est 100% Fran\u00e7aise et bretonne.Un v\u00e9ritable coup de c\u0153ur pour ces produits que vous retrouverez &hellip; <\/p>\n<p class=\"link-more\"><a href=\"https:\/\/www.avenue-literie.com\/blog\/2022\/11\/14\/davilaine-literie-ca-nous-plait\/\" class=\"more-link\">Continuer la lecture<span class=\"screen-reader-text\"> de &laquo;&nbsp;Davilaine Literie \u00e7a nous pla\u00eet !&nbsp;&raquo;<\/span><\/a><\/p>\n","protected":false},"author":2,"featured_media":3435,"comment_status":"closed","ping_status":"closed","sticky":true,"template":"","format":"standard","meta":{"footnotes":""},"categories":[1],"tags":[516,517,154,518],"class_list":["post-2279","post","type-post","status-publish","format-standard","has-post-thumbnail","hentry","category-actualites-literie","tag-davilaine","tag-literie-bretonne","tag-literie-france","tag-literie-latex"],"yoast_head":"<!-- This site is optimized with the Yoast SEO plugin v27.4 - https:\/\/yoast.com\/product\/yoast-seo-wordpress\/ -->\n<title>Davilaine Literie \u00e7a nous pla\u00eet ! - Le Blog Avenue Literie<\/title>\n<meta name=\"description\" content=\"literie bretagne literie bretonne literie francais belle literie etiquette belle literie matelas latex\" \/>\n<meta name=\"robots\" content=\"index, follow, max-snippet:-1, max-image-preview:large, max-video-preview:-1\" \/>\n<link rel=\"canonical\" href=\"https:\/\/www.avenue-literie.com\/blog\/2022\/11\/14\/davilaine-literie-ca-nous-plait\/\" \/>\n<meta property=\"og:locale\" content=\"fr_FR\" \/>\n<meta property=\"og:type\" content=\"article\" \/>\n<meta property=\"og:title\" content=\"Davilaine literie\" \/>\n<meta property=\"og:description\" content=\"Literie Davilaine\" \/>\n<meta property=\"og:url\" content=\"https:\/\/www.avenue-literie.com\/blog\/2022\/11\/14\/davilaine-literie-ca-nous-plait\/\" \/>\n<meta property=\"og:site_name\" content=\"Le Blog Avenue Literie\" \/>\n<meta property=\"article:publisher\" content=\"https:\/\/www.facebook.com\/AvenueLiterieTroyes\/\" \/>\n<meta property=\"article:published_time\" content=\"2022-11-14T16:46:08+00:00\" \/>\n<meta property=\"article:modified_time\" content=\"2023-02-15T13:52:36+00:00\" \/>\n<meta property=\"og:image\" content=\"https:\/\/www.avenue-literie.com\/blog\/wp-content\/uploads\/2022\/10\/la-belle-literie-avenue-literuie-davilaine.jpg\" \/>\n\t<meta property=\"og:image:width\" content=\"500\" \/>\n\t<meta property=\"og:image:height\" content=\"202\" \/>\n\t<meta property=\"og:image:type\" content=\"image\/jpeg\" \/>\n<meta name=\"author\" content=\"J\u00e9r\u00f4me\" \/>\n<meta name=\"twitter:card\" content=\"summary_large_image\" \/>\n<meta name=\"twitter:title\" content=\"davilaine literrie\" \/>\n<meta name=\"twitter:description\" content=\"literie bretonne davilaine\" \/>\n<meta name=\"twitter:image\" content=\"https:\/\/www.avenue-literie.com\/blog\/wp-content\/uploads\/2022\/10\/logo-davilaine-e1668496937279.png\" \/>\n<meta name=\"twitter:creator\" content=\"@avenue_literie\" \/>\n<meta name=\"twitter:site\" content=\"@avenue_literie\" \/>\n<meta name=\"twitter:label1\" content=\"\u00c9crit par\" \/>\n\t<meta name=\"twitter:data1\" content=\"J\u00e9r\u00f4me\" \/>\n\t<meta name=\"twitter:label2\" content=\"Dur\u00e9e de lecture estim\u00e9e\" \/>\n\t<meta name=\"twitter:data2\" content=\"1 minute\" \/>\n<script type=\"application\/ld+json\" class=\"yoast-schema-graph\">{\"@context\":\"https:\\\/\\\/schema.org\",\"@graph\":[{\"@type\":\"Article\",\"@id\":\"https:\\\/\\\/www.avenue-literie.com\\\/blog\\\/2022\\\/11\\\/14\\\/davilaine-literie-ca-nous-plait\\\/#article\",\"isPartOf\":{\"@id\":\"https:\\\/\\\/www.avenue-literie.com\\\/blog\\\/2022\\\/11\\\/14\\\/davilaine-literie-ca-nous-plait\\\/\"},\"author\":{\"name\":\"J\u00e9r\u00f4me\",\"@id\":\"https:\\\/\\\/www.avenue-literie.com\\\/blog\\\/#\\\/schema\\\/person\\\/add6301bb28276c53d992ec5ef2f17ae\"},\"headline\":\"Davilaine Literie \u00e7a nous pla\u00eet !\",\"datePublished\":\"2022-11-14T16:46:08+00:00\",\"dateModified\":\"2023-02-15T13:52:36+00:00\",\"mainEntityOfPage\":{\"@id\":\"https:\\\/\\\/www.avenue-literie.com\\\/blog\\\/2022\\\/11\\\/14\\\/davilaine-literie-ca-nous-plait\\\/\"},\"wordCount\":194,\"publisher\":{\"@id\":\"https:\\\/\\\/www.avenue-literie.com\\\/blog\\\/#organization\"},\"image\":{\"@id\":\"https:\\\/\\\/www.avenue-literie.com\\\/blog\\\/2022\\\/11\\\/14\\\/davilaine-literie-ca-nous-plait\\\/#primaryimage\"},\"thumbnailUrl\":\"https:\\\/\\\/www.avenue-literie.com\\\/blog\\\/wp-content\\\/uploads\\\/2023\\\/02\\\/davilaine-avenue-literie.jpg\",\"keywords\":[\"davilaine\",\"literie bretonne\",\"Literie France\",\"literie latex\"],\"articleSection\":[\"Actualit\u00e9s\"],\"inLanguage\":\"fr-FR\"},{\"@type\":\"WebPage\",\"@id\":\"https:\\\/\\\/www.avenue-literie.com\\\/blog\\\/2022\\\/11\\\/14\\\/davilaine-literie-ca-nous-plait\\\/\",\"url\":\"https:\\\/\\\/www.avenue-literie.com\\\/blog\\\/2022\\\/11\\\/14\\\/davilaine-literie-ca-nous-plait\\\/\",\"name\":\"Davilaine Literie \u00e7a nous pla\u00eet ! - Le Blog Avenue Literie\",\"isPartOf\":{\"@id\":\"https:\\\/\\\/www.avenue-literie.com\\\/blog\\\/#website\"},\"primaryImageOfPage\":{\"@id\":\"https:\\\/\\\/www.avenue-literie.com\\\/blog\\\/2022\\\/11\\\/14\\\/davilaine-literie-ca-nous-plait\\\/#primaryimage\"},\"image\":{\"@id\":\"https:\\\/\\\/www.avenue-literie.com\\\/blog\\\/2022\\\/11\\\/14\\\/davilaine-literie-ca-nous-plait\\\/#primaryimage\"},\"thumbnailUrl\":\"https:\\\/\\\/www.avenue-literie.com\\\/blog\\\/wp-content\\\/uploads\\\/2023\\\/02\\\/davilaine-avenue-literie.jpg\",\"datePublished\":\"2022-11-14T16:46:08+00:00\",\"dateModified\":\"2023-02-15T13:52:36+00:00\",\"description\":\"literie bretagne literie bretonne literie francais belle literie etiquette belle literie matelas latex\",\"breadcrumb\":{\"@id\":\"https:\\\/\\\/www.avenue-literie.com\\\/blog\\\/2022\\\/11\\\/14\\\/davilaine-literie-ca-nous-plait\\\/#breadcrumb\"},\"inLanguage\":\"fr-FR\",\"potentialAction\":[{\"@type\":\"ReadAction\",\"target\":[\"https:\\\/\\\/www.avenue-literie.com\\\/blog\\\/2022\\\/11\\\/14\\\/davilaine-literie-ca-nous-plait\\\/\"]}]},{\"@type\":\"ImageObject\",\"inLanguage\":\"fr-FR\",\"@id\":\"https:\\\/\\\/www.avenue-literie.com\\\/blog\\\/2022\\\/11\\\/14\\\/davilaine-literie-ca-nous-plait\\\/#primaryimage\",\"url\":\"https:\\\/\\\/www.avenue-literie.com\\\/blog\\\/wp-content\\\/uploads\\\/2023\\\/02\\\/davilaine-avenue-literie.jpg\",\"contentUrl\":\"https:\\\/\\\/www.avenue-literie.com\\\/blog\\\/wp-content\\\/uploads\\\/2023\\\/02\\\/davilaine-avenue-literie.jpg\",\"width\":1475,\"height\":1181},{\"@type\":\"BreadcrumbList\",\"@id\":\"https:\\\/\\\/www.avenue-literie.com\\\/blog\\\/2022\\\/11\\\/14\\\/davilaine-literie-ca-nous-plait\\\/#breadcrumb\",\"itemListElement\":[{\"@type\":\"ListItem\",\"position\":1,\"name\":\"Home\",\"item\":\"https:\\\/\\\/www.avenue-literie.com\\\/blog\\\/\"},{\"@type\":\"ListItem\",\"position\":2,\"name\":\"Actualit\u00e9s\",\"item\":\"https:\\\/\\\/www.avenue-literie.com\\\/blog\\\/category\\\/actualites-literie\\\/\"},{\"@type\":\"ListItem\",\"position\":3,\"name\":\"Davilaine Literie \u00e7a nous pla\u00eet !\"}]},{\"@type\":\"WebSite\",\"@id\":\"https:\\\/\\\/www.avenue-literie.com\\\/blog\\\/#website\",\"url\":\"https:\\\/\\\/www.avenue-literie.com\\\/blog\\\/\",\"name\":\"Le Blog Avenue Literie\",\"description\":\"Le blog du conseil en literie\",\"publisher\":{\"@id\":\"https:\\\/\\\/www.avenue-literie.com\\\/blog\\\/#organization\"},\"potentialAction\":[{\"@type\":\"SearchAction\",\"target\":{\"@type\":\"EntryPoint\",\"urlTemplate\":\"https:\\\/\\\/www.avenue-literie.com\\\/blog\\\/?s={search_term_string}\"},\"query-input\":{\"@type\":\"PropertyValueSpecification\",\"valueRequired\":true,\"valueName\":\"search_term_string\"}}],\"inLanguage\":\"fr-FR\"},{\"@type\":\"Organization\",\"@id\":\"https:\\\/\\\/www.avenue-literie.com\\\/blog\\\/#organization\",\"name\":\"Le blog Avenue Literie\",\"alternateName\":\"Le blog Avenue Literie\",\"url\":\"https:\\\/\\\/www.avenue-literie.com\\\/blog\\\/\",\"logo\":{\"@type\":\"ImageObject\",\"inLanguage\":\"fr-FR\",\"@id\":\"https:\\\/\\\/www.avenue-literie.com\\\/blog\\\/#\\\/schema\\\/logo\\\/image\\\/\",\"url\":\"https:\\\/\\\/www.avenue-literie.com\\\/blog\\\/wp-content\\\/uploads\\\/2022\\\/04\\\/cropped-Gros-logo-avenue-literie-sans-arriere-fond-blanc.png\",\"contentUrl\":\"https:\\\/\\\/www.avenue-literie.com\\\/blog\\\/wp-content\\\/uploads\\\/2022\\\/04\\\/cropped-Gros-logo-avenue-literie-sans-arriere-fond-blanc.png\",\"width\":1479,\"height\":250,\"caption\":\"Le blog Avenue Literie\"},\"image\":{\"@id\":\"https:\\\/\\\/www.avenue-literie.com\\\/blog\\\/#\\\/schema\\\/logo\\\/image\\\/\"},\"sameAs\":[\"https:\\\/\\\/www.facebook.com\\\/AvenueLiterieTroyes\\\/\",\"https:\\\/\\\/x.com\\\/avenue_literie\",\"https:\\\/\\\/www.instagram.com\\\/avenueliterie\\\/\",\"https:\\\/\\\/www.pinterest.fr\\\/avenueliterie\\\/\"]},{\"@type\":\"Person\",\"@id\":\"https:\\\/\\\/www.avenue-literie.com\\\/blog\\\/#\\\/schema\\\/person\\\/add6301bb28276c53d992ec5ef2f17ae\",\"name\":\"J\u00e9r\u00f4me\",\"image\":{\"@type\":\"ImageObject\",\"inLanguage\":\"fr-FR\",\"@id\":\"https:\\\/\\\/secure.gravatar.com\\\/avatar\\\/2e39bb7b624068c575f434373fc1440c1bd421d6e1bdd21a14a529cbff8f1fed?s=96&d=mm&r=g\",\"url\":\"https:\\\/\\\/secure.gravatar.com\\\/avatar\\\/2e39bb7b624068c575f434373fc1440c1bd421d6e1bdd21a14a529cbff8f1fed?s=96&d=mm&r=g\",\"contentUrl\":\"https:\\\/\\\/secure.gravatar.com\\\/avatar\\\/2e39bb7b624068c575f434373fc1440c1bd421d6e1bdd21a14a529cbff8f1fed?s=96&d=mm&r=g\",\"caption\":\"J\u00e9r\u00f4me\"},\"url\":\"https:\\\/\\\/www.avenue-literie.com\\\/blog\\\/author\\\/jerome\\\/\"}]}<\/script>\n<!-- \/ Yoast SEO plugin. -->","yoast_head_json":{"title":"Davilaine Literie \u00e7a nous pla\u00eet ! - Le Blog Avenue Literie","description":"literie bretagne literie bretonne literie francais belle literie etiquette belle literie matelas latex","robots":{"index":"index","follow":"follow","max-snippet":"max-snippet:-1","max-image-preview":"max-image-preview:large","max-video-preview":"max-video-preview:-1"},"canonical":"https:\/\/www.avenue-literie.com\/blog\/2022\/11\/14\/davilaine-literie-ca-nous-plait\/","og_locale":"fr_FR","og_type":"article","og_title":"Davilaine literie","og_description":"Literie Davilaine","og_url":"https:\/\/www.avenue-literie.com\/blog\/2022\/11\/14\/davilaine-literie-ca-nous-plait\/","og_site_name":"Le Blog Avenue Literie","article_publisher":"https:\/\/www.facebook.com\/AvenueLiterieTroyes\/","article_published_time":"2022-11-14T16:46:08+00:00","article_modified_time":"2023-02-15T13:52:36+00:00","og_image":[{"width":500,"height":202,"url":"https:\/\/www.avenue-literie.com\/blog\/wp-content\/uploads\/2022\/10\/la-belle-literie-avenue-literuie-davilaine.jpg","type":"image\/jpeg"}],"author":"J\u00e9r\u00f4me","twitter_card":"summary_large_image","twitter_title":"davilaine literrie","twitter_description":"literie bretonne davilaine","twitter_image":"https:\/\/www.avenue-literie.com\/blog\/wp-content\/uploads\/2022\/10\/logo-davilaine-e1668496937279.png","twitter_creator":"@avenue_literie","twitter_site":"@avenue_literie","twitter_misc":{"\u00c9crit par":"J\u00e9r\u00f4me","Dur\u00e9e de lecture estim\u00e9e":"1 minute"},"schema":{"@context":"https:\/\/schema.org","@graph":[{"@type":"Article","@id":"https:\/\/www.avenue-literie.com\/blog\/2022\/11\/14\/davilaine-literie-ca-nous-plait\/#article","isPartOf":{"@id":"https:\/\/www.avenue-literie.com\/blog\/2022\/11\/14\/davilaine-literie-ca-nous-plait\/"},"author":{"name":"J\u00e9r\u00f4me","@id":"https:\/\/www.avenue-literie.com\/blog\/#\/schema\/person\/add6301bb28276c53d992ec5ef2f17ae"},"headline":"Davilaine Literie \u00e7a nous pla\u00eet !","datePublished":"2022-11-14T16:46:08+00:00","dateModified":"2023-02-15T13:52:36+00:00","mainEntityOfPage":{"@id":"https:\/\/www.avenue-literie.com\/blog\/2022\/11\/14\/davilaine-literie-ca-nous-plait\/"},"wordCount":194,"publisher":{"@id":"https:\/\/www.avenue-literie.com\/blog\/#organization"},"image":{"@id":"https:\/\/www.avenue-literie.com\/blog\/2022\/11\/14\/davilaine-literie-ca-nous-plait\/#primaryimage"},"thumbnailUrl":"https:\/\/www.avenue-literie.com\/blog\/wp-content\/uploads\/2023\/02\/davilaine-avenue-literie.jpg","keywords":["davilaine","literie bretonne","Literie France","literie latex"],"articleSection":["Actualit\u00e9s"],"inLanguage":"fr-FR"},{"@type":"WebPage","@id":"https:\/\/www.avenue-literie.com\/blog\/2022\/11\/14\/davilaine-literie-ca-nous-plait\/","url":"https:\/\/www.avenue-literie.com\/blog\/2022\/11\/14\/davilaine-literie-ca-nous-plait\/","name":"Davilaine Literie \u00e7a nous pla\u00eet ! - Le Blog Avenue Literie","isPartOf":{"@id":"https:\/\/www.avenue-literie.com\/blog\/#website"},"primaryImageOfPage":{"@id":"https:\/\/www.avenue-literie.com\/blog\/2022\/11\/14\/davilaine-literie-ca-nous-plait\/#primaryimage"},"image":{"@id":"https:\/\/www.avenue-literie.com\/blog\/2022\/11\/14\/davilaine-literie-ca-nous-plait\/#primaryimage"},"thumbnailUrl":"https:\/\/www.avenue-literie.com\/blog\/wp-content\/uploads\/2023\/02\/davilaine-avenue-literie.jpg","datePublished":"2022-11-14T16:46:08+00:00","dateModified":"2023-02-15T13:52:36+00:00","description":"literie bretagne literie bretonne literie francais belle literie etiquette belle literie matelas latex","breadcrumb":{"@id":"https:\/\/www.avenue-literie.com\/blog\/2022\/11\/14\/davilaine-literie-ca-nous-plait\/#breadcrumb"},"inLanguage":"fr-FR","potentialAction":[{"@type":"ReadAction","target":["https:\/\/www.avenue-literie.com\/blog\/2022\/11\/14\/davilaine-literie-ca-nous-plait\/"]}]},{"@type":"ImageObject","inLanguage":"fr-FR","@id":"https:\/\/www.avenue-literie.com\/blog\/2022\/11\/14\/davilaine-literie-ca-nous-plait\/#primaryimage","url":"https:\/\/www.avenue-literie.com\/blog\/wp-content\/uploads\/2023\/02\/davilaine-avenue-literie.jpg","contentUrl":"https:\/\/www.avenue-literie.com\/blog\/wp-content\/uploads\/2023\/02\/davilaine-avenue-literie.jpg","width":1475,"height":1181},{"@type":"BreadcrumbList","@id":"https:\/\/www.avenue-literie.com\/blog\/2022\/11\/14\/davilaine-literie-ca-nous-plait\/#breadcrumb","itemListElement":[{"@type":"ListItem","position":1,"name":"Home","item":"https:\/\/www.avenue-literie.com\/blog\/"},{"@type":"ListItem","position":2,"name":"Actualit\u00e9s","item":"https:\/\/www.avenue-literie.com\/blog\/category\/actualites-literie\/"},{"@type":"ListItem","position":3,"name":"Davilaine Literie \u00e7a nous pla\u00eet !"}]},{"@type":"WebSite","@id":"https:\/\/www.avenue-literie.com\/blog\/#website","url":"https:\/\/www.avenue-literie.com\/blog\/","name":"Le Blog Avenue Literie","description":"Le blog du conseil en literie","publisher":{"@id":"https:\/\/www.avenue-literie.com\/blog\/#organization"},"potentialAction":[{"@type":"SearchAction","target":{"@type":"EntryPoint","urlTemplate":"https:\/\/www.avenue-literie.com\/blog\/?s={search_term_string}"},"query-input":{"@type":"PropertyValueSpecification","valueRequired":true,"valueName":"search_term_string"}}],"inLanguage":"fr-FR"},{"@type":"Organization","@id":"https:\/\/www.avenue-literie.com\/blog\/#organization","name":"Le blog Avenue Literie","alternateName":"Le blog Avenue Literie","url":"https:\/\/www.avenue-literie.com\/blog\/","logo":{"@type":"ImageObject","inLanguage":"fr-FR","@id":"https:\/\/www.avenue-literie.com\/blog\/#\/schema\/logo\/image\/","url":"https:\/\/www.avenue-literie.com\/blog\/wp-content\/uploads\/2022\/04\/cropped-Gros-logo-avenue-literie-sans-arriere-fond-blanc.png","contentUrl":"https:\/\/www.avenue-literie.com\/blog\/wp-content\/uploads\/2022\/04\/cropped-Gros-logo-avenue-literie-sans-arriere-fond-blanc.png","width":1479,"height":250,"caption":"Le blog Avenue Literie"},"image":{"@id":"https:\/\/www.avenue-literie.com\/blog\/#\/schema\/logo\/image\/"},"sameAs":["https:\/\/www.facebook.com\/AvenueLiterieTroyes\/","https:\/\/x.com\/avenue_literie","https:\/\/www.instagram.com\/avenueliterie\/","https:\/\/www.pinterest.fr\/avenueliterie\/"]},{"@type":"Person","@id":"https:\/\/www.avenue-literie.com\/blog\/#\/schema\/person\/add6301bb28276c53d992ec5ef2f17ae","name":"J\u00e9r\u00f4me","image":{"@type":"ImageObject","inLanguage":"fr-FR","@id":"https:\/\/secure.gravatar.com\/avatar\/2e39bb7b624068c575f434373fc1440c1bd421d6e1bdd21a14a529cbff8f1fed?s=96&d=mm&r=g","url":"https:\/\/secure.gravatar.com\/avatar\/2e39bb7b624068c575f434373fc1440c1bd421d6e1bdd21a14a529cbff8f1fed?s=96&d=mm&r=g","contentUrl":"https:\/\/secure.gravatar.com\/avatar\/2e39bb7b624068c575f434373fc1440c1bd421d6e1bdd21a14a529cbff8f1fed?s=96&d=mm&r=g","caption":"J\u00e9r\u00f4me"},"url":"https:\/\/www.avenue-literie.com\/blog\/author\/jerome\/"}]}},"_links":{"self":[{"href":"https:\/\/www.avenue-literie.com\/blog\/wp-json\/wp\/v2\/posts\/2279","targetHints":{"allow":["GET"]}}],"collection":[{"href":"https:\/\/www.avenue-literie.com\/blog\/wp-json\/wp\/v2\/posts"}],"about":[{"href":"https:\/\/www.avenue-literie.com\/blog\/wp-json\/wp\/v2\/types\/post"}],"author":[{"embeddable":true,"href":"https:\/\/www.avenue-literie.com\/blog\/wp-json\/wp\/v2\/users\/2"}],"replies":[{"embeddable":true,"href":"https:\/\/www.avenue-literie.com\/blog\/wp-json\/wp\/v2\/comments?post=2279"}],"version-history":[{"count":29,"href":"https:\/\/www.avenue-literie.com\/blog\/wp-json\/wp\/v2\/posts\/2279\/revisions"}],"predecessor-version":[{"id":2745,"href":"https:\/\/www.avenue-literie.com\/blog\/wp-json\/wp\/v2\/posts\/2279\/revisions\/2745"}],"wp:featuredmedia":[{"embeddable":true,"href":"https:\/\/www.avenue-literie.com\/blog\/wp-json\/wp\/v2\/media\/3435"}],"wp:attachment":[{"href":"https:\/\/www.avenue-literie.com\/blog\/wp-json\/wp\/v2\/media?parent=2279"}],"wp:term":[{"taxonomy":"category","embeddable":true,"href":"https:\/\/www.avenue-literie.com\/blog\/wp-json\/wp\/v2\/categories?post=2279"},{"taxonomy":"post_tag","embeddable":true,"href":"https:\/\/www.avenue-literie.com\/blog\/wp-json\/wp\/v2\/tags?post=2279"}],"curies":[{"name":"wp","href":"https:\/\/api.w.org\/{rel}","templated":true}]}}