{"id":2292,"date":"2022-11-15T08:34:12","date_gmt":"2022-11-15T08:34:12","guid":{"rendered":"https:\/\/www.avenue-literie.com\/blog\/?p=2292"},"modified":"2022-11-15T09:07:11","modified_gmt":"2022-11-15T09:07:11","slug":"avenue-literie-en-black-friday","status":"publish","type":"post","link":"https:\/\/www.avenue-literie.com\/blog\/2022\/11\/15\/avenue-literie-en-black-friday\/","title":{"rendered":"Avenue Literie en Black Friday"},"content":{"rendered":"\n<figure class=\"wp-block-image size-full\"><a href=\"https:\/\/www.avenue-literie.com\/black-friday-2022-boutique-literie-pas-cher.html\" target=\"_blank\" rel=\"noreferrer noopener\"><img decoding=\"async\" width=\"960\" height=\"350\" src=\"https:\/\/www.avenue-literie.com\/blog\/wp-content\/uploads\/2022\/11\/Slide-Black-Friday-2022-V2.png\" alt=\"\" class=\"wp-image-2293\" srcset=\"https:\/\/www.avenue-literie.com\/blog\/wp-content\/uploads\/2022\/11\/Slide-Black-Friday-2022-V2.png 960w, https:\/\/www.avenue-literie.com\/blog\/wp-content\/uploads\/2022\/11\/Slide-Black-Friday-2022-V2-300x109.png 300w, https:\/\/www.avenue-literie.com\/blog\/wp-content\/uploads\/2022\/11\/Slide-Black-Friday-2022-V2-768x280.png 768w\" sizes=\"(max-width: 767px) 89vw, (max-width: 1000px) 54vw, (max-width: 1071px) 543px, 580px\" \/><\/a><\/figure>\n\n\n\n<h6 class=\"wp-block-heading\">Avenue Literie en Black Friday : <\/h6>\n\n\n\n<div style=\"height:30px\" aria-hidden=\"true\" class=\"wp-block-spacer\"><\/div>\n\n\n\n<p>Il y a en cette fin d&rsquo;ann\u00e9e de tr\u00e8s bonnes affaires \u00e0 faire pour se procurer un matelas de qualit\u00e9.<\/p>\n\n\n\n<p>\u00c9conomiser, r\u00e9aliser une belle \u00e9conomie sur votre literie, pour enfin d\u00e9couvrir ou re d\u00e9couvrir le sommeil !<\/p>\n\n\n\n<div style=\"height:30px\" aria-hidden=\"true\" class=\"wp-block-spacer\"><\/div>\n\n\n\n<p>Nous dormons 25 ans de notre vie, alors pourquoi mal dormir sur un matelas pas adapt\u00e9 pour vous ?<\/p>\n\n\n\n<div style=\"height:30px\" aria-hidden=\"true\" class=\"wp-block-spacer\"><\/div>\n\n\n\n<p>Faites le choix d&rsquo;un matelas confortable Fran\u00e7ais \u00e0 prix r\u00e9duit.<\/p>\n\n\n\n<p>Le prix fort d&rsquo;un matelas n&rsquo;est pas un signe d&rsquo;une qualit\u00e9 ou la garantie d&rsquo;un bon sommeil.<\/p>\n\n\n\n<div style=\"height:20px\" aria-hidden=\"true\" class=\"wp-block-spacer\"><\/div>\n\n\n\n<p>Avenue Literie \u00e0 s\u00e9lectionn\u00e9\u00a0des matelas, lits et sommiers de tr\u00e8s bonnes qualit\u00e9s.<br>Les oreillers, les couettes et le linge de lit font partie \u00e9galement des Black\u00a0Friday.<br><\/p>\n\n\n\n<h6 class=\"wp-block-heading\">O\u00f9 trouver un bon matelas chez un professionnel ?\u00a0<\/h6>\n\n\n\n<p>Avenue Literie, plus de 25 ans aux services des clients et surtout \u00e0 l&rsquo;\u00e9coute de votre demande en termes de confort.<\/p>\n\n\n\n<figure class=\"wp-block-image size-large is-resized\"><img decoding=\"async\" src=\"https:\/\/www.avenue-literie.com\/blog\/wp-content\/uploads\/2022\/11\/femme-couette--857x1024.png\" alt=\"Bon sommiel \nBonne literie\nBlack Friday\" class=\"wp-image-2295\" width=\"429\" height=\"512\" srcset=\"https:\/\/www.avenue-literie.com\/blog\/wp-content\/uploads\/2022\/11\/femme-couette--857x1024.png 857w, https:\/\/www.avenue-literie.com\/blog\/wp-content\/uploads\/2022\/11\/femme-couette--251x300.png 251w, https:\/\/www.avenue-literie.com\/blog\/wp-content\/uploads\/2022\/11\/femme-couette--768x917.png 768w, https:\/\/www.avenue-literie.com\/blog\/wp-content\/uploads\/2022\/11\/femme-couette--1286x1536.png 1286w, https:\/\/www.avenue-literie.com\/blog\/wp-content\/uploads\/2022\/11\/femme-couette-.png 1440w\" sizes=\"(max-width: 429px) 100vw, 429px\" \/><\/figure>\n\n\n\n<p>Des \u00e9conomies \u00e0 r\u00e9aliser pour votre confort, c&rsquo;est possible durant les Black\u00a0Friday\u00a0d&rsquo;Avenue Literie.<\/p>\n\n\n\n<p><br>Un expert en literie, des literies de France, des fabrications Fran\u00e7aises de literie, des marques \u00e9coresponsable, des marques de literie avec des certifications et labels garantissant des produits sains pour votre sant\u00e9.<\/p>\n\n\n\n<div style=\"height:20px\" aria-hidden=\"true\" class=\"wp-block-spacer\"><\/div>\n\n\n\n<p><strong>Le confort chez vous, pour vous.\u00a0Dormez mieux !<\/strong><\/p>\n","protected":false},"excerpt":{"rendered":"<p>Avenue Literie en Black Friday : Il y a en cette fin d&rsquo;ann\u00e9e de tr\u00e8s bonnes affaires \u00e0 faire pour se procurer un matelas de qualit\u00e9. \u00c9conomiser, r\u00e9aliser une belle \u00e9conomie sur votre literie, pour enfin d\u00e9couvrir ou re d\u00e9couvrir le sommeil ! Nous dormons 25 ans de notre vie, alors pourquoi mal dormir sur &hellip; <\/p>\n<p class=\"link-more\"><a href=\"https:\/\/www.avenue-literie.com\/blog\/2022\/11\/15\/avenue-literie-en-black-friday\/\" class=\"more-link\">Continuer la lecture<span class=\"screen-reader-text\"> de &laquo;&nbsp;Avenue Literie en Black Friday&nbsp;&raquo;<\/span><\/a><\/p>\n","protected":false},"author":2,"featured_media":2303,"comment_status":"closed","ping_status":"closed","sticky":true,"template":"","format":"standard","meta":{"footnotes":""},"categories":[1],"tags":[],"class_list":["post-2292","post","type-post","status-publish","format-standard","has-post-thumbnail","hentry","category-actualites-literie"],"yoast_head":"<!-- This site is optimized with the Yoast SEO plugin v27.4 - https:\/\/yoast.com\/product\/yoast-seo-wordpress\/ -->\n<title>Avenue Literie en Black Friday - Le Blog Avenue Literie<\/title>\n<meta name=\"robots\" content=\"index, follow, max-snippet:-1, max-image-preview:large, max-video-preview:-1\" \/>\n<link rel=\"canonical\" href=\"https:\/\/www.avenue-literie.com\/blog\/2022\/11\/15\/avenue-literie-en-black-friday\/\" \/>\n<meta property=\"og:locale\" content=\"fr_FR\" \/>\n<meta property=\"og:type\" content=\"article\" \/>\n<meta property=\"og:title\" content=\"Avenue Literie en Black Friday - Le Blog Avenue Literie\" \/>\n<meta property=\"og:description\" content=\"Avenue Literie en Black Friday : Il y a en cette fin d&rsquo;ann\u00e9e de tr\u00e8s bonnes affaires \u00e0 faire pour se procurer un matelas de qualit\u00e9. \u00c9conomiser, r\u00e9aliser une belle \u00e9conomie sur votre literie, pour enfin d\u00e9couvrir ou re d\u00e9couvrir le sommeil ! Nous dormons 25 ans de notre vie, alors pourquoi mal dormir sur &hellip; Continuer la lecture de &laquo;&nbsp;Avenue Literie en Black Friday&nbsp;&raquo;\" \/>\n<meta property=\"og:url\" content=\"https:\/\/www.avenue-literie.com\/blog\/2022\/11\/15\/avenue-literie-en-black-friday\/\" \/>\n<meta property=\"og:site_name\" content=\"Le Blog Avenue Literie\" \/>\n<meta property=\"article:publisher\" content=\"https:\/\/www.facebook.com\/AvenueLiterieTroyes\/\" \/>\n<meta property=\"article:published_time\" content=\"2022-11-15T08:34:12+00:00\" \/>\n<meta property=\"article:modified_time\" content=\"2022-11-15T09:07:11+00:00\" \/>\n<meta property=\"og:image\" content=\"https:\/\/www.avenue-literie.com\/blog\/wp-content\/uploads\/2022\/11\/Black-friday-instagram-post.png\" \/>\n\t<meta property=\"og:image:width\" content=\"1080\" \/>\n\t<meta property=\"og:image:height\" content=\"1080\" \/>\n\t<meta property=\"og:image:type\" content=\"image\/png\" \/>\n<meta name=\"author\" content=\"J\u00e9r\u00f4me\" \/>\n<meta name=\"twitter:card\" content=\"summary_large_image\" \/>\n<meta name=\"twitter:creator\" content=\"@avenue_literie\" \/>\n<meta name=\"twitter:site\" content=\"@avenue_literie\" \/>\n<meta name=\"twitter:label1\" content=\"\u00c9crit par\" \/>\n\t<meta name=\"twitter:data1\" content=\"J\u00e9r\u00f4me\" \/>\n\t<meta name=\"twitter:label2\" content=\"Dur\u00e9e de lecture estim\u00e9e\" \/>\n\t<meta name=\"twitter:data2\" content=\"1 minute\" \/>\n<script type=\"application\/ld+json\" class=\"yoast-schema-graph\">{\"@context\":\"https:\\\/\\\/schema.org\",\"@graph\":[{\"@type\":\"Article\",\"@id\":\"https:\\\/\\\/www.avenue-literie.com\\\/blog\\\/2022\\\/11\\\/15\\\/avenue-literie-en-black-friday\\\/#article\",\"isPartOf\":{\"@id\":\"https:\\\/\\\/www.avenue-literie.com\\\/blog\\\/2022\\\/11\\\/15\\\/avenue-literie-en-black-friday\\\/\"},\"author\":{\"name\":\"J\u00e9r\u00f4me\",\"@id\":\"https:\\\/\\\/www.avenue-literie.com\\\/blog\\\/#\\\/schema\\\/person\\\/add6301bb28276c53d992ec5ef2f17ae\"},\"headline\":\"Avenue Literie en Black Friday\",\"datePublished\":\"2022-11-15T08:34:12+00:00\",\"dateModified\":\"2022-11-15T09:07:11+00:00\",\"mainEntityOfPage\":{\"@id\":\"https:\\\/\\\/www.avenue-literie.com\\\/blog\\\/2022\\\/11\\\/15\\\/avenue-literie-en-black-friday\\\/\"},\"wordCount\":209,\"publisher\":{\"@id\":\"https:\\\/\\\/www.avenue-literie.com\\\/blog\\\/#organization\"},\"image\":{\"@id\":\"https:\\\/\\\/www.avenue-literie.com\\\/blog\\\/2022\\\/11\\\/15\\\/avenue-literie-en-black-friday\\\/#primaryimage\"},\"thumbnailUrl\":\"https:\\\/\\\/www.avenue-literie.com\\\/blog\\\/wp-content\\\/uploads\\\/2022\\\/11\\\/Black-friday-instagram-post.png\",\"articleSection\":[\"Actualit\u00e9s\"],\"inLanguage\":\"fr-FR\"},{\"@type\":\"WebPage\",\"@id\":\"https:\\\/\\\/www.avenue-literie.com\\\/blog\\\/2022\\\/11\\\/15\\\/avenue-literie-en-black-friday\\\/\",\"url\":\"https:\\\/\\\/www.avenue-literie.com\\\/blog\\\/2022\\\/11\\\/15\\\/avenue-literie-en-black-friday\\\/\",\"name\":\"Avenue Literie en Black Friday - Le Blog Avenue Literie\",\"isPartOf\":{\"@id\":\"https:\\\/\\\/www.avenue-literie.com\\\/blog\\\/#website\"},\"primaryImageOfPage\":{\"@id\":\"https:\\\/\\\/www.avenue-literie.com\\\/blog\\\/2022\\\/11\\\/15\\\/avenue-literie-en-black-friday\\\/#primaryimage\"},\"image\":{\"@id\":\"https:\\\/\\\/www.avenue-literie.com\\\/blog\\\/2022\\\/11\\\/15\\\/avenue-literie-en-black-friday\\\/#primaryimage\"},\"thumbnailUrl\":\"https:\\\/\\\/www.avenue-literie.com\\\/blog\\\/wp-content\\\/uploads\\\/2022\\\/11\\\/Black-friday-instagram-post.png\",\"datePublished\":\"2022-11-15T08:34:12+00:00\",\"dateModified\":\"2022-11-15T09:07:11+00:00\",\"breadcrumb\":{\"@id\":\"https:\\\/\\\/www.avenue-literie.com\\\/blog\\\/2022\\\/11\\\/15\\\/avenue-literie-en-black-friday\\\/#breadcrumb\"},\"inLanguage\":\"fr-FR\",\"potentialAction\":[{\"@type\":\"ReadAction\",\"target\":[\"https:\\\/\\\/www.avenue-literie.com\\\/blog\\\/2022\\\/11\\\/15\\\/avenue-literie-en-black-friday\\\/\"]}]},{\"@type\":\"ImageObject\",\"inLanguage\":\"fr-FR\",\"@id\":\"https:\\\/\\\/www.avenue-literie.com\\\/blog\\\/2022\\\/11\\\/15\\\/avenue-literie-en-black-friday\\\/#primaryimage\",\"url\":\"https:\\\/\\\/www.avenue-literie.com\\\/blog\\\/wp-content\\\/uploads\\\/2022\\\/11\\\/Black-friday-instagram-post.png\",\"contentUrl\":\"https:\\\/\\\/www.avenue-literie.com\\\/blog\\\/wp-content\\\/uploads\\\/2022\\\/11\\\/Black-friday-instagram-post.png\",\"width\":1080,\"height\":1080},{\"@type\":\"BreadcrumbList\",\"@id\":\"https:\\\/\\\/www.avenue-literie.com\\\/blog\\\/2022\\\/11\\\/15\\\/avenue-literie-en-black-friday\\\/#breadcrumb\",\"itemListElement\":[{\"@type\":\"ListItem\",\"position\":1,\"name\":\"Home\",\"item\":\"https:\\\/\\\/www.avenue-literie.com\\\/blog\\\/\"},{\"@type\":\"ListItem\",\"position\":2,\"name\":\"Actualit\u00e9s\",\"item\":\"https:\\\/\\\/www.avenue-literie.com\\\/blog\\\/category\\\/actualites-literie\\\/\"},{\"@type\":\"ListItem\",\"position\":3,\"name\":\"Avenue Literie en Black Friday\"}]},{\"@type\":\"WebSite\",\"@id\":\"https:\\\/\\\/www.avenue-literie.com\\\/blog\\\/#website\",\"url\":\"https:\\\/\\\/www.avenue-literie.com\\\/blog\\\/\",\"name\":\"Le Blog Avenue Literie\",\"description\":\"Le blog du conseil en literie\",\"publisher\":{\"@id\":\"https:\\\/\\\/www.avenue-literie.com\\\/blog\\\/#organization\"},\"potentialAction\":[{\"@type\":\"SearchAction\",\"target\":{\"@type\":\"EntryPoint\",\"urlTemplate\":\"https:\\\/\\\/www.avenue-literie.com\\\/blog\\\/?s={search_term_string}\"},\"query-input\":{\"@type\":\"PropertyValueSpecification\",\"valueRequired\":true,\"valueName\":\"search_term_string\"}}],\"inLanguage\":\"fr-FR\"},{\"@type\":\"Organization\",\"@id\":\"https:\\\/\\\/www.avenue-literie.com\\\/blog\\\/#organization\",\"name\":\"Le blog Avenue Literie\",\"alternateName\":\"Le blog Avenue Literie\",\"url\":\"https:\\\/\\\/www.avenue-literie.com\\\/blog\\\/\",\"logo\":{\"@type\":\"ImageObject\",\"inLanguage\":\"fr-FR\",\"@id\":\"https:\\\/\\\/www.avenue-literie.com\\\/blog\\\/#\\\/schema\\\/logo\\\/image\\\/\",\"url\":\"https:\\\/\\\/www.avenue-literie.com\\\/blog\\\/wp-content\\\/uploads\\\/2022\\\/04\\\/cropped-Gros-logo-avenue-literie-sans-arriere-fond-blanc.png\",\"contentUrl\":\"https:\\\/\\\/www.avenue-literie.com\\\/blog\\\/wp-content\\\/uploads\\\/2022\\\/04\\\/cropped-Gros-logo-avenue-literie-sans-arriere-fond-blanc.png\",\"width\":1479,\"height\":250,\"caption\":\"Le blog Avenue Literie\"},\"image\":{\"@id\":\"https:\\\/\\\/www.avenue-literie.com\\\/blog\\\/#\\\/schema\\\/logo\\\/image\\\/\"},\"sameAs\":[\"https:\\\/\\\/www.facebook.com\\\/AvenueLiterieTroyes\\\/\",\"https:\\\/\\\/x.com\\\/avenue_literie\",\"https:\\\/\\\/www.instagram.com\\\/avenueliterie\\\/\",\"https:\\\/\\\/www.pinterest.fr\\\/avenueliterie\\\/\"]},{\"@type\":\"Person\",\"@id\":\"https:\\\/\\\/www.avenue-literie.com\\\/blog\\\/#\\\/schema\\\/person\\\/add6301bb28276c53d992ec5ef2f17ae\",\"name\":\"J\u00e9r\u00f4me\",\"image\":{\"@type\":\"ImageObject\",\"inLanguage\":\"fr-FR\",\"@id\":\"https:\\\/\\\/secure.gravatar.com\\\/avatar\\\/2e39bb7b624068c575f434373fc1440c1bd421d6e1bdd21a14a529cbff8f1fed?s=96&d=mm&r=g\",\"url\":\"https:\\\/\\\/secure.gravatar.com\\\/avatar\\\/2e39bb7b624068c575f434373fc1440c1bd421d6e1bdd21a14a529cbff8f1fed?s=96&d=mm&r=g\",\"contentUrl\":\"https:\\\/\\\/secure.gravatar.com\\\/avatar\\\/2e39bb7b624068c575f434373fc1440c1bd421d6e1bdd21a14a529cbff8f1fed?s=96&d=mm&r=g\",\"caption\":\"J\u00e9r\u00f4me\"},\"url\":\"https:\\\/\\\/www.avenue-literie.com\\\/blog\\\/author\\\/jerome\\\/\"}]}<\/script>\n<!-- \/ Yoast SEO plugin. -->","yoast_head_json":{"title":"Avenue Literie en Black Friday - Le Blog Avenue Literie","robots":{"index":"index","follow":"follow","max-snippet":"max-snippet:-1","max-image-preview":"max-image-preview:large","max-video-preview":"max-video-preview:-1"},"canonical":"https:\/\/www.avenue-literie.com\/blog\/2022\/11\/15\/avenue-literie-en-black-friday\/","og_locale":"fr_FR","og_type":"article","og_title":"Avenue Literie en Black Friday - Le Blog Avenue Literie","og_description":"Avenue Literie en Black Friday : Il y a en cette fin d&rsquo;ann\u00e9e de tr\u00e8s bonnes affaires \u00e0 faire pour se procurer un matelas de qualit\u00e9. \u00c9conomiser, r\u00e9aliser une belle \u00e9conomie sur votre literie, pour enfin d\u00e9couvrir ou re d\u00e9couvrir le sommeil ! Nous dormons 25 ans de notre vie, alors pourquoi mal dormir sur &hellip; Continuer la lecture de &laquo;&nbsp;Avenue Literie en Black Friday&nbsp;&raquo;","og_url":"https:\/\/www.avenue-literie.com\/blog\/2022\/11\/15\/avenue-literie-en-black-friday\/","og_site_name":"Le Blog Avenue Literie","article_publisher":"https:\/\/www.facebook.com\/AvenueLiterieTroyes\/","article_published_time":"2022-11-15T08:34:12+00:00","article_modified_time":"2022-11-15T09:07:11+00:00","og_image":[{"width":1080,"height":1080,"url":"https:\/\/www.avenue-literie.com\/blog\/wp-content\/uploads\/2022\/11\/Black-friday-instagram-post.png","type":"image\/png"}],"author":"J\u00e9r\u00f4me","twitter_card":"summary_large_image","twitter_creator":"@avenue_literie","twitter_site":"@avenue_literie","twitter_misc":{"\u00c9crit par":"J\u00e9r\u00f4me","Dur\u00e9e de lecture estim\u00e9e":"1 minute"},"schema":{"@context":"https:\/\/schema.org","@graph":[{"@type":"Article","@id":"https:\/\/www.avenue-literie.com\/blog\/2022\/11\/15\/avenue-literie-en-black-friday\/#article","isPartOf":{"@id":"https:\/\/www.avenue-literie.com\/blog\/2022\/11\/15\/avenue-literie-en-black-friday\/"},"author":{"name":"J\u00e9r\u00f4me","@id":"https:\/\/www.avenue-literie.com\/blog\/#\/schema\/person\/add6301bb28276c53d992ec5ef2f17ae"},"headline":"Avenue Literie en Black Friday","datePublished":"2022-11-15T08:34:12+00:00","dateModified":"2022-11-15T09:07:11+00:00","mainEntityOfPage":{"@id":"https:\/\/www.avenue-literie.com\/blog\/2022\/11\/15\/avenue-literie-en-black-friday\/"},"wordCount":209,"publisher":{"@id":"https:\/\/www.avenue-literie.com\/blog\/#organization"},"image":{"@id":"https:\/\/www.avenue-literie.com\/blog\/2022\/11\/15\/avenue-literie-en-black-friday\/#primaryimage"},"thumbnailUrl":"https:\/\/www.avenue-literie.com\/blog\/wp-content\/uploads\/2022\/11\/Black-friday-instagram-post.png","articleSection":["Actualit\u00e9s"],"inLanguage":"fr-FR"},{"@type":"WebPage","@id":"https:\/\/www.avenue-literie.com\/blog\/2022\/11\/15\/avenue-literie-en-black-friday\/","url":"https:\/\/www.avenue-literie.com\/blog\/2022\/11\/15\/avenue-literie-en-black-friday\/","name":"Avenue Literie en Black Friday - Le Blog Avenue Literie","isPartOf":{"@id":"https:\/\/www.avenue-literie.com\/blog\/#website"},"primaryImageOfPage":{"@id":"https:\/\/www.avenue-literie.com\/blog\/2022\/11\/15\/avenue-literie-en-black-friday\/#primaryimage"},"image":{"@id":"https:\/\/www.avenue-literie.com\/blog\/2022\/11\/15\/avenue-literie-en-black-friday\/#primaryimage"},"thumbnailUrl":"https:\/\/www.avenue-literie.com\/blog\/wp-content\/uploads\/2022\/11\/Black-friday-instagram-post.png","datePublished":"2022-11-15T08:34:12+00:00","dateModified":"2022-11-15T09:07:11+00:00","breadcrumb":{"@id":"https:\/\/www.avenue-literie.com\/blog\/2022\/11\/15\/avenue-literie-en-black-friday\/#breadcrumb"},"inLanguage":"fr-FR","potentialAction":[{"@type":"ReadAction","target":["https:\/\/www.avenue-literie.com\/blog\/2022\/11\/15\/avenue-literie-en-black-friday\/"]}]},{"@type":"ImageObject","inLanguage":"fr-FR","@id":"https:\/\/www.avenue-literie.com\/blog\/2022\/11\/15\/avenue-literie-en-black-friday\/#primaryimage","url":"https:\/\/www.avenue-literie.com\/blog\/wp-content\/uploads\/2022\/11\/Black-friday-instagram-post.png","contentUrl":"https:\/\/www.avenue-literie.com\/blog\/wp-content\/uploads\/2022\/11\/Black-friday-instagram-post.png","width":1080,"height":1080},{"@type":"BreadcrumbList","@id":"https:\/\/www.avenue-literie.com\/blog\/2022\/11\/15\/avenue-literie-en-black-friday\/#breadcrumb","itemListElement":[{"@type":"ListItem","position":1,"name":"Home","item":"https:\/\/www.avenue-literie.com\/blog\/"},{"@type":"ListItem","position":2,"name":"Actualit\u00e9s","item":"https:\/\/www.avenue-literie.com\/blog\/category\/actualites-literie\/"},{"@type":"ListItem","position":3,"name":"Avenue Literie en Black Friday"}]},{"@type":"WebSite","@id":"https:\/\/www.avenue-literie.com\/blog\/#website","url":"https:\/\/www.avenue-literie.com\/blog\/","name":"Le Blog Avenue Literie","description":"Le blog du conseil en literie","publisher":{"@id":"https:\/\/www.avenue-literie.com\/blog\/#organization"},"potentialAction":[{"@type":"SearchAction","target":{"@type":"EntryPoint","urlTemplate":"https:\/\/www.avenue-literie.com\/blog\/?s={search_term_string}"},"query-input":{"@type":"PropertyValueSpecification","valueRequired":true,"valueName":"search_term_string"}}],"inLanguage":"fr-FR"},{"@type":"Organization","@id":"https:\/\/www.avenue-literie.com\/blog\/#organization","name":"Le blog Avenue Literie","alternateName":"Le blog Avenue Literie","url":"https:\/\/www.avenue-literie.com\/blog\/","logo":{"@type":"ImageObject","inLanguage":"fr-FR","@id":"https:\/\/www.avenue-literie.com\/blog\/#\/schema\/logo\/image\/","url":"https:\/\/www.avenue-literie.com\/blog\/wp-content\/uploads\/2022\/04\/cropped-Gros-logo-avenue-literie-sans-arriere-fond-blanc.png","contentUrl":"https:\/\/www.avenue-literie.com\/blog\/wp-content\/uploads\/2022\/04\/cropped-Gros-logo-avenue-literie-sans-arriere-fond-blanc.png","width":1479,"height":250,"caption":"Le blog Avenue Literie"},"image":{"@id":"https:\/\/www.avenue-literie.com\/blog\/#\/schema\/logo\/image\/"},"sameAs":["https:\/\/www.facebook.com\/AvenueLiterieTroyes\/","https:\/\/x.com\/avenue_literie","https:\/\/www.instagram.com\/avenueliterie\/","https:\/\/www.pinterest.fr\/avenueliterie\/"]},{"@type":"Person","@id":"https:\/\/www.avenue-literie.com\/blog\/#\/schema\/person\/add6301bb28276c53d992ec5ef2f17ae","name":"J\u00e9r\u00f4me","image":{"@type":"ImageObject","inLanguage":"fr-FR","@id":"https:\/\/secure.gravatar.com\/avatar\/2e39bb7b624068c575f434373fc1440c1bd421d6e1bdd21a14a529cbff8f1fed?s=96&d=mm&r=g","url":"https:\/\/secure.gravatar.com\/avatar\/2e39bb7b624068c575f434373fc1440c1bd421d6e1bdd21a14a529cbff8f1fed?s=96&d=mm&r=g","contentUrl":"https:\/\/secure.gravatar.com\/avatar\/2e39bb7b624068c575f434373fc1440c1bd421d6e1bdd21a14a529cbff8f1fed?s=96&d=mm&r=g","caption":"J\u00e9r\u00f4me"},"url":"https:\/\/www.avenue-literie.com\/blog\/author\/jerome\/"}]}},"_links":{"self":[{"href":"https:\/\/www.avenue-literie.com\/blog\/wp-json\/wp\/v2\/posts\/2292","targetHints":{"allow":["GET"]}}],"collection":[{"href":"https:\/\/www.avenue-literie.com\/blog\/wp-json\/wp\/v2\/posts"}],"about":[{"href":"https:\/\/www.avenue-literie.com\/blog\/wp-json\/wp\/v2\/types\/post"}],"author":[{"embeddable":true,"href":"https:\/\/www.avenue-literie.com\/blog\/wp-json\/wp\/v2\/users\/2"}],"replies":[{"embeddable":true,"href":"https:\/\/www.avenue-literie.com\/blog\/wp-json\/wp\/v2\/comments?post=2292"}],"version-history":[{"count":16,"href":"https:\/\/www.avenue-literie.com\/blog\/wp-json\/wp\/v2\/posts\/2292\/revisions"}],"predecessor-version":[{"id":2324,"href":"https:\/\/www.avenue-literie.com\/blog\/wp-json\/wp\/v2\/posts\/2292\/revisions\/2324"}],"wp:featuredmedia":[{"embeddable":true,"href":"https:\/\/www.avenue-literie.com\/blog\/wp-json\/wp\/v2\/media\/2303"}],"wp:attachment":[{"href":"https:\/\/www.avenue-literie.com\/blog\/wp-json\/wp\/v2\/media?parent=2292"}],"wp:term":[{"taxonomy":"category","embeddable":true,"href":"https:\/\/www.avenue-literie.com\/blog\/wp-json\/wp\/v2\/categories?post=2292"},{"taxonomy":"post_tag","embeddable":true,"href":"https:\/\/www.avenue-literie.com\/blog\/wp-json\/wp\/v2\/tags?post=2292"}],"curies":[{"name":"wp","href":"https:\/\/api.w.org\/{rel}","templated":true}]}}