{"id":234,"date":"2018-08-31T22:31:14","date_gmt":"2018-08-31T22:31:14","guid":{"rendered":"https:\/\/www.avenue-literie.com\/wp\/?p=234"},"modified":"2019-10-01T09:11:19","modified_gmt":"2019-10-01T09:11:19","slug":"resolution-pour-la-rentree-septembre-2018-enfin-bien-dormir-souvenir-de-matelas-de-vacances","status":"publish","type":"post","link":"https:\/\/www.avenue-literie.com\/blog\/2018\/08\/31\/resolution-pour-la-rentree-septembre-2018-enfin-bien-dormir-souvenir-de-matelas-de-vacances\/","title":{"rendered":"R\u00e9solution pour la rentr\u00e9e : enfin bien dormir souvenir de matelas de vacances"},"content":{"rendered":"<p>Vous rentrez de vacances et l\u00e0&#8230;. vous r\u00e9alisez que vraiment votre matelas est tr\u00e8s\u00a0 mauvais.\u00a0 Vous vous souvenez de ses belles nuits incroyables ou vous dormiez \u00e0 l\u2019h\u00f4tel, \u00e0 l&rsquo;appartement, au logement de votre location de ses vacances de ce \u00e9t\u00e9 2018. Ne vous\u00a0<em>g\u00e2chez plus vos nuits. C&rsquo;est d\u00e9cid\u00e9 en cette rentr\u00e9e\u00a0la bonne r\u00e9solution\u00a0, c&rsquo;est vraiment de quitter\u00a0ce matelas de\u00a0\u00a0x ann\u00e9e.<\/em><\/p>\n<p>Vous savez m\u00eame plus l&rsquo;age de votre matelas !<\/p>\n<blockquote>\n<h1><strong>R\u00e9solution pour la rentr\u00e9e : enfin bien dormir !<\/strong><\/h1>\n<\/blockquote>\n<p>&nbsp;<\/p>\n<p><img decoding=\"async\" class=\"alignnone size-full wp-image-236\" src=\"https:\/\/www.avenue-literie.com\/wp\/wp-content\/uploads\/2018\/08\/slide600x300_google_sept2018.jpg\" alt=\"\" width=\"600\" height=\"422\" srcset=\"https:\/\/www.avenue-literie.com\/blog\/wp-content\/uploads\/2018\/08\/slide600x300_google_sept2018.jpg 600w, https:\/\/www.avenue-literie.com\/blog\/wp-content\/uploads\/2018\/08\/slide600x300_google_sept2018-300x211.jpg 300w\" sizes=\"(max-width: 600px) 100vw, 600px\" \/><\/p>\n<p>&nbsp;<\/p>\n<p>&nbsp;<\/p>\n","protected":false},"excerpt":{"rendered":"<p>Vous rentrez de vacances et l\u00e0&#8230;. vous r\u00e9alisez que vraiment votre matelas est tr\u00e8s\u00a0 mauvais.\u00a0 Vous vous souvenez de ses belles nuits incroyables ou vous dormiez \u00e0 l\u2019h\u00f4tel, \u00e0 l&rsquo;appartement, au logement de votre location de ses vacances de ce \u00e9t\u00e9 2018. Ne vous\u00a0g\u00e2chez plus vos nuits. C&rsquo;est d\u00e9cid\u00e9 en cette rentr\u00e9e\u00a0la bonne r\u00e9solution\u00a0, c&rsquo;est &hellip; <\/p>\n<p class=\"link-more\"><a href=\"https:\/\/www.avenue-literie.com\/blog\/2018\/08\/31\/resolution-pour-la-rentree-septembre-2018-enfin-bien-dormir-souvenir-de-matelas-de-vacances\/\" class=\"more-link\">Continuer la lecture<span class=\"screen-reader-text\"> de &laquo;&nbsp;R\u00e9solution pour la rentr\u00e9e : enfin bien dormir souvenir de matelas de vacances&nbsp;&raquo;<\/span><\/a><\/p>\n","protected":false},"author":2,"featured_media":235,"comment_status":"closed","ping_status":"closed","sticky":false,"template":"","format":"standard","meta":{"footnotes":""},"categories":[23],"tags":[105,109,93,108,84,138,139,140,106,24],"class_list":["post-234","post","type-post","status-publish","format-standard","has-post-thumbnail","hentry","category-rentree-septembre-2018","tag-epeda","tag-france-literie","tag-lit-adulte","tag-literie-paris","tag-matelas","tag-matelas-2-personnes","tag-matelas-2-places","tag-matelas-confortable","tag-matelas-epeda","tag-rentree-septembre-2018"],"yoast_head":"<!-- This site is optimized with the Yoast SEO plugin v27.4 - https:\/\/yoast.com\/product\/yoast-seo-wordpress\/ -->\n<title>R\u00e9solution pour la rentr\u00e9e : enfin bien dormir souvenir de matelas de vacances - Le Blog Avenue Literie<\/title>\n<meta name=\"robots\" content=\"index, follow, max-snippet:-1, max-image-preview:large, max-video-preview:-1\" \/>\n<link rel=\"canonical\" href=\"https:\/\/www.avenue-literie.com\/blog\/2018\/08\/31\/resolution-pour-la-rentree-septembre-2018-enfin-bien-dormir-souvenir-de-matelas-de-vacances\/\" \/>\n<meta property=\"og:locale\" content=\"fr_FR\" \/>\n<meta property=\"og:type\" content=\"article\" \/>\n<meta property=\"og:title\" content=\"R\u00e9solution pour la rentr\u00e9e : enfin bien dormir souvenir de matelas de vacances - Le Blog Avenue Literie\" \/>\n<meta property=\"og:description\" content=\"Vous rentrez de vacances et l\u00e0&#8230;. vous r\u00e9alisez que vraiment votre matelas est tr\u00e8s\u00a0 mauvais.\u00a0 Vous vous souvenez de ses belles nuits incroyables ou vous dormiez \u00e0 l\u2019h\u00f4tel, \u00e0 l&rsquo;appartement, au logement de votre location de ses vacances de ce \u00e9t\u00e9 2018. Ne vous\u00a0g\u00e2chez plus vos nuits. C&rsquo;est d\u00e9cid\u00e9 en cette rentr\u00e9e\u00a0la bonne r\u00e9solution\u00a0, c&rsquo;est &hellip; Continuer la lecture de &laquo;&nbsp;R\u00e9solution pour la rentr\u00e9e : enfin bien dormir souvenir de matelas de vacances&nbsp;&raquo;\" \/>\n<meta property=\"og:url\" content=\"https:\/\/www.avenue-literie.com\/blog\/2018\/08\/31\/resolution-pour-la-rentree-septembre-2018-enfin-bien-dormir-souvenir-de-matelas-de-vacances\/\" \/>\n<meta property=\"og:site_name\" content=\"Le Blog Avenue Literie\" \/>\n<meta property=\"article:publisher\" content=\"https:\/\/www.facebook.com\/AvenueLiterieTroyes\/\" \/>\n<meta property=\"article:published_time\" content=\"2018-08-31T22:31:14+00:00\" \/>\n<meta property=\"article:modified_time\" content=\"2019-10-01T09:11:19+00:00\" \/>\n<meta property=\"og:image\" content=\"https:\/\/www.avenue-literie.com\/blog\/wp-content\/uploads\/2018\/08\/slide400x300_google_sept2018.jpg\" \/>\n\t<meta property=\"og:image:width\" content=\"400\" \/>\n\t<meta property=\"og:image:height\" content=\"281\" \/>\n\t<meta property=\"og:image:type\" content=\"image\/jpeg\" \/>\n<meta name=\"author\" content=\"J\u00e9r\u00f4me\" \/>\n<meta name=\"twitter:card\" content=\"summary_large_image\" \/>\n<meta name=\"twitter:creator\" content=\"@avenue_literie\" \/>\n<meta name=\"twitter:site\" content=\"@avenue_literie\" \/>\n<meta name=\"twitter:label1\" content=\"\u00c9crit par\" \/>\n\t<meta name=\"twitter:data1\" content=\"J\u00e9r\u00f4me\" \/>\n<script type=\"application\/ld+json\" class=\"yoast-schema-graph\">{\"@context\":\"https:\\\/\\\/schema.org\",\"@graph\":[{\"@type\":\"Article\",\"@id\":\"https:\\\/\\\/www.avenue-literie.com\\\/blog\\\/2018\\\/08\\\/31\\\/resolution-pour-la-rentree-septembre-2018-enfin-bien-dormir-souvenir-de-matelas-de-vacances\\\/#article\",\"isPartOf\":{\"@id\":\"https:\\\/\\\/www.avenue-literie.com\\\/blog\\\/2018\\\/08\\\/31\\\/resolution-pour-la-rentree-septembre-2018-enfin-bien-dormir-souvenir-de-matelas-de-vacances\\\/\"},\"author\":{\"name\":\"J\u00e9r\u00f4me\",\"@id\":\"https:\\\/\\\/www.avenue-literie.com\\\/blog\\\/#\\\/schema\\\/person\\\/add6301bb28276c53d992ec5ef2f17ae\"},\"headline\":\"R\u00e9solution pour la rentr\u00e9e : enfin bien dormir souvenir de matelas de vacances\",\"datePublished\":\"2018-08-31T22:31:14+00:00\",\"dateModified\":\"2019-10-01T09:11:19+00:00\",\"mainEntityOfPage\":{\"@id\":\"https:\\\/\\\/www.avenue-literie.com\\\/blog\\\/2018\\\/08\\\/31\\\/resolution-pour-la-rentree-septembre-2018-enfin-bien-dormir-souvenir-de-matelas-de-vacances\\\/\"},\"wordCount\":106,\"publisher\":{\"@id\":\"https:\\\/\\\/www.avenue-literie.com\\\/blog\\\/#organization\"},\"image\":{\"@id\":\"https:\\\/\\\/www.avenue-literie.com\\\/blog\\\/2018\\\/08\\\/31\\\/resolution-pour-la-rentree-septembre-2018-enfin-bien-dormir-souvenir-de-matelas-de-vacances\\\/#primaryimage\"},\"thumbnailUrl\":\"https:\\\/\\\/www.avenue-literie.com\\\/blog\\\/wp-content\\\/uploads\\\/2018\\\/08\\\/slide400x300_google_sept2018.jpg\",\"keywords\":[\"Epeda\",\"France Literie\",\"Lit Adulte\",\"Literie Paris\",\"Matelas\",\"Matelas 2 personnes\",\"Matelas 2 places\",\"Matelas confortable\",\"Matelas Epeda\",\"Rentr\u00e9e Septembre 2018\"],\"articleSection\":[\"Rentr\u00e9e Septembre 2018\"],\"inLanguage\":\"fr-FR\"},{\"@type\":\"WebPage\",\"@id\":\"https:\\\/\\\/www.avenue-literie.com\\\/blog\\\/2018\\\/08\\\/31\\\/resolution-pour-la-rentree-septembre-2018-enfin-bien-dormir-souvenir-de-matelas-de-vacances\\\/\",\"url\":\"https:\\\/\\\/www.avenue-literie.com\\\/blog\\\/2018\\\/08\\\/31\\\/resolution-pour-la-rentree-septembre-2018-enfin-bien-dormir-souvenir-de-matelas-de-vacances\\\/\",\"name\":\"R\u00e9solution pour la rentr\u00e9e : enfin bien dormir souvenir de matelas de vacances - Le Blog Avenue Literie\",\"isPartOf\":{\"@id\":\"https:\\\/\\\/www.avenue-literie.com\\\/blog\\\/#website\"},\"primaryImageOfPage\":{\"@id\":\"https:\\\/\\\/www.avenue-literie.com\\\/blog\\\/2018\\\/08\\\/31\\\/resolution-pour-la-rentree-septembre-2018-enfin-bien-dormir-souvenir-de-matelas-de-vacances\\\/#primaryimage\"},\"image\":{\"@id\":\"https:\\\/\\\/www.avenue-literie.com\\\/blog\\\/2018\\\/08\\\/31\\\/resolution-pour-la-rentree-septembre-2018-enfin-bien-dormir-souvenir-de-matelas-de-vacances\\\/#primaryimage\"},\"thumbnailUrl\":\"https:\\\/\\\/www.avenue-literie.com\\\/blog\\\/wp-content\\\/uploads\\\/2018\\\/08\\\/slide400x300_google_sept2018.jpg\",\"datePublished\":\"2018-08-31T22:31:14+00:00\",\"dateModified\":\"2019-10-01T09:11:19+00:00\",\"breadcrumb\":{\"@id\":\"https:\\\/\\\/www.avenue-literie.com\\\/blog\\\/2018\\\/08\\\/31\\\/resolution-pour-la-rentree-septembre-2018-enfin-bien-dormir-souvenir-de-matelas-de-vacances\\\/#breadcrumb\"},\"inLanguage\":\"fr-FR\",\"potentialAction\":[{\"@type\":\"ReadAction\",\"target\":[\"https:\\\/\\\/www.avenue-literie.com\\\/blog\\\/2018\\\/08\\\/31\\\/resolution-pour-la-rentree-septembre-2018-enfin-bien-dormir-souvenir-de-matelas-de-vacances\\\/\"]}]},{\"@type\":\"ImageObject\",\"inLanguage\":\"fr-FR\",\"@id\":\"https:\\\/\\\/www.avenue-literie.com\\\/blog\\\/2018\\\/08\\\/31\\\/resolution-pour-la-rentree-septembre-2018-enfin-bien-dormir-souvenir-de-matelas-de-vacances\\\/#primaryimage\",\"url\":\"https:\\\/\\\/www.avenue-literie.com\\\/blog\\\/wp-content\\\/uploads\\\/2018\\\/08\\\/slide400x300_google_sept2018.jpg\",\"contentUrl\":\"https:\\\/\\\/www.avenue-literie.com\\\/blog\\\/wp-content\\\/uploads\\\/2018\\\/08\\\/slide400x300_google_sept2018.jpg\",\"width\":400,\"height\":281,\"caption\":\"Epeda s invite chez vous , pour cette rent\u00e9e de septembre 2018\"},{\"@type\":\"BreadcrumbList\",\"@id\":\"https:\\\/\\\/www.avenue-literie.com\\\/blog\\\/2018\\\/08\\\/31\\\/resolution-pour-la-rentree-septembre-2018-enfin-bien-dormir-souvenir-de-matelas-de-vacances\\\/#breadcrumb\",\"itemListElement\":[{\"@type\":\"ListItem\",\"position\":1,\"name\":\"Home\",\"item\":\"https:\\\/\\\/www.avenue-literie.com\\\/blog\\\/\"},{\"@type\":\"ListItem\",\"position\":2,\"name\":\"Rentr\u00e9e Septembre 2018\",\"item\":\"https:\\\/\\\/www.avenue-literie.com\\\/blog\\\/category\\\/rentree-septembre-2018\\\/\"},{\"@type\":\"ListItem\",\"position\":3,\"name\":\"R\u00e9solution pour la rentr\u00e9e : enfin bien dormir souvenir de matelas de vacances\"}]},{\"@type\":\"WebSite\",\"@id\":\"https:\\\/\\\/www.avenue-literie.com\\\/blog\\\/#website\",\"url\":\"https:\\\/\\\/www.avenue-literie.com\\\/blog\\\/\",\"name\":\"Le Blog Avenue Literie\",\"description\":\"Le blog du conseil en literie\",\"publisher\":{\"@id\":\"https:\\\/\\\/www.avenue-literie.com\\\/blog\\\/#organization\"},\"potentialAction\":[{\"@type\":\"SearchAction\",\"target\":{\"@type\":\"EntryPoint\",\"urlTemplate\":\"https:\\\/\\\/www.avenue-literie.com\\\/blog\\\/?s={search_term_string}\"},\"query-input\":{\"@type\":\"PropertyValueSpecification\",\"valueRequired\":true,\"valueName\":\"search_term_string\"}}],\"inLanguage\":\"fr-FR\"},{\"@type\":\"Organization\",\"@id\":\"https:\\\/\\\/www.avenue-literie.com\\\/blog\\\/#organization\",\"name\":\"Le blog Avenue Literie\",\"alternateName\":\"Le blog Avenue Literie\",\"url\":\"https:\\\/\\\/www.avenue-literie.com\\\/blog\\\/\",\"logo\":{\"@type\":\"ImageObject\",\"inLanguage\":\"fr-FR\",\"@id\":\"https:\\\/\\\/www.avenue-literie.com\\\/blog\\\/#\\\/schema\\\/logo\\\/image\\\/\",\"url\":\"https:\\\/\\\/www.avenue-literie.com\\\/blog\\\/wp-content\\\/uploads\\\/2022\\\/04\\\/cropped-Gros-logo-avenue-literie-sans-arriere-fond-blanc.png\",\"contentUrl\":\"https:\\\/\\\/www.avenue-literie.com\\\/blog\\\/wp-content\\\/uploads\\\/2022\\\/04\\\/cropped-Gros-logo-avenue-literie-sans-arriere-fond-blanc.png\",\"width\":1479,\"height\":250,\"caption\":\"Le blog Avenue Literie\"},\"image\":{\"@id\":\"https:\\\/\\\/www.avenue-literie.com\\\/blog\\\/#\\\/schema\\\/logo\\\/image\\\/\"},\"sameAs\":[\"https:\\\/\\\/www.facebook.com\\\/AvenueLiterieTroyes\\\/\",\"https:\\\/\\\/x.com\\\/avenue_literie\",\"https:\\\/\\\/www.instagram.com\\\/avenueliterie\\\/\",\"https:\\\/\\\/www.pinterest.fr\\\/avenueliterie\\\/\"]},{\"@type\":\"Person\",\"@id\":\"https:\\\/\\\/www.avenue-literie.com\\\/blog\\\/#\\\/schema\\\/person\\\/add6301bb28276c53d992ec5ef2f17ae\",\"name\":\"J\u00e9r\u00f4me\",\"image\":{\"@type\":\"ImageObject\",\"inLanguage\":\"fr-FR\",\"@id\":\"https:\\\/\\\/secure.gravatar.com\\\/avatar\\\/2e39bb7b624068c575f434373fc1440c1bd421d6e1bdd21a14a529cbff8f1fed?s=96&d=mm&r=g\",\"url\":\"https:\\\/\\\/secure.gravatar.com\\\/avatar\\\/2e39bb7b624068c575f434373fc1440c1bd421d6e1bdd21a14a529cbff8f1fed?s=96&d=mm&r=g\",\"contentUrl\":\"https:\\\/\\\/secure.gravatar.com\\\/avatar\\\/2e39bb7b624068c575f434373fc1440c1bd421d6e1bdd21a14a529cbff8f1fed?s=96&d=mm&r=g\",\"caption\":\"J\u00e9r\u00f4me\"},\"url\":\"https:\\\/\\\/www.avenue-literie.com\\\/blog\\\/author\\\/jerome\\\/\"}]}<\/script>\n<!-- \/ Yoast SEO plugin. -->","yoast_head_json":{"title":"R\u00e9solution pour la rentr\u00e9e : enfin bien dormir souvenir de matelas de vacances - Le Blog Avenue Literie","robots":{"index":"index","follow":"follow","max-snippet":"max-snippet:-1","max-image-preview":"max-image-preview:large","max-video-preview":"max-video-preview:-1"},"canonical":"https:\/\/www.avenue-literie.com\/blog\/2018\/08\/31\/resolution-pour-la-rentree-septembre-2018-enfin-bien-dormir-souvenir-de-matelas-de-vacances\/","og_locale":"fr_FR","og_type":"article","og_title":"R\u00e9solution pour la rentr\u00e9e : enfin bien dormir souvenir de matelas de vacances - Le Blog Avenue Literie","og_description":"Vous rentrez de vacances et l\u00e0&#8230;. vous r\u00e9alisez que vraiment votre matelas est tr\u00e8s\u00a0 mauvais.\u00a0 Vous vous souvenez de ses belles nuits incroyables ou vous dormiez \u00e0 l\u2019h\u00f4tel, \u00e0 l&rsquo;appartement, au logement de votre location de ses vacances de ce \u00e9t\u00e9 2018. Ne vous\u00a0g\u00e2chez plus vos nuits. C&rsquo;est d\u00e9cid\u00e9 en cette rentr\u00e9e\u00a0la bonne r\u00e9solution\u00a0, c&rsquo;est &hellip; Continuer la lecture de &laquo;&nbsp;R\u00e9solution pour la rentr\u00e9e : enfin bien dormir souvenir de matelas de vacances&nbsp;&raquo;","og_url":"https:\/\/www.avenue-literie.com\/blog\/2018\/08\/31\/resolution-pour-la-rentree-septembre-2018-enfin-bien-dormir-souvenir-de-matelas-de-vacances\/","og_site_name":"Le Blog Avenue Literie","article_publisher":"https:\/\/www.facebook.com\/AvenueLiterieTroyes\/","article_published_time":"2018-08-31T22:31:14+00:00","article_modified_time":"2019-10-01T09:11:19+00:00","og_image":[{"width":400,"height":281,"url":"https:\/\/www.avenue-literie.com\/blog\/wp-content\/uploads\/2018\/08\/slide400x300_google_sept2018.jpg","type":"image\/jpeg"}],"author":"J\u00e9r\u00f4me","twitter_card":"summary_large_image","twitter_creator":"@avenue_literie","twitter_site":"@avenue_literie","twitter_misc":{"\u00c9crit par":"J\u00e9r\u00f4me"},"schema":{"@context":"https:\/\/schema.org","@graph":[{"@type":"Article","@id":"https:\/\/www.avenue-literie.com\/blog\/2018\/08\/31\/resolution-pour-la-rentree-septembre-2018-enfin-bien-dormir-souvenir-de-matelas-de-vacances\/#article","isPartOf":{"@id":"https:\/\/www.avenue-literie.com\/blog\/2018\/08\/31\/resolution-pour-la-rentree-septembre-2018-enfin-bien-dormir-souvenir-de-matelas-de-vacances\/"},"author":{"name":"J\u00e9r\u00f4me","@id":"https:\/\/www.avenue-literie.com\/blog\/#\/schema\/person\/add6301bb28276c53d992ec5ef2f17ae"},"headline":"R\u00e9solution pour la rentr\u00e9e : enfin bien dormir souvenir de matelas de vacances","datePublished":"2018-08-31T22:31:14+00:00","dateModified":"2019-10-01T09:11:19+00:00","mainEntityOfPage":{"@id":"https:\/\/www.avenue-literie.com\/blog\/2018\/08\/31\/resolution-pour-la-rentree-septembre-2018-enfin-bien-dormir-souvenir-de-matelas-de-vacances\/"},"wordCount":106,"publisher":{"@id":"https:\/\/www.avenue-literie.com\/blog\/#organization"},"image":{"@id":"https:\/\/www.avenue-literie.com\/blog\/2018\/08\/31\/resolution-pour-la-rentree-septembre-2018-enfin-bien-dormir-souvenir-de-matelas-de-vacances\/#primaryimage"},"thumbnailUrl":"https:\/\/www.avenue-literie.com\/blog\/wp-content\/uploads\/2018\/08\/slide400x300_google_sept2018.jpg","keywords":["Epeda","France Literie","Lit Adulte","Literie Paris","Matelas","Matelas 2 personnes","Matelas 2 places","Matelas confortable","Matelas Epeda","Rentr\u00e9e Septembre 2018"],"articleSection":["Rentr\u00e9e Septembre 2018"],"inLanguage":"fr-FR"},{"@type":"WebPage","@id":"https:\/\/www.avenue-literie.com\/blog\/2018\/08\/31\/resolution-pour-la-rentree-septembre-2018-enfin-bien-dormir-souvenir-de-matelas-de-vacances\/","url":"https:\/\/www.avenue-literie.com\/blog\/2018\/08\/31\/resolution-pour-la-rentree-septembre-2018-enfin-bien-dormir-souvenir-de-matelas-de-vacances\/","name":"R\u00e9solution pour la rentr\u00e9e : enfin bien dormir souvenir de matelas de vacances - Le Blog Avenue Literie","isPartOf":{"@id":"https:\/\/www.avenue-literie.com\/blog\/#website"},"primaryImageOfPage":{"@id":"https:\/\/www.avenue-literie.com\/blog\/2018\/08\/31\/resolution-pour-la-rentree-septembre-2018-enfin-bien-dormir-souvenir-de-matelas-de-vacances\/#primaryimage"},"image":{"@id":"https:\/\/www.avenue-literie.com\/blog\/2018\/08\/31\/resolution-pour-la-rentree-septembre-2018-enfin-bien-dormir-souvenir-de-matelas-de-vacances\/#primaryimage"},"thumbnailUrl":"https:\/\/www.avenue-literie.com\/blog\/wp-content\/uploads\/2018\/08\/slide400x300_google_sept2018.jpg","datePublished":"2018-08-31T22:31:14+00:00","dateModified":"2019-10-01T09:11:19+00:00","breadcrumb":{"@id":"https:\/\/www.avenue-literie.com\/blog\/2018\/08\/31\/resolution-pour-la-rentree-septembre-2018-enfin-bien-dormir-souvenir-de-matelas-de-vacances\/#breadcrumb"},"inLanguage":"fr-FR","potentialAction":[{"@type":"ReadAction","target":["https:\/\/www.avenue-literie.com\/blog\/2018\/08\/31\/resolution-pour-la-rentree-septembre-2018-enfin-bien-dormir-souvenir-de-matelas-de-vacances\/"]}]},{"@type":"ImageObject","inLanguage":"fr-FR","@id":"https:\/\/www.avenue-literie.com\/blog\/2018\/08\/31\/resolution-pour-la-rentree-septembre-2018-enfin-bien-dormir-souvenir-de-matelas-de-vacances\/#primaryimage","url":"https:\/\/www.avenue-literie.com\/blog\/wp-content\/uploads\/2018\/08\/slide400x300_google_sept2018.jpg","contentUrl":"https:\/\/www.avenue-literie.com\/blog\/wp-content\/uploads\/2018\/08\/slide400x300_google_sept2018.jpg","width":400,"height":281,"caption":"Epeda s invite chez vous , pour cette rent\u00e9e de septembre 2018"},{"@type":"BreadcrumbList","@id":"https:\/\/www.avenue-literie.com\/blog\/2018\/08\/31\/resolution-pour-la-rentree-septembre-2018-enfin-bien-dormir-souvenir-de-matelas-de-vacances\/#breadcrumb","itemListElement":[{"@type":"ListItem","position":1,"name":"Home","item":"https:\/\/www.avenue-literie.com\/blog\/"},{"@type":"ListItem","position":2,"name":"Rentr\u00e9e Septembre 2018","item":"https:\/\/www.avenue-literie.com\/blog\/category\/rentree-septembre-2018\/"},{"@type":"ListItem","position":3,"name":"R\u00e9solution pour la rentr\u00e9e : enfin bien dormir souvenir de matelas de vacances"}]},{"@type":"WebSite","@id":"https:\/\/www.avenue-literie.com\/blog\/#website","url":"https:\/\/www.avenue-literie.com\/blog\/","name":"Le Blog Avenue Literie","description":"Le blog du conseil en literie","publisher":{"@id":"https:\/\/www.avenue-literie.com\/blog\/#organization"},"potentialAction":[{"@type":"SearchAction","target":{"@type":"EntryPoint","urlTemplate":"https:\/\/www.avenue-literie.com\/blog\/?s={search_term_string}"},"query-input":{"@type":"PropertyValueSpecification","valueRequired":true,"valueName":"search_term_string"}}],"inLanguage":"fr-FR"},{"@type":"Organization","@id":"https:\/\/www.avenue-literie.com\/blog\/#organization","name":"Le blog Avenue Literie","alternateName":"Le blog Avenue Literie","url":"https:\/\/www.avenue-literie.com\/blog\/","logo":{"@type":"ImageObject","inLanguage":"fr-FR","@id":"https:\/\/www.avenue-literie.com\/blog\/#\/schema\/logo\/image\/","url":"https:\/\/www.avenue-literie.com\/blog\/wp-content\/uploads\/2022\/04\/cropped-Gros-logo-avenue-literie-sans-arriere-fond-blanc.png","contentUrl":"https:\/\/www.avenue-literie.com\/blog\/wp-content\/uploads\/2022\/04\/cropped-Gros-logo-avenue-literie-sans-arriere-fond-blanc.png","width":1479,"height":250,"caption":"Le blog Avenue Literie"},"image":{"@id":"https:\/\/www.avenue-literie.com\/blog\/#\/schema\/logo\/image\/"},"sameAs":["https:\/\/www.facebook.com\/AvenueLiterieTroyes\/","https:\/\/x.com\/avenue_literie","https:\/\/www.instagram.com\/avenueliterie\/","https:\/\/www.pinterest.fr\/avenueliterie\/"]},{"@type":"Person","@id":"https:\/\/www.avenue-literie.com\/blog\/#\/schema\/person\/add6301bb28276c53d992ec5ef2f17ae","name":"J\u00e9r\u00f4me","image":{"@type":"ImageObject","inLanguage":"fr-FR","@id":"https:\/\/secure.gravatar.com\/avatar\/2e39bb7b624068c575f434373fc1440c1bd421d6e1bdd21a14a529cbff8f1fed?s=96&d=mm&r=g","url":"https:\/\/secure.gravatar.com\/avatar\/2e39bb7b624068c575f434373fc1440c1bd421d6e1bdd21a14a529cbff8f1fed?s=96&d=mm&r=g","contentUrl":"https:\/\/secure.gravatar.com\/avatar\/2e39bb7b624068c575f434373fc1440c1bd421d6e1bdd21a14a529cbff8f1fed?s=96&d=mm&r=g","caption":"J\u00e9r\u00f4me"},"url":"https:\/\/www.avenue-literie.com\/blog\/author\/jerome\/"}]}},"_links":{"self":[{"href":"https:\/\/www.avenue-literie.com\/blog\/wp-json\/wp\/v2\/posts\/234","targetHints":{"allow":["GET"]}}],"collection":[{"href":"https:\/\/www.avenue-literie.com\/blog\/wp-json\/wp\/v2\/posts"}],"about":[{"href":"https:\/\/www.avenue-literie.com\/blog\/wp-json\/wp\/v2\/types\/post"}],"author":[{"embeddable":true,"href":"https:\/\/www.avenue-literie.com\/blog\/wp-json\/wp\/v2\/users\/2"}],"replies":[{"embeddable":true,"href":"https:\/\/www.avenue-literie.com\/blog\/wp-json\/wp\/v2\/comments?post=234"}],"version-history":[{"count":1,"href":"https:\/\/www.avenue-literie.com\/blog\/wp-json\/wp\/v2\/posts\/234\/revisions"}],"predecessor-version":[{"id":237,"href":"https:\/\/www.avenue-literie.com\/blog\/wp-json\/wp\/v2\/posts\/234\/revisions\/237"}],"wp:featuredmedia":[{"embeddable":true,"href":"https:\/\/www.avenue-literie.com\/blog\/wp-json\/wp\/v2\/media\/235"}],"wp:attachment":[{"href":"https:\/\/www.avenue-literie.com\/blog\/wp-json\/wp\/v2\/media?parent=234"}],"wp:term":[{"taxonomy":"category","embeddable":true,"href":"https:\/\/www.avenue-literie.com\/blog\/wp-json\/wp\/v2\/categories?post=234"},{"taxonomy":"post_tag","embeddable":true,"href":"https:\/\/www.avenue-literie.com\/blog\/wp-json\/wp\/v2\/tags?post=234"}],"curies":[{"name":"wp","href":"https:\/\/api.w.org\/{rel}","templated":true}]}}