{"id":249,"date":"2018-10-03T08:25:35","date_gmt":"2018-10-03T08:25:35","guid":{"rendered":"https:\/\/www.avenue-literie.com\/wp\/?p=249"},"modified":"2019-10-01T12:13:05","modified_gmt":"2019-10-01T12:13:05","slug":"notre-coup-coeur-pour-la-couette-chaude-grand-hotel-ford-de-lestra","status":"publish","type":"post","link":"https:\/\/www.avenue-literie.com\/blog\/2018\/10\/03\/notre-coup-coeur-pour-la-couette-chaude-grand-hotel-ford-de-lestra\/","title":{"rendered":"Notre coup c\u0153ur pour la couette chaude Grand Hotel Fjord de Lestra"},"content":{"rendered":"<p>En ce d\u00e9but d&rsquo;automne, nous avons \u00e9t\u00e9 s\u00e9duit pour cette \u00e9dition limit\u00e9e de la couette Grand Hotel de Lestra\u00a0 , une \u00e9dition limit\u00e9e de Lestra<\/p>\n<p>Une couette qui ressemble \u00e0 votre derni\u00e8re nuit \u00e0 l&rsquo;hotel ? Elle existe nous l&rsquo;avons : <a href=\"https:\/\/www.avenue-literie.com\/couette-grand-hotel-400g-fjord-lestra-240x220.html\">Couette 240&#215;220 Grand Hotel 400 g Fjord de Lestra\u00a0<\/a><\/p>\n<ul>\n<li><strong>id\u00e9al pour une chambre de 18\u00b0\u00e0 20 \u00b0 C\u00a0<\/strong><\/li>\n<li><strong>Un touche exceptionnelle avec son enveloppe en satin de coton\u00a0<\/strong><\/li>\n<li><strong>Une tr\u00e8s belle finition !\u00a0<\/strong><\/li>\n<\/ul>\n<p><a href=\"https:\/\/www.avenue-literie.com\/couette-grand-hotel-400g-fjord-lestra-240x220.html\"><img decoding=\"async\" class=\"alignnone size-full wp-image-251\" src=\"https:\/\/www.avenue-literie.com\/wp\/wp-content\/uploads\/2018\/10\/14.jpg\" alt=\"\" width=\"2000\" height=\"2000\" srcset=\"https:\/\/www.avenue-literie.com\/blog\/wp-content\/uploads\/2018\/10\/14.jpg 2000w, https:\/\/www.avenue-literie.com\/blog\/wp-content\/uploads\/2018\/10\/14-150x150.jpg 150w, https:\/\/www.avenue-literie.com\/blog\/wp-content\/uploads\/2018\/10\/14-300x300.jpg 300w, https:\/\/www.avenue-literie.com\/blog\/wp-content\/uploads\/2018\/10\/14-768x768.jpg 768w, https:\/\/www.avenue-literie.com\/blog\/wp-content\/uploads\/2018\/10\/14-1024x1024.jpg 1024w, https:\/\/www.avenue-literie.com\/blog\/wp-content\/uploads\/2018\/10\/14-100x100.jpg 100w\" sizes=\"(max-width: 767px) 89vw, (max-width: 1000px) 54vw, (max-width: 1071px) 543px, 580px\" \/><\/a><a href=\"https:\/\/www.avenue-literie.com\/couette-grand-hotel-400g-fjord-lestra-240x220.html\"><img decoding=\"async\" class=\"alignnone size-full wp-image-252\" src=\"https:\/\/www.avenue-literie.com\/wp\/wp-content\/uploads\/2018\/10\/20.jpg\" alt=\"\" width=\"2000\" height=\"2000\" srcset=\"https:\/\/www.avenue-literie.com\/blog\/wp-content\/uploads\/2018\/10\/20.jpg 2000w, https:\/\/www.avenue-literie.com\/blog\/wp-content\/uploads\/2018\/10\/20-150x150.jpg 150w, https:\/\/www.avenue-literie.com\/blog\/wp-content\/uploads\/2018\/10\/20-300x300.jpg 300w, https:\/\/www.avenue-literie.com\/blog\/wp-content\/uploads\/2018\/10\/20-768x768.jpg 768w, https:\/\/www.avenue-literie.com\/blog\/wp-content\/uploads\/2018\/10\/20-1024x1024.jpg 1024w, https:\/\/www.avenue-literie.com\/blog\/wp-content\/uploads\/2018\/10\/20-100x100.jpg 100w\" sizes=\"(max-width: 767px) 89vw, (max-width: 1000px) 54vw, (max-width: 1071px) 543px, 580px\" \/><\/a><\/p>\n<p>Au toucher c&rsquo;est l&rsquo;adopter cette couette chaude Grand Hotel Fjord de Lestra<\/p>\n<p>&nbsp;<\/p>\n<p>&nbsp;<\/p>\n<p>&nbsp;<\/p>\n","protected":false},"excerpt":{"rendered":"<p>En ce d\u00e9but d&rsquo;automne, nous avons \u00e9t\u00e9 s\u00e9duit pour cette \u00e9dition limit\u00e9e de la couette Grand Hotel de Lestra\u00a0 , une \u00e9dition limit\u00e9e de Lestra Une couette qui ressemble \u00e0 votre derni\u00e8re nuit \u00e0 l&rsquo;hotel ? Elle existe nous l&rsquo;avons : Couette 240&#215;220 Grand Hotel 400 g Fjord de Lestra\u00a0 id\u00e9al pour une chambre de &hellip; <\/p>\n<p class=\"link-more\"><a href=\"https:\/\/www.avenue-literie.com\/blog\/2018\/10\/03\/notre-coup-coeur-pour-la-couette-chaude-grand-hotel-ford-de-lestra\/\" class=\"more-link\">Continuer la lecture<span class=\"screen-reader-text\"> de &laquo;&nbsp;Notre coup c\u0153ur pour la couette chaude Grand Hotel Fjord de Lestra&nbsp;&raquo;<\/span><\/a><\/p>\n","protected":false},"author":2,"featured_media":252,"comment_status":"closed","ping_status":"closed","sticky":false,"template":"","format":"standard","meta":{"footnotes":""},"categories":[26],"tags":[150,112,149,27,147,115,148,110,113,117,111],"class_list":["post-249","post","type-post","status-publish","format-standard","has-post-thumbnail","hentry","category-la-couette-dautomne","tag-couette-2-personnes","tag-couette-chaude","tag-couette-chaude-220x240","tag-couette-grand-hotel-lestra","tag-couette-hiver","tag-couette-king-size","tag-couette-tres-chaude","tag-couverture","tag-housse","tag-linge-de-lit","tag-une-couette"],"yoast_head":"<!-- This site is optimized with the Yoast SEO plugin v27.4 - https:\/\/yoast.com\/product\/yoast-seo-wordpress\/ -->\n<title>Notre coup c\u0153ur pour la couette chaude Grand Hotel Fjord de Lestra - Le Blog Avenue Literie<\/title>\n<meta name=\"robots\" content=\"index, follow, max-snippet:-1, max-image-preview:large, max-video-preview:-1\" \/>\n<link rel=\"canonical\" href=\"https:\/\/www.avenue-literie.com\/blog\/2018\/10\/03\/notre-coup-coeur-pour-la-couette-chaude-grand-hotel-ford-de-lestra\/\" \/>\n<meta property=\"og:locale\" content=\"fr_FR\" \/>\n<meta property=\"og:type\" content=\"article\" \/>\n<meta property=\"og:title\" content=\"Notre coup c\u0153ur pour la couette chaude Grand Hotel Fjord de Lestra - Le Blog Avenue Literie\" \/>\n<meta property=\"og:description\" content=\"En ce d\u00e9but d&rsquo;automne, nous avons \u00e9t\u00e9 s\u00e9duit pour cette \u00e9dition limit\u00e9e de la couette Grand Hotel de Lestra\u00a0 , une \u00e9dition limit\u00e9e de Lestra Une couette qui ressemble \u00e0 votre derni\u00e8re nuit \u00e0 l&rsquo;hotel ? Elle existe nous l&rsquo;avons : Couette 240&#215;220 Grand Hotel 400 g Fjord de Lestra\u00a0 id\u00e9al pour une chambre de &hellip; Continuer la lecture de &laquo;&nbsp;Notre coup c\u0153ur pour la couette chaude Grand Hotel Fjord de Lestra&nbsp;&raquo;\" \/>\n<meta property=\"og:url\" content=\"https:\/\/www.avenue-literie.com\/blog\/2018\/10\/03\/notre-coup-coeur-pour-la-couette-chaude-grand-hotel-ford-de-lestra\/\" \/>\n<meta property=\"og:site_name\" content=\"Le Blog Avenue Literie\" \/>\n<meta property=\"article:publisher\" content=\"https:\/\/www.facebook.com\/AvenueLiterieTroyes\/\" \/>\n<meta property=\"article:published_time\" content=\"2018-10-03T08:25:35+00:00\" \/>\n<meta property=\"article:modified_time\" content=\"2019-10-01T12:13:05+00:00\" \/>\n<meta property=\"og:image\" content=\"https:\/\/www.avenue-literie.com\/blog\/wp-content\/uploads\/2018\/10\/20.jpg\" \/>\n\t<meta property=\"og:image:width\" content=\"2000\" \/>\n\t<meta property=\"og:image:height\" content=\"2000\" \/>\n\t<meta property=\"og:image:type\" content=\"image\/jpeg\" \/>\n<meta name=\"author\" content=\"J\u00e9r\u00f4me\" \/>\n<meta name=\"twitter:card\" content=\"summary_large_image\" \/>\n<meta name=\"twitter:creator\" content=\"@avenue_literie\" \/>\n<meta name=\"twitter:site\" content=\"@avenue_literie\" \/>\n<meta name=\"twitter:label1\" content=\"\u00c9crit par\" \/>\n\t<meta name=\"twitter:data1\" content=\"J\u00e9r\u00f4me\" \/>\n<script type=\"application\/ld+json\" class=\"yoast-schema-graph\">{\"@context\":\"https:\\\/\\\/schema.org\",\"@graph\":[{\"@type\":\"Article\",\"@id\":\"https:\\\/\\\/www.avenue-literie.com\\\/blog\\\/2018\\\/10\\\/03\\\/notre-coup-coeur-pour-la-couette-chaude-grand-hotel-ford-de-lestra\\\/#article\",\"isPartOf\":{\"@id\":\"https:\\\/\\\/www.avenue-literie.com\\\/blog\\\/2018\\\/10\\\/03\\\/notre-coup-coeur-pour-la-couette-chaude-grand-hotel-ford-de-lestra\\\/\"},\"author\":{\"name\":\"J\u00e9r\u00f4me\",\"@id\":\"https:\\\/\\\/www.avenue-literie.com\\\/blog\\\/#\\\/schema\\\/person\\\/add6301bb28276c53d992ec5ef2f17ae\"},\"headline\":\"Notre coup c\u0153ur pour la couette chaude Grand Hotel Fjord de Lestra\",\"datePublished\":\"2018-10-03T08:25:35+00:00\",\"dateModified\":\"2019-10-01T12:13:05+00:00\",\"mainEntityOfPage\":{\"@id\":\"https:\\\/\\\/www.avenue-literie.com\\\/blog\\\/2018\\\/10\\\/03\\\/notre-coup-coeur-pour-la-couette-chaude-grand-hotel-ford-de-lestra\\\/\"},\"wordCount\":99,\"publisher\":{\"@id\":\"https:\\\/\\\/www.avenue-literie.com\\\/blog\\\/#organization\"},\"image\":{\"@id\":\"https:\\\/\\\/www.avenue-literie.com\\\/blog\\\/2018\\\/10\\\/03\\\/notre-coup-coeur-pour-la-couette-chaude-grand-hotel-ford-de-lestra\\\/#primaryimage\"},\"thumbnailUrl\":\"https:\\\/\\\/www.avenue-literie.com\\\/blog\\\/wp-content\\\/uploads\\\/2018\\\/10\\\/20.jpg\",\"keywords\":[\"Couette 2 personnes\",\"Couette chaude\",\"Couette chaude 220x240\",\"Couette Grand Hotel Lestra\",\"Couette Hiver\",\"couette king size\",\"Couette tr\u00e8s chaude\",\"Couverture\",\"Housse\",\"Linge de lit\",\"Une couette\"],\"articleSection\":[\"La couette d'automne\"],\"inLanguage\":\"fr-FR\"},{\"@type\":\"WebPage\",\"@id\":\"https:\\\/\\\/www.avenue-literie.com\\\/blog\\\/2018\\\/10\\\/03\\\/notre-coup-coeur-pour-la-couette-chaude-grand-hotel-ford-de-lestra\\\/\",\"url\":\"https:\\\/\\\/www.avenue-literie.com\\\/blog\\\/2018\\\/10\\\/03\\\/notre-coup-coeur-pour-la-couette-chaude-grand-hotel-ford-de-lestra\\\/\",\"name\":\"Notre coup c\u0153ur pour la couette chaude Grand Hotel Fjord de Lestra - Le Blog Avenue Literie\",\"isPartOf\":{\"@id\":\"https:\\\/\\\/www.avenue-literie.com\\\/blog\\\/#website\"},\"primaryImageOfPage\":{\"@id\":\"https:\\\/\\\/www.avenue-literie.com\\\/blog\\\/2018\\\/10\\\/03\\\/notre-coup-coeur-pour-la-couette-chaude-grand-hotel-ford-de-lestra\\\/#primaryimage\"},\"image\":{\"@id\":\"https:\\\/\\\/www.avenue-literie.com\\\/blog\\\/2018\\\/10\\\/03\\\/notre-coup-coeur-pour-la-couette-chaude-grand-hotel-ford-de-lestra\\\/#primaryimage\"},\"thumbnailUrl\":\"https:\\\/\\\/www.avenue-literie.com\\\/blog\\\/wp-content\\\/uploads\\\/2018\\\/10\\\/20.jpg\",\"datePublished\":\"2018-10-03T08:25:35+00:00\",\"dateModified\":\"2019-10-01T12:13:05+00:00\",\"breadcrumb\":{\"@id\":\"https:\\\/\\\/www.avenue-literie.com\\\/blog\\\/2018\\\/10\\\/03\\\/notre-coup-coeur-pour-la-couette-chaude-grand-hotel-ford-de-lestra\\\/#breadcrumb\"},\"inLanguage\":\"fr-FR\",\"potentialAction\":[{\"@type\":\"ReadAction\",\"target\":[\"https:\\\/\\\/www.avenue-literie.com\\\/blog\\\/2018\\\/10\\\/03\\\/notre-coup-coeur-pour-la-couette-chaude-grand-hotel-ford-de-lestra\\\/\"]}]},{\"@type\":\"ImageObject\",\"inLanguage\":\"fr-FR\",\"@id\":\"https:\\\/\\\/www.avenue-literie.com\\\/blog\\\/2018\\\/10\\\/03\\\/notre-coup-coeur-pour-la-couette-chaude-grand-hotel-ford-de-lestra\\\/#primaryimage\",\"url\":\"https:\\\/\\\/www.avenue-literie.com\\\/blog\\\/wp-content\\\/uploads\\\/2018\\\/10\\\/20.jpg\",\"contentUrl\":\"https:\\\/\\\/www.avenue-literie.com\\\/blog\\\/wp-content\\\/uploads\\\/2018\\\/10\\\/20.jpg\",\"width\":2000,\"height\":2000,\"caption\":\"Couette chaude automne Grand hotel Hiver 240x220\"},{\"@type\":\"BreadcrumbList\",\"@id\":\"https:\\\/\\\/www.avenue-literie.com\\\/blog\\\/2018\\\/10\\\/03\\\/notre-coup-coeur-pour-la-couette-chaude-grand-hotel-ford-de-lestra\\\/#breadcrumb\",\"itemListElement\":[{\"@type\":\"ListItem\",\"position\":1,\"name\":\"Home\",\"item\":\"https:\\\/\\\/www.avenue-literie.com\\\/blog\\\/\"},{\"@type\":\"ListItem\",\"position\":2,\"name\":\"La couette d'automne\",\"item\":\"https:\\\/\\\/www.avenue-literie.com\\\/blog\\\/category\\\/la-couette-dautomne\\\/\"},{\"@type\":\"ListItem\",\"position\":3,\"name\":\"Notre coup c\u0153ur pour la couette chaude Grand Hotel Fjord de Lestra\"}]},{\"@type\":\"WebSite\",\"@id\":\"https:\\\/\\\/www.avenue-literie.com\\\/blog\\\/#website\",\"url\":\"https:\\\/\\\/www.avenue-literie.com\\\/blog\\\/\",\"name\":\"Le Blog Avenue Literie\",\"description\":\"Le blog du conseil en literie\",\"publisher\":{\"@id\":\"https:\\\/\\\/www.avenue-literie.com\\\/blog\\\/#organization\"},\"potentialAction\":[{\"@type\":\"SearchAction\",\"target\":{\"@type\":\"EntryPoint\",\"urlTemplate\":\"https:\\\/\\\/www.avenue-literie.com\\\/blog\\\/?s={search_term_string}\"},\"query-input\":{\"@type\":\"PropertyValueSpecification\",\"valueRequired\":true,\"valueName\":\"search_term_string\"}}],\"inLanguage\":\"fr-FR\"},{\"@type\":\"Organization\",\"@id\":\"https:\\\/\\\/www.avenue-literie.com\\\/blog\\\/#organization\",\"name\":\"Le blog Avenue Literie\",\"alternateName\":\"Le blog Avenue Literie\",\"url\":\"https:\\\/\\\/www.avenue-literie.com\\\/blog\\\/\",\"logo\":{\"@type\":\"ImageObject\",\"inLanguage\":\"fr-FR\",\"@id\":\"https:\\\/\\\/www.avenue-literie.com\\\/blog\\\/#\\\/schema\\\/logo\\\/image\\\/\",\"url\":\"https:\\\/\\\/www.avenue-literie.com\\\/blog\\\/wp-content\\\/uploads\\\/2022\\\/04\\\/cropped-Gros-logo-avenue-literie-sans-arriere-fond-blanc.png\",\"contentUrl\":\"https:\\\/\\\/www.avenue-literie.com\\\/blog\\\/wp-content\\\/uploads\\\/2022\\\/04\\\/cropped-Gros-logo-avenue-literie-sans-arriere-fond-blanc.png\",\"width\":1479,\"height\":250,\"caption\":\"Le blog Avenue Literie\"},\"image\":{\"@id\":\"https:\\\/\\\/www.avenue-literie.com\\\/blog\\\/#\\\/schema\\\/logo\\\/image\\\/\"},\"sameAs\":[\"https:\\\/\\\/www.facebook.com\\\/AvenueLiterieTroyes\\\/\",\"https:\\\/\\\/x.com\\\/avenue_literie\",\"https:\\\/\\\/www.instagram.com\\\/avenueliterie\\\/\",\"https:\\\/\\\/www.pinterest.fr\\\/avenueliterie\\\/\"]},{\"@type\":\"Person\",\"@id\":\"https:\\\/\\\/www.avenue-literie.com\\\/blog\\\/#\\\/schema\\\/person\\\/add6301bb28276c53d992ec5ef2f17ae\",\"name\":\"J\u00e9r\u00f4me\",\"image\":{\"@type\":\"ImageObject\",\"inLanguage\":\"fr-FR\",\"@id\":\"https:\\\/\\\/secure.gravatar.com\\\/avatar\\\/2e39bb7b624068c575f434373fc1440c1bd421d6e1bdd21a14a529cbff8f1fed?s=96&d=mm&r=g\",\"url\":\"https:\\\/\\\/secure.gravatar.com\\\/avatar\\\/2e39bb7b624068c575f434373fc1440c1bd421d6e1bdd21a14a529cbff8f1fed?s=96&d=mm&r=g\",\"contentUrl\":\"https:\\\/\\\/secure.gravatar.com\\\/avatar\\\/2e39bb7b624068c575f434373fc1440c1bd421d6e1bdd21a14a529cbff8f1fed?s=96&d=mm&r=g\",\"caption\":\"J\u00e9r\u00f4me\"},\"url\":\"https:\\\/\\\/www.avenue-literie.com\\\/blog\\\/author\\\/jerome\\\/\"}]}<\/script>\n<!-- \/ Yoast SEO plugin. -->","yoast_head_json":{"title":"Notre coup c\u0153ur pour la couette chaude Grand Hotel Fjord de Lestra - Le Blog Avenue Literie","robots":{"index":"index","follow":"follow","max-snippet":"max-snippet:-1","max-image-preview":"max-image-preview:large","max-video-preview":"max-video-preview:-1"},"canonical":"https:\/\/www.avenue-literie.com\/blog\/2018\/10\/03\/notre-coup-coeur-pour-la-couette-chaude-grand-hotel-ford-de-lestra\/","og_locale":"fr_FR","og_type":"article","og_title":"Notre coup c\u0153ur pour la couette chaude Grand Hotel Fjord de Lestra - Le Blog Avenue Literie","og_description":"En ce d\u00e9but d&rsquo;automne, nous avons \u00e9t\u00e9 s\u00e9duit pour cette \u00e9dition limit\u00e9e de la couette Grand Hotel de Lestra\u00a0 , une \u00e9dition limit\u00e9e de Lestra Une couette qui ressemble \u00e0 votre derni\u00e8re nuit \u00e0 l&rsquo;hotel ? Elle existe nous l&rsquo;avons : Couette 240&#215;220 Grand Hotel 400 g Fjord de Lestra\u00a0 id\u00e9al pour une chambre de &hellip; Continuer la lecture de &laquo;&nbsp;Notre coup c\u0153ur pour la couette chaude Grand Hotel Fjord de Lestra&nbsp;&raquo;","og_url":"https:\/\/www.avenue-literie.com\/blog\/2018\/10\/03\/notre-coup-coeur-pour-la-couette-chaude-grand-hotel-ford-de-lestra\/","og_site_name":"Le Blog Avenue Literie","article_publisher":"https:\/\/www.facebook.com\/AvenueLiterieTroyes\/","article_published_time":"2018-10-03T08:25:35+00:00","article_modified_time":"2019-10-01T12:13:05+00:00","og_image":[{"width":2000,"height":2000,"url":"https:\/\/www.avenue-literie.com\/blog\/wp-content\/uploads\/2018\/10\/20.jpg","type":"image\/jpeg"}],"author":"J\u00e9r\u00f4me","twitter_card":"summary_large_image","twitter_creator":"@avenue_literie","twitter_site":"@avenue_literie","twitter_misc":{"\u00c9crit par":"J\u00e9r\u00f4me"},"schema":{"@context":"https:\/\/schema.org","@graph":[{"@type":"Article","@id":"https:\/\/www.avenue-literie.com\/blog\/2018\/10\/03\/notre-coup-coeur-pour-la-couette-chaude-grand-hotel-ford-de-lestra\/#article","isPartOf":{"@id":"https:\/\/www.avenue-literie.com\/blog\/2018\/10\/03\/notre-coup-coeur-pour-la-couette-chaude-grand-hotel-ford-de-lestra\/"},"author":{"name":"J\u00e9r\u00f4me","@id":"https:\/\/www.avenue-literie.com\/blog\/#\/schema\/person\/add6301bb28276c53d992ec5ef2f17ae"},"headline":"Notre coup c\u0153ur pour la couette chaude Grand Hotel Fjord de Lestra","datePublished":"2018-10-03T08:25:35+00:00","dateModified":"2019-10-01T12:13:05+00:00","mainEntityOfPage":{"@id":"https:\/\/www.avenue-literie.com\/blog\/2018\/10\/03\/notre-coup-coeur-pour-la-couette-chaude-grand-hotel-ford-de-lestra\/"},"wordCount":99,"publisher":{"@id":"https:\/\/www.avenue-literie.com\/blog\/#organization"},"image":{"@id":"https:\/\/www.avenue-literie.com\/blog\/2018\/10\/03\/notre-coup-coeur-pour-la-couette-chaude-grand-hotel-ford-de-lestra\/#primaryimage"},"thumbnailUrl":"https:\/\/www.avenue-literie.com\/blog\/wp-content\/uploads\/2018\/10\/20.jpg","keywords":["Couette 2 personnes","Couette chaude","Couette chaude 220x240","Couette Grand Hotel Lestra","Couette Hiver","couette king size","Couette tr\u00e8s chaude","Couverture","Housse","Linge de lit","Une couette"],"articleSection":["La couette d'automne"],"inLanguage":"fr-FR"},{"@type":"WebPage","@id":"https:\/\/www.avenue-literie.com\/blog\/2018\/10\/03\/notre-coup-coeur-pour-la-couette-chaude-grand-hotel-ford-de-lestra\/","url":"https:\/\/www.avenue-literie.com\/blog\/2018\/10\/03\/notre-coup-coeur-pour-la-couette-chaude-grand-hotel-ford-de-lestra\/","name":"Notre coup c\u0153ur pour la couette chaude Grand Hotel Fjord de Lestra - Le Blog Avenue Literie","isPartOf":{"@id":"https:\/\/www.avenue-literie.com\/blog\/#website"},"primaryImageOfPage":{"@id":"https:\/\/www.avenue-literie.com\/blog\/2018\/10\/03\/notre-coup-coeur-pour-la-couette-chaude-grand-hotel-ford-de-lestra\/#primaryimage"},"image":{"@id":"https:\/\/www.avenue-literie.com\/blog\/2018\/10\/03\/notre-coup-coeur-pour-la-couette-chaude-grand-hotel-ford-de-lestra\/#primaryimage"},"thumbnailUrl":"https:\/\/www.avenue-literie.com\/blog\/wp-content\/uploads\/2018\/10\/20.jpg","datePublished":"2018-10-03T08:25:35+00:00","dateModified":"2019-10-01T12:13:05+00:00","breadcrumb":{"@id":"https:\/\/www.avenue-literie.com\/blog\/2018\/10\/03\/notre-coup-coeur-pour-la-couette-chaude-grand-hotel-ford-de-lestra\/#breadcrumb"},"inLanguage":"fr-FR","potentialAction":[{"@type":"ReadAction","target":["https:\/\/www.avenue-literie.com\/blog\/2018\/10\/03\/notre-coup-coeur-pour-la-couette-chaude-grand-hotel-ford-de-lestra\/"]}]},{"@type":"ImageObject","inLanguage":"fr-FR","@id":"https:\/\/www.avenue-literie.com\/blog\/2018\/10\/03\/notre-coup-coeur-pour-la-couette-chaude-grand-hotel-ford-de-lestra\/#primaryimage","url":"https:\/\/www.avenue-literie.com\/blog\/wp-content\/uploads\/2018\/10\/20.jpg","contentUrl":"https:\/\/www.avenue-literie.com\/blog\/wp-content\/uploads\/2018\/10\/20.jpg","width":2000,"height":2000,"caption":"Couette chaude automne Grand hotel Hiver 240x220"},{"@type":"BreadcrumbList","@id":"https:\/\/www.avenue-literie.com\/blog\/2018\/10\/03\/notre-coup-coeur-pour-la-couette-chaude-grand-hotel-ford-de-lestra\/#breadcrumb","itemListElement":[{"@type":"ListItem","position":1,"name":"Home","item":"https:\/\/www.avenue-literie.com\/blog\/"},{"@type":"ListItem","position":2,"name":"La couette d'automne","item":"https:\/\/www.avenue-literie.com\/blog\/category\/la-couette-dautomne\/"},{"@type":"ListItem","position":3,"name":"Notre coup c\u0153ur pour la couette chaude Grand Hotel Fjord de Lestra"}]},{"@type":"WebSite","@id":"https:\/\/www.avenue-literie.com\/blog\/#website","url":"https:\/\/www.avenue-literie.com\/blog\/","name":"Le Blog Avenue Literie","description":"Le blog du conseil en literie","publisher":{"@id":"https:\/\/www.avenue-literie.com\/blog\/#organization"},"potentialAction":[{"@type":"SearchAction","target":{"@type":"EntryPoint","urlTemplate":"https:\/\/www.avenue-literie.com\/blog\/?s={search_term_string}"},"query-input":{"@type":"PropertyValueSpecification","valueRequired":true,"valueName":"search_term_string"}}],"inLanguage":"fr-FR"},{"@type":"Organization","@id":"https:\/\/www.avenue-literie.com\/blog\/#organization","name":"Le blog Avenue Literie","alternateName":"Le blog Avenue Literie","url":"https:\/\/www.avenue-literie.com\/blog\/","logo":{"@type":"ImageObject","inLanguage":"fr-FR","@id":"https:\/\/www.avenue-literie.com\/blog\/#\/schema\/logo\/image\/","url":"https:\/\/www.avenue-literie.com\/blog\/wp-content\/uploads\/2022\/04\/cropped-Gros-logo-avenue-literie-sans-arriere-fond-blanc.png","contentUrl":"https:\/\/www.avenue-literie.com\/blog\/wp-content\/uploads\/2022\/04\/cropped-Gros-logo-avenue-literie-sans-arriere-fond-blanc.png","width":1479,"height":250,"caption":"Le blog Avenue Literie"},"image":{"@id":"https:\/\/www.avenue-literie.com\/blog\/#\/schema\/logo\/image\/"},"sameAs":["https:\/\/www.facebook.com\/AvenueLiterieTroyes\/","https:\/\/x.com\/avenue_literie","https:\/\/www.instagram.com\/avenueliterie\/","https:\/\/www.pinterest.fr\/avenueliterie\/"]},{"@type":"Person","@id":"https:\/\/www.avenue-literie.com\/blog\/#\/schema\/person\/add6301bb28276c53d992ec5ef2f17ae","name":"J\u00e9r\u00f4me","image":{"@type":"ImageObject","inLanguage":"fr-FR","@id":"https:\/\/secure.gravatar.com\/avatar\/2e39bb7b624068c575f434373fc1440c1bd421d6e1bdd21a14a529cbff8f1fed?s=96&d=mm&r=g","url":"https:\/\/secure.gravatar.com\/avatar\/2e39bb7b624068c575f434373fc1440c1bd421d6e1bdd21a14a529cbff8f1fed?s=96&d=mm&r=g","contentUrl":"https:\/\/secure.gravatar.com\/avatar\/2e39bb7b624068c575f434373fc1440c1bd421d6e1bdd21a14a529cbff8f1fed?s=96&d=mm&r=g","caption":"J\u00e9r\u00f4me"},"url":"https:\/\/www.avenue-literie.com\/blog\/author\/jerome\/"}]}},"_links":{"self":[{"href":"https:\/\/www.avenue-literie.com\/blog\/wp-json\/wp\/v2\/posts\/249","targetHints":{"allow":["GET"]}}],"collection":[{"href":"https:\/\/www.avenue-literie.com\/blog\/wp-json\/wp\/v2\/posts"}],"about":[{"href":"https:\/\/www.avenue-literie.com\/blog\/wp-json\/wp\/v2\/types\/post"}],"author":[{"embeddable":true,"href":"https:\/\/www.avenue-literie.com\/blog\/wp-json\/wp\/v2\/users\/2"}],"replies":[{"embeddable":true,"href":"https:\/\/www.avenue-literie.com\/blog\/wp-json\/wp\/v2\/comments?post=249"}],"version-history":[{"count":4,"href":"https:\/\/www.avenue-literie.com\/blog\/wp-json\/wp\/v2\/posts\/249\/revisions"}],"predecessor-version":[{"id":254,"href":"https:\/\/www.avenue-literie.com\/blog\/wp-json\/wp\/v2\/posts\/249\/revisions\/254"}],"wp:featuredmedia":[{"embeddable":true,"href":"https:\/\/www.avenue-literie.com\/blog\/wp-json\/wp\/v2\/media\/252"}],"wp:attachment":[{"href":"https:\/\/www.avenue-literie.com\/blog\/wp-json\/wp\/v2\/media?parent=249"}],"wp:term":[{"taxonomy":"category","embeddable":true,"href":"https:\/\/www.avenue-literie.com\/blog\/wp-json\/wp\/v2\/categories?post=249"},{"taxonomy":"post_tag","embeddable":true,"href":"https:\/\/www.avenue-literie.com\/blog\/wp-json\/wp\/v2\/tags?post=249"}],"curies":[{"name":"wp","href":"https:\/\/api.w.org\/{rel}","templated":true}]}}