{"id":2521,"date":"2023-01-10T16:20:03","date_gmt":"2023-01-10T16:20:03","guid":{"rendered":"https:\/\/www.avenue-literie.com\/blog\/?p=2521"},"modified":"2023-01-26T07:15:07","modified_gmt":"2023-01-26T07:15:07","slug":"solde-hiver-2023-confort-a-prix-reduit","status":"publish","type":"post","link":"https:\/\/www.avenue-literie.com\/blog\/2023\/01\/10\/solde-hiver-2023-confort-a-prix-reduit\/","title":{"rendered":"Solde hiver 2023, le meilleur confort \u00e0 prix r\u00e9duit !"},"content":{"rendered":"\n<div class=\"wp-block-media-text alignwide is-stacked-on-mobile is-vertically-aligned-center\" style=\"grid-template-columns:45% auto\"><figure class=\"wp-block-media-text__media\"><img decoding=\"async\" width=\"725\" height=\"1024\" src=\"https:\/\/www.avenue-literie.com\/blog\/wp-content\/uploads\/2023\/01\/CatalogueProspect-AL-HIVER2023-FINALvecto1-725x1024.png\" alt=\"\" class=\"wp-image-2545 size-full\" srcset=\"https:\/\/www.avenue-literie.com\/blog\/wp-content\/uploads\/2023\/01\/CatalogueProspect-AL-HIVER2023-FINALvecto1-725x1024.png 725w, https:\/\/www.avenue-literie.com\/blog\/wp-content\/uploads\/2023\/01\/CatalogueProspect-AL-HIVER2023-FINALvecto1-212x300.png 212w, https:\/\/www.avenue-literie.com\/blog\/wp-content\/uploads\/2023\/01\/CatalogueProspect-AL-HIVER2023-FINALvecto1-768x1084.png 768w, https:\/\/www.avenue-literie.com\/blog\/wp-content\/uploads\/2023\/01\/CatalogueProspect-AL-HIVER2023-FINALvecto1-1088x1536.png 1088w, https:\/\/www.avenue-literie.com\/blog\/wp-content\/uploads\/2023\/01\/CatalogueProspect-AL-HIVER2023-FINALvecto1-1451x2048.png 1451w, https:\/\/www.avenue-literie.com\/blog\/wp-content\/uploads\/2023\/01\/CatalogueProspect-AL-HIVER2023-FINALvecto1.png 2008w\" sizes=\"(max-width: 725px) 100vw, 725px\" \/><\/figure><div class=\"wp-block-media-text__content\">\n<h6 class=\"wp-block-heading\" style=\"font-size:22px\">Les soldes d&rsquo;hiver 2023 !<\/h6>\n\n\n\n<div style=\"height:20px\" aria-hidden=\"true\" class=\"wp-block-spacer\"><\/div>\n\n\n\n<p class=\"has-black-color has-text-color has-medium-font-size\"><strong>Un hiver<\/strong> tout confort avec une <strong>couette chaude Elsa<\/strong> ou une <strong>couverture chaude Woolmark<\/strong> ou un magnifique <strong>dessus de lit<\/strong> coloris Poudre.<\/p>\n\n\n\n<div style=\"height:35px\" aria-hidden=\"true\" class=\"wp-block-spacer\"><\/div>\n\n\n\n<p class=\"has-text-align-left\" style=\"font-size:18px\"><a href=\"https:\/\/www.avenue-literie.com\/couette-220x240-elsa-hiver-loire-confection-literie.html\">Couette Elsa 220&#215;240 hiver 400g<\/a><\/p>\n\n\n\n<div style=\"height:20px\" aria-hidden=\"true\" class=\"wp-block-spacer\"><\/div>\n\n\n\n<p style=\"font-size:18px\"><a href=\"https:\/\/www.avenue-literie.com\/couverture-aubisque-laine-anthracite-souris-220x240.html\">Couverture Woolmark 220&#215;240<\/a> <\/p>\n\n\n\n<div style=\"height:20px\" aria-hidden=\"true\" class=\"wp-block-spacer\"><\/div>\n\n\n\n<p style=\"font-size:18px\"><a href=\"https:\/\/www.avenue-literie.com\/dessus-de-lit-240x260-poudre.html\">Dessus de lit Poudre 240&#215;260<\/a><\/p>\n<\/div><\/div>\n\n\n\n<div style=\"height:50px\" aria-hidden=\"true\" class=\"wp-block-spacer\"><\/div>\n\n\n\n<div class=\"wp-block-media-text alignwide has-media-on-the-right is-stacked-on-mobile\" style=\"grid-template-columns:auto 45%\"><div class=\"wp-block-media-text__content\">\n<h6 class=\"wp-block-heading\" style=\"font-size:22px\">Les soldes d&rsquo;hiver 2023 en linge de lit :<\/h6>\n\n\n\n<div style=\"height:20px\" aria-hidden=\"true\" class=\"wp-block-spacer\"><\/div>\n\n\n\n<p class=\"has-black-color has-text-color has-medium-font-size\">D\u00e9couvrez la <strong>parure Caract\u00e8re <\/strong>subtile et rafin\u00e9e 100% Satin Anne de Sol\u00e8ne et \u00e9vadez-vous dans les sous-bois avec cette <strong>parure Dimanche<\/strong> de chez Anne de Sol\u00e8ne.<\/p>\n\n\n\n<div style=\"height:35px\" aria-hidden=\"true\" class=\"wp-block-spacer\"><\/div>\n\n\n\n<p class=\"has-black-color has-text-color\" style=\"font-size:18px\"><a href=\"https:\/\/www.avenue-literie.com\/housse-de-couette-220x240-cm-2-taies-caractere-anne-de-solene.html\">Housse de couette Caract\u00e8re 220&#215;240 + 2 Taies Anne de Sol\u00e8ne<\/a><\/p>\n\n\n\n<div style=\"height:20px\" aria-hidden=\"true\" class=\"wp-block-spacer\"><\/div>\n\n\n\n<p class=\"has-black-color has-text-color\" style=\"font-size:18px\"><a href=\"https:\/\/www.avenue-literie.com\/housse-de-couette-220x240-cm-2-taies-dimanche-anne-de-solene.html\">Housse de couette Dimanche 220&#215;240 + 2 Taies Anne de Sol\u00e8ne<\/a><\/p>\n<\/div><figure class=\"wp-block-media-text__media\"><img decoding=\"async\" width=\"725\" height=\"1024\" src=\"https:\/\/www.avenue-literie.com\/blog\/wp-content\/uploads\/2023\/01\/CatalogueProspect-AL-HIVER2023-FINALvecto2-725x1024.png\" alt=\"\" class=\"wp-image-2546 size-full\" srcset=\"https:\/\/www.avenue-literie.com\/blog\/wp-content\/uploads\/2023\/01\/CatalogueProspect-AL-HIVER2023-FINALvecto2-725x1024.png 725w, https:\/\/www.avenue-literie.com\/blog\/wp-content\/uploads\/2023\/01\/CatalogueProspect-AL-HIVER2023-FINALvecto2-212x300.png 212w, https:\/\/www.avenue-literie.com\/blog\/wp-content\/uploads\/2023\/01\/CatalogueProspect-AL-HIVER2023-FINALvecto2-768x1084.png 768w, https:\/\/www.avenue-literie.com\/blog\/wp-content\/uploads\/2023\/01\/CatalogueProspect-AL-HIVER2023-FINALvecto2-1088x1536.png 1088w, https:\/\/www.avenue-literie.com\/blog\/wp-content\/uploads\/2023\/01\/CatalogueProspect-AL-HIVER2023-FINALvecto2-1451x2048.png 1451w, https:\/\/www.avenue-literie.com\/blog\/wp-content\/uploads\/2023\/01\/CatalogueProspect-AL-HIVER2023-FINALvecto2.png 2008w\" sizes=\"(max-width: 725px) 100vw, 725px\" \/><\/figure><\/div>\n\n\n\n<div style=\"height:50px\" aria-hidden=\"true\" class=\"wp-block-spacer\"><\/div>\n\n\n\n<div class=\"wp-block-media-text alignwide is-stacked-on-mobile\" style=\"grid-template-columns:45% auto\"><figure class=\"wp-block-media-text__media\"><img decoding=\"async\" width=\"725\" height=\"1024\" src=\"https:\/\/www.avenue-literie.com\/blog\/wp-content\/uploads\/2023\/01\/CatalogueProspect-AL-HIVER2023-FINALvecto3-1-725x1024.png\" alt=\"\" class=\"wp-image-2547 size-full\" srcset=\"https:\/\/www.avenue-literie.com\/blog\/wp-content\/uploads\/2023\/01\/CatalogueProspect-AL-HIVER2023-FINALvecto3-1-725x1024.png 725w, https:\/\/www.avenue-literie.com\/blog\/wp-content\/uploads\/2023\/01\/CatalogueProspect-AL-HIVER2023-FINALvecto3-1-212x300.png 212w, https:\/\/www.avenue-literie.com\/blog\/wp-content\/uploads\/2023\/01\/CatalogueProspect-AL-HIVER2023-FINALvecto3-1-768x1084.png 768w, https:\/\/www.avenue-literie.com\/blog\/wp-content\/uploads\/2023\/01\/CatalogueProspect-AL-HIVER2023-FINALvecto3-1-1088x1536.png 1088w, https:\/\/www.avenue-literie.com\/blog\/wp-content\/uploads\/2023\/01\/CatalogueProspect-AL-HIVER2023-FINALvecto3-1-1451x2048.png 1451w, https:\/\/www.avenue-literie.com\/blog\/wp-content\/uploads\/2023\/01\/CatalogueProspect-AL-HIVER2023-FINALvecto3-1.png 2008w\" sizes=\"(max-width: 725px) 100vw, 725px\" \/><\/figure><div class=\"wp-block-media-text__content\">\n<h6 class=\"has-black-color has-text-color wp-block-heading\" style=\"font-size:22px\">Les soldes d&rsquo;hiver 2023 en linge de lit :<\/h6>\n\n\n\n<div style=\"height:20px\" aria-hidden=\"true\" class=\"wp-block-spacer\"><\/div>\n\n\n\n<p class=\"has-black-color has-text-color has-medium-font-size\">Dessus de lit, couvre lit, plaids,  coussins d\u00e9co&#8230;. <strong>Le confort \u00e0 prix sold\u00e9 !<\/strong><\/p>\n\n\n\n<div style=\"height:35px\" aria-hidden=\"true\" class=\"wp-block-spacer\"><\/div>\n\n\n\n<p class=\"has-black-color has-text-color\" style=\"font-size:18px\"><a href=\"https:\/\/www.avenue-literie.com\/dessus-de-lit-240x260-amandier\">Dessus de lit Amandier 240&#215;220<\/a><\/p>\n\n\n\n<div style=\"height:20px\" aria-hidden=\"true\" class=\"wp-block-spacer\"><\/div>\n\n\n\n<p class=\"has-black-color has-text-color\" style=\"font-size:18px\"><a href=\"https:\/\/www.avenue-literie.com\/catalogsearch\/result\/?f=Coussin+45x45+double+faces+velour+cognac&amp;q=Coussin+45x45+velour+cognac\">Coussin 45&#215;45 double faces velour cognac<\/a><\/p>\n\n\n\n<div style=\"height:20px\" aria-hidden=\"true\" class=\"wp-block-spacer\"><\/div>\n\n\n\n<p class=\"has-black-color has-text-color\" style=\"font-size:18px\"><a href=\"https:\/\/www.avenue-literie.com\/oreiller-pilote-pyrenex-8369.html\">Oreiller pilotes 65&#215;65  \u00e0 plumes pyrenex<\/a> <\/p>\n\n\n\n<div style=\"height:20px\" aria-hidden=\"true\" class=\"wp-block-spacer\"><\/div>\n\n\n\n<p class=\"has-black-color has-text-color\" style=\"font-size:18px\"><a href=\"https:\/\/www.avenue-literie.com\/oreiller-serenite-lestra-40x60-medium-small-8cm.html\">Oreiller m\u00e9moire de forme 40&#215;60<\/a><\/p>\n<\/div><\/div>\n\n\n\n<div style=\"height:50px\" aria-hidden=\"true\" class=\"wp-block-spacer\"><\/div>\n\n\n\n<div class=\"wp-block-media-text alignwide has-media-on-the-right is-stacked-on-mobile\" style=\"grid-template-columns:auto 45%\"><div class=\"wp-block-media-text__content\">\n<h6 class=\"wp-block-heading\" style=\"font-size:22px\">Solde sur lit Royale de haute qualit\u00e9 au confort unique !<\/h6>\n\n\n\n<div style=\"height:20px\" aria-hidden=\"true\" class=\"wp-block-spacer\"><\/div>\n\n\n\n<p class=\"has-black-color has-text-color has-medium-font-size\">Lit coffre 160&#215;200 ou 180&#215;200 ou 200&#215;200 \u00e0 d\u00e9couvrir de toute urgence.<br><strong>Sommier de relaxation<\/strong> solo &#8211; 1 personne, rien que du confort pour soit m\u00eame.<\/p>\n\n\n\n<div style=\"height:35px\" aria-hidden=\"true\" class=\"wp-block-spacer\"><\/div>\n\n\n\n<p class=\"has-black-color has-text-color\" style=\"font-size:18px\"><a href=\"https:\/\/www.avenue-literie.com\/oreiller-pilote-pyrenex-8369.html\">Lit coffre 160&#215;200 avec matelas sommier coffre et t\u00eate de lit <\/a><\/p>\n\n\n\n<div style=\"height:20px\" aria-hidden=\"true\" class=\"wp-block-spacer\"><\/div>\n\n\n\n<p class=\"has-black-color has-text-color\" style=\"font-size:18px\"><a href=\"https:\/\/www.avenue-literie.com\/ensemble-relaxation-lit-electrique-1-personne-mono-matelas-excel-pur-balance-140x190-sedac-meral.html\">Sommier motoris\u00e9 &#8211; 1 personne 140&#215;190 \u00e9lectrique<\/a><\/p>\n<\/div><figure class=\"wp-block-media-text__media\"><img decoding=\"async\" width=\"725\" height=\"1024\" src=\"https:\/\/www.avenue-literie.com\/blog\/wp-content\/uploads\/2023\/01\/CatalogueProspect-AL-HIVER2023-FINALvecto4-725x1024.png\" alt=\"\" class=\"wp-image-2548 size-full\" srcset=\"https:\/\/www.avenue-literie.com\/blog\/wp-content\/uploads\/2023\/01\/CatalogueProspect-AL-HIVER2023-FINALvecto4-725x1024.png 725w, https:\/\/www.avenue-literie.com\/blog\/wp-content\/uploads\/2023\/01\/CatalogueProspect-AL-HIVER2023-FINALvecto4-212x300.png 212w, https:\/\/www.avenue-literie.com\/blog\/wp-content\/uploads\/2023\/01\/CatalogueProspect-AL-HIVER2023-FINALvecto4-768x1084.png 768w, https:\/\/www.avenue-literie.com\/blog\/wp-content\/uploads\/2023\/01\/CatalogueProspect-AL-HIVER2023-FINALvecto4-1088x1536.png 1088w, https:\/\/www.avenue-literie.com\/blog\/wp-content\/uploads\/2023\/01\/CatalogueProspect-AL-HIVER2023-FINALvecto4-1451x2048.png 1451w, https:\/\/www.avenue-literie.com\/blog\/wp-content\/uploads\/2023\/01\/CatalogueProspect-AL-HIVER2023-FINALvecto4.png 2008w\" sizes=\"(max-width: 725px) 100vw, 725px\" \/><\/figure><\/div>\n\n\n\n<div style=\"height:50px\" aria-hidden=\"true\" class=\"wp-block-spacer\"><\/div>\n\n\n\n<div class=\"wp-block-media-text alignwide is-stacked-on-mobile\" style=\"grid-template-columns:45% auto\"><figure class=\"wp-block-media-text__media\"><img decoding=\"async\" width=\"725\" height=\"1024\" src=\"https:\/\/www.avenue-literie.com\/blog\/wp-content\/uploads\/2023\/01\/CatalogueProspect-AL-HIVER2023-FINALvecto5-725x1024.png\" alt=\"\" class=\"wp-image-2549 size-full\" srcset=\"https:\/\/www.avenue-literie.com\/blog\/wp-content\/uploads\/2023\/01\/CatalogueProspect-AL-HIVER2023-FINALvecto5-725x1024.png 725w, https:\/\/www.avenue-literie.com\/blog\/wp-content\/uploads\/2023\/01\/CatalogueProspect-AL-HIVER2023-FINALvecto5-212x300.png 212w, https:\/\/www.avenue-literie.com\/blog\/wp-content\/uploads\/2023\/01\/CatalogueProspect-AL-HIVER2023-FINALvecto5-768x1084.png 768w, https:\/\/www.avenue-literie.com\/blog\/wp-content\/uploads\/2023\/01\/CatalogueProspect-AL-HIVER2023-FINALvecto5-1088x1536.png 1088w, https:\/\/www.avenue-literie.com\/blog\/wp-content\/uploads\/2023\/01\/CatalogueProspect-AL-HIVER2023-FINALvecto5-1451x2048.png 1451w, https:\/\/www.avenue-literie.com\/blog\/wp-content\/uploads\/2023\/01\/CatalogueProspect-AL-HIVER2023-FINALvecto5.png 2008w\" sizes=\"(max-width: 725px) 100vw, 725px\" \/><\/figure><div class=\"wp-block-media-text__content\">\n<h6 class=\"wp-block-heading\" style=\"font-size:22px\">Solde 2023 sur des matelas de qualit\u00e9s et confortables \u00e0 prix r\u00e9duits :<\/h6>\n\n\n\n<div style=\"height:20px\" aria-hidden=\"true\" class=\"wp-block-spacer\"><\/div>\n\n\n\n<p class=\"has-black-color has-text-color has-medium-font-size\">Un <strong>matelas ressort ensach\u00e9 ferme<\/strong>, ou un <strong>matelas mousse au confort m\u00e9dium<\/strong>, ou un <strong>matelas m\u00e9moire de forme au confort enveloppant<\/strong>, ou un <strong>matelas latex au confort moelleux<\/strong>, vous avez le choix.<\/p>\n\n\n\n<div style=\"height:35px\" aria-hidden=\"true\" class=\"wp-block-spacer\"><\/div>\n\n\n\n<p class=\"has-black-color has-text-color\" style=\"font-size:18px\"><a href=\"https:\/\/www.avenue-literie.com\/matelas-avalon-140x190-sedac-meral.html\">Matelas ressorts Avalon confort ferme 140&#215;190<\/a><\/p>\n\n\n\n<div style=\"height:20px\" aria-hidden=\"true\" class=\"wp-block-spacer\"><\/div>\n\n\n\n<p class=\"has-black-color has-text-color\" style=\"font-size:18px\"><a href=\"https:\/\/www.avenue-literie.com\/matelas-ecrin-ebac-140x190.html\">Matelas mousse \u00e9crin confort medium Ebac<\/a><\/p>\n\n\n\n<div style=\"height:20px\" aria-hidden=\"true\" class=\"wp-block-spacer\"><\/div>\n\n\n\n<p class=\"has-black-color has-text-color\" style=\"font-size:18px\"><a href=\"https:\/\/www.avenue-literie.com\/matelas-rueda-140x190.html\">Matelas m\u00e9moire de forme et ressort 5 zones 140&#215;190 Ebac <\/a><\/p>\n\n\n\n<div style=\"height:20px\" aria-hidden=\"true\" class=\"wp-block-spacer\"><\/div>\n\n\n\n<p class=\"has-black-color has-text-color\" style=\"font-size:18px\"><a href=\"https:\/\/www.avenue-literie.com\/ensemble-literie-diapason-140x190-latex.html\">Matelas latex 100% 5 zones Davilaine Diapason 140&#215;490<\/a><\/p>\n<\/div><\/div>\n\n\n\n<div style=\"height:50px\" aria-hidden=\"true\" class=\"wp-block-spacer\"><\/div>\n\n\n\n<div class=\"wp-block-media-text alignwide has-media-on-the-right is-stacked-on-mobile\" style=\"grid-template-columns:auto 45%\"><div class=\"wp-block-media-text__content\">\n<h6 class=\"wp-block-heading\" style=\"font-size:22px\">Solde 2023 en relaxation : Dormez bien, dormez relaxez !<\/h6>\n\n\n\n<div style=\"height:20px\" aria-hidden=\"true\" class=\"wp-block-spacer\"><\/div>\n\n\n\n<p class=\"has-black-color has-text-color has-medium-font-size\"><strong>Lits relevables \u00e9lectriques<\/strong> et <strong>matelas<\/strong> pour lits relevables \u00e0 prix<strong> sold\u00e9s !<\/strong><\/p>\n\n\n\n<div style=\"height:35px\" aria-hidden=\"true\" class=\"wp-block-spacer\"><\/div>\n\n\n\n<p class=\"has-black-color has-text-color\" style=\"font-size:18px\"><a href=\"https:\/\/www.avenue-literie.com\/matelas-velda-relaxation-clips.html\">Lit de relaxation Sedac Meral 80&#215;200<\/a><\/p>\n\n\n\n<div style=\"height:20px\" aria-hidden=\"true\" class=\"wp-block-spacer\"><\/div>\n\n\n\n<p class=\"has-black-color has-text-color\" style=\"font-size:18px\"><a href=\"https:\/\/www.avenue-literie.com\/matelas-velda-relaxation-clips-2x80x200.html\">Matelas relaxation 100% Latex 2x80x200 Velda<\/a><\/p>\n\n\n\n<div style=\"height:20px\" aria-hidden=\"true\" class=\"wp-block-spacer\"><\/div>\n\n\n\n<p class=\"has-black-color has-text-color\" style=\"font-size:18px\"><a href=\"https:\/\/www.avenue-literie.com\/matelas-visco-confort-memoire-de-forme-2x80x200-sedac-meral.html\">Matelas m\u00e9moire de forme 2x80x200 Sedac Meral<\/a><\/p>\n<\/div><figure class=\"wp-block-media-text__media\"><img decoding=\"async\" width=\"725\" height=\"1024\" src=\"https:\/\/www.avenue-literie.com\/blog\/wp-content\/uploads\/2023\/01\/CatalogueProspect-AL-HIVER2023-FINALvecto6-725x1024.png\" alt=\"\" class=\"wp-image-2550 size-full\" srcset=\"https:\/\/www.avenue-literie.com\/blog\/wp-content\/uploads\/2023\/01\/CatalogueProspect-AL-HIVER2023-FINALvecto6-725x1024.png 725w, https:\/\/www.avenue-literie.com\/blog\/wp-content\/uploads\/2023\/01\/CatalogueProspect-AL-HIVER2023-FINALvecto6-212x300.png 212w, https:\/\/www.avenue-literie.com\/blog\/wp-content\/uploads\/2023\/01\/CatalogueProspect-AL-HIVER2023-FINALvecto6-768x1084.png 768w, https:\/\/www.avenue-literie.com\/blog\/wp-content\/uploads\/2023\/01\/CatalogueProspect-AL-HIVER2023-FINALvecto6-1088x1536.png 1088w, https:\/\/www.avenue-literie.com\/blog\/wp-content\/uploads\/2023\/01\/CatalogueProspect-AL-HIVER2023-FINALvecto6-1451x2048.png 1451w, https:\/\/www.avenue-literie.com\/blog\/wp-content\/uploads\/2023\/01\/CatalogueProspect-AL-HIVER2023-FINALvecto6.png 2008w\" sizes=\"(max-width: 725px) 100vw, 725px\" \/><\/figure><\/div>\n\n\n\n<div style=\"height:50px\" aria-hidden=\"true\" class=\"wp-block-spacer\"><\/div>\n\n\n\n<div class=\"wp-block-media-text alignwide is-stacked-on-mobile\" style=\"grid-template-columns:45% auto\"><figure class=\"wp-block-media-text__media\"><img decoding=\"async\" width=\"725\" height=\"1024\" src=\"https:\/\/www.avenue-literie.com\/blog\/wp-content\/uploads\/2023\/01\/CatalogueProspect-AL-HIVER2023-FINALvecto7-725x1024.png\" alt=\"\" class=\"wp-image-2551 size-full\" srcset=\"https:\/\/www.avenue-literie.com\/blog\/wp-content\/uploads\/2023\/01\/CatalogueProspect-AL-HIVER2023-FINALvecto7-725x1024.png 725w, https:\/\/www.avenue-literie.com\/blog\/wp-content\/uploads\/2023\/01\/CatalogueProspect-AL-HIVER2023-FINALvecto7-212x300.png 212w, https:\/\/www.avenue-literie.com\/blog\/wp-content\/uploads\/2023\/01\/CatalogueProspect-AL-HIVER2023-FINALvecto7-768x1084.png 768w, https:\/\/www.avenue-literie.com\/blog\/wp-content\/uploads\/2023\/01\/CatalogueProspect-AL-HIVER2023-FINALvecto7-1088x1536.png 1088w, https:\/\/www.avenue-literie.com\/blog\/wp-content\/uploads\/2023\/01\/CatalogueProspect-AL-HIVER2023-FINALvecto7-1451x2048.png 1451w, https:\/\/www.avenue-literie.com\/blog\/wp-content\/uploads\/2023\/01\/CatalogueProspect-AL-HIVER2023-FINALvecto7.png 2008w\" sizes=\"(max-width: 725px) 100vw, 725px\" \/><\/figure><div class=\"wp-block-media-text__content\">\n<h6 class=\"wp-block-heading\" style=\"font-size:22px\">Nouveau, canap\u00e9s convertibles chez Avenue Literie !<\/h6>\n\n\n\n<div style=\"height:20px\" aria-hidden=\"true\" class=\"wp-block-spacer\"><\/div>\n\n\n\n<p class=\"has-black-color has-text-color has-medium-font-size\">Profitez de nos nouveaux canap\u00e9s convertibles de chez <strong>Vitarelax<\/strong><\/p>\n\n\n\n<div style=\"height:35px\" aria-hidden=\"true\" class=\"wp-block-spacer\"><\/div>\n\n\n\n<p class=\"has-black-color has-text-color\" style=\"font-size:18px\"><a href=\"https:\/\/www.avenue-literie.com\/canape-convertible-3-places.html\">Canap\u00e9 convertible 2 ou 3 personnes<\/a><\/p>\n<\/div><\/div>\n\n\n\n<div style=\"height:50px\" aria-hidden=\"true\" class=\"wp-block-spacer\"><\/div>\n\n\n\n<div class=\"wp-block-media-text alignwide has-media-on-the-right is-stacked-on-mobile\" style=\"grid-template-columns:auto 45%\"><div class=\"wp-block-media-text__content\">\n<h6 class=\"wp-block-heading\" style=\"font-size:22px\">Solde hiver 2023 sur les matelas :<\/h6>\n\n\n\n<div style=\"height:20px\" aria-hidden=\"true\" class=\"wp-block-spacer\"><\/div>\n\n\n\n<p class=\"has-black-color has-text-color has-medium-font-size\"><strong>Matelas en solde HDFLEX<\/strong>, mousse incroyablement solide d&rsquo;une densit\u00e9e de 30kg de chez <strong>Ebac<\/strong>.<br><strong>Une nouveaut\u00e9 en 2023<\/strong>, les <strong>lits<\/strong> et <strong>cadres de lit<\/strong> de chez <strong>R\u00e9sistube<\/strong>.<\/p>\n\n\n\n<div style=\"height:20px\" aria-hidden=\"true\" class=\"wp-block-spacer\"><\/div>\n\n\n\n<p class=\"has-black-color has-text-color\" style=\"font-size:18px\"><a href=\"https:\/\/www.avenue-literie.com\/matelas-maryland-ebac-140x190.html\">Matelas HDFLEX Maryland 140&#215;190 Ebac<\/a><\/p>\n\n\n\n<div style=\"height:20px\" aria-hidden=\"true\" class=\"wp-block-spacer\"><\/div>\n\n\n\n<p class=\"has-black-color has-text-color\" style=\"font-size:18px\"><a href=\"https:\/\/www.avenue-literie.com\/lit-amira-140x190.html\">Lit r\u00e9sistube mod\u00e8le Amira noir 140&#215;190 <\/a><\/p>\n\n\n\n<div style=\"height:20px\" aria-hidden=\"true\" class=\"wp-block-spacer\"><\/div>\n\n\n\n<p class=\"has-black-color has-text-color\" style=\"font-size:18px\"><a href=\"https:\/\/www.avenue-literie.com\/lit-ludo-140x190.html\">Lit r\u00e9sistube Ludo brun 140&#215;190<\/a><\/p>\n\n\n\n<div style=\"height:20px\" aria-hidden=\"true\" class=\"wp-block-spacer\"><\/div>\n\n\n\n<p class=\"has-black-color has-text-color\" style=\"font-size:18px\"><a href=\"https:\/\/www.avenue-literie.com\/lit-cassandra-140x190.html\">Lit r\u00e9sistube Cassandra brun 140&#215;190<\/a><\/p>\n<\/div><figure class=\"wp-block-media-text__media\"><img decoding=\"async\" width=\"725\" height=\"1024\" src=\"https:\/\/www.avenue-literie.com\/blog\/wp-content\/uploads\/2023\/01\/CatalogueProspect-AL-HIVER2023-FINALvecto8-725x1024.png\" alt=\"\" class=\"wp-image-2544 size-full\" srcset=\"https:\/\/www.avenue-literie.com\/blog\/wp-content\/uploads\/2023\/01\/CatalogueProspect-AL-HIVER2023-FINALvecto8-725x1024.png 725w, https:\/\/www.avenue-literie.com\/blog\/wp-content\/uploads\/2023\/01\/CatalogueProspect-AL-HIVER2023-FINALvecto8-212x300.png 212w, https:\/\/www.avenue-literie.com\/blog\/wp-content\/uploads\/2023\/01\/CatalogueProspect-AL-HIVER2023-FINALvecto8-768x1084.png 768w, https:\/\/www.avenue-literie.com\/blog\/wp-content\/uploads\/2023\/01\/CatalogueProspect-AL-HIVER2023-FINALvecto8-1088x1536.png 1088w, https:\/\/www.avenue-literie.com\/blog\/wp-content\/uploads\/2023\/01\/CatalogueProspect-AL-HIVER2023-FINALvecto8-1451x2048.png 1451w, https:\/\/www.avenue-literie.com\/blog\/wp-content\/uploads\/2023\/01\/CatalogueProspect-AL-HIVER2023-FINALvecto8.png 2008w\" sizes=\"(max-width: 725px) 100vw, 725px\" \/><\/figure><\/div>\n\n\n\n<div style=\"height:100px\" aria-hidden=\"true\" class=\"wp-block-spacer\"><\/div>\n\n\n\n<p class=\"has-text-align-center has-black-color has-text-color\" style=\"font-size:25px\"><strong>Tous nos produits sont \u00e0 retrouver sur notre site <a href=\"https:\/\/www.avenue-literie.com\/\">avenue-literie.com<\/a> ou en magasin<\/strong>.<\/p>\n\n\n\n<div style=\"height:25px\" aria-hidden=\"true\" class=\"wp-block-spacer\"><\/div>\n\n\n\n<div class=\"wp-block-buttons is-content-justification-center is-layout-flex wp-container-core-buttons-is-layout-16018d1d wp-block-buttons-is-layout-flex\">\n<div class=\"wp-block-button is-style-fill\"><a class=\"wp-block-button__link has-luminous-vivid-amber-background-color has-background wp-element-button\" href=\"https:\/\/www.avenue-literie.com\/\">AvenueLiterie.com<\/a><\/div>\n<\/div>\n\n\n\n<div style=\"height:100px\" aria-hidden=\"true\" class=\"wp-block-spacer\"><\/div>\n\n\n\n<div class=\"wp-block-columns is-layout-flex wp-container-core-columns-is-layout-9d6595d7 wp-block-columns-is-layout-flex\">\n<div class=\"wp-block-column is-vertically-aligned-center is-layout-flow wp-block-column-is-layout-flow\">\n<iframe src=\"https:\/\/www.google.com\/maps\/embed?pb=!1m18!1m12!1m3!1d2232.6815845646047!2d4.05459414503307!3d48.28129131700338!2m3!1f0!2f0!3f0!3m2!1i1024!2i768!4f13.1!3m3!1m2!1s0x0%3A0x86482623eaf6498f!2sAvenueLiterie.com!5e0!3m2!1sfr!2sfr!4v1672761988325!5m2!1sfr!2sfr\" width=\"600\" height=\"450\" style=\"border:0;\" allowfullscreen=\"\" loading=\"lazy\" referrerpolicy=\"no-referrer-when-downgrade\"><\/iframe>\n<\/div>\n<\/div>\n","protected":false},"excerpt":{"rendered":"<p>Tous nos produits sont \u00e0 retrouver sur notre site avenue-literie.com ou en magasin.<\/p>\n","protected":false},"author":2,"featured_media":3026,"comment_status":"closed","ping_status":"closed","sticky":true,"template":"","format":"standard","meta":{"footnotes":""},"categories":[1],"tags":[173,109,117,91,93,90,154,84,549,547,552,548,550,551,107],"class_list":["post-2521","post","type-post","status-publish","format-standard","has-post-thumbnail","hentry","category-actualites-literie","tag-avenue-literie","tag-france-literie","tag-linge-de-lit","tag-lit-2-personnes","tag-lit-adulte","tag-lit-king-size","tag-literie-france","tag-matelas","tag-promotionliterie","tag-solde","tag-solde-couette","tag-solde-hiver","tag-soldelit","tag-soldematelas","tag-sommier-et-matelas"],"yoast_head":"<!-- This site is optimized with the Yoast SEO plugin v27.4 - https:\/\/yoast.com\/product\/yoast-seo-wordpress\/ -->\n<title>Solde hiver 2023, le meilleur confort \u00e0 prix r\u00e9duit ! - Le Blog Avenue Literie<\/title>\n<meta name=\"description\" content=\"D\u00e9couvrez les soldes d&#039;hiver 2023 de chez Avenue Literie, des soldes sous le signe du confort \u00e0 petit prix !\" \/>\n<meta name=\"robots\" content=\"index, follow, max-snippet:-1, max-image-preview:large, max-video-preview:-1\" \/>\n<link rel=\"canonical\" href=\"https:\/\/www.avenue-literie.com\/blog\/2023\/01\/10\/solde-hiver-2023-confort-a-prix-reduit\/\" \/>\n<meta property=\"og:locale\" content=\"fr_FR\" \/>\n<meta property=\"og:type\" content=\"article\" \/>\n<meta property=\"og:title\" content=\"Solde hiver 2023, le meilleur confort \u00e0 prix r\u00e9duit ! - Le Blog Avenue Literie\" \/>\n<meta property=\"og:description\" content=\"D\u00e9couvrez les soldes d&#039;hiver 2023 de chez Avenue Literie, des soldes sous le signe du confort \u00e0 petit prix !\" \/>\n<meta property=\"og:url\" content=\"https:\/\/www.avenue-literie.com\/blog\/2023\/01\/10\/solde-hiver-2023-confort-a-prix-reduit\/\" \/>\n<meta property=\"og:site_name\" content=\"Le Blog Avenue Literie\" \/>\n<meta property=\"article:publisher\" content=\"https:\/\/www.facebook.com\/AvenueLiterieTroyes\/\" \/>\n<meta property=\"article:published_time\" content=\"2023-01-10T16:20:03+00:00\" \/>\n<meta property=\"article:modified_time\" content=\"2023-01-26T07:15:07+00:00\" \/>\n<meta property=\"og:image\" content=\"https:\/\/www.avenue-literie.com\/blog\/wp-content\/uploads\/2023\/01\/Encart-solde-hiver-2023-400-\u00d7-300-px.png\" \/>\n\t<meta property=\"og:image:width\" content=\"400\" \/>\n\t<meta property=\"og:image:height\" content=\"300\" \/>\n\t<meta property=\"og:image:type\" content=\"image\/png\" \/>\n<meta name=\"author\" content=\"J\u00e9r\u00f4me\" \/>\n<meta name=\"twitter:card\" content=\"summary_large_image\" \/>\n<meta name=\"twitter:creator\" content=\"@avenue_literie\" \/>\n<meta name=\"twitter:site\" content=\"@avenue_literie\" \/>\n<meta name=\"twitter:label1\" content=\"\u00c9crit par\" \/>\n\t<meta name=\"twitter:data1\" content=\"J\u00e9r\u00f4me\" \/>\n\t<meta name=\"twitter:label2\" content=\"Dur\u00e9e de lecture estim\u00e9e\" \/>\n\t<meta name=\"twitter:data2\" content=\"2 minutes\" \/>\n<script type=\"application\/ld+json\" class=\"yoast-schema-graph\">{\"@context\":\"https:\\\/\\\/schema.org\",\"@graph\":[{\"@type\":\"Article\",\"@id\":\"https:\\\/\\\/www.avenue-literie.com\\\/blog\\\/2023\\\/01\\\/10\\\/solde-hiver-2023-confort-a-prix-reduit\\\/#article\",\"isPartOf\":{\"@id\":\"https:\\\/\\\/www.avenue-literie.com\\\/blog\\\/2023\\\/01\\\/10\\\/solde-hiver-2023-confort-a-prix-reduit\\\/\"},\"author\":{\"name\":\"J\u00e9r\u00f4me\",\"@id\":\"https:\\\/\\\/www.avenue-literie.com\\\/blog\\\/#\\\/schema\\\/person\\\/add6301bb28276c53d992ec5ef2f17ae\"},\"headline\":\"Solde hiver 2023, le meilleur confort \u00e0 prix r\u00e9duit !\",\"datePublished\":\"2023-01-10T16:20:03+00:00\",\"dateModified\":\"2023-01-26T07:15:07+00:00\",\"mainEntityOfPage\":{\"@id\":\"https:\\\/\\\/www.avenue-literie.com\\\/blog\\\/2023\\\/01\\\/10\\\/solde-hiver-2023-confort-a-prix-reduit\\\/\"},\"wordCount\":407,\"publisher\":{\"@id\":\"https:\\\/\\\/www.avenue-literie.com\\\/blog\\\/#organization\"},\"image\":{\"@id\":\"https:\\\/\\\/www.avenue-literie.com\\\/blog\\\/2023\\\/01\\\/10\\\/solde-hiver-2023-confort-a-prix-reduit\\\/#primaryimage\"},\"thumbnailUrl\":\"https:\\\/\\\/www.avenue-literie.com\\\/blog\\\/wp-content\\\/uploads\\\/2023\\\/01\\\/Encart-solde-hiver-2023-400-\u00d7-300-px.png\",\"keywords\":[\"Avenue literie\",\"France Literie\",\"Linge de lit\",\"Lit 2 personnes\",\"Lit Adulte\",\"Lit King Size\",\"Literie France\",\"Matelas\",\"promotionliterie\",\"solde\",\"solde couette\",\"solde hiver\",\"soldelit\",\"soldematelas\",\"Sommier et matelas\"],\"articleSection\":[\"Actualit\u00e9s\"],\"inLanguage\":\"fr-FR\"},{\"@type\":\"WebPage\",\"@id\":\"https:\\\/\\\/www.avenue-literie.com\\\/blog\\\/2023\\\/01\\\/10\\\/solde-hiver-2023-confort-a-prix-reduit\\\/\",\"url\":\"https:\\\/\\\/www.avenue-literie.com\\\/blog\\\/2023\\\/01\\\/10\\\/solde-hiver-2023-confort-a-prix-reduit\\\/\",\"name\":\"Solde hiver 2023, le meilleur confort \u00e0 prix r\u00e9duit ! - Le Blog Avenue Literie\",\"isPartOf\":{\"@id\":\"https:\\\/\\\/www.avenue-literie.com\\\/blog\\\/#website\"},\"primaryImageOfPage\":{\"@id\":\"https:\\\/\\\/www.avenue-literie.com\\\/blog\\\/2023\\\/01\\\/10\\\/solde-hiver-2023-confort-a-prix-reduit\\\/#primaryimage\"},\"image\":{\"@id\":\"https:\\\/\\\/www.avenue-literie.com\\\/blog\\\/2023\\\/01\\\/10\\\/solde-hiver-2023-confort-a-prix-reduit\\\/#primaryimage\"},\"thumbnailUrl\":\"https:\\\/\\\/www.avenue-literie.com\\\/blog\\\/wp-content\\\/uploads\\\/2023\\\/01\\\/Encart-solde-hiver-2023-400-\u00d7-300-px.png\",\"datePublished\":\"2023-01-10T16:20:03+00:00\",\"dateModified\":\"2023-01-26T07:15:07+00:00\",\"description\":\"D\u00e9couvrez les soldes d'hiver 2023 de chez Avenue Literie, des soldes sous le signe du confort \u00e0 petit prix !\",\"breadcrumb\":{\"@id\":\"https:\\\/\\\/www.avenue-literie.com\\\/blog\\\/2023\\\/01\\\/10\\\/solde-hiver-2023-confort-a-prix-reduit\\\/#breadcrumb\"},\"inLanguage\":\"fr-FR\",\"potentialAction\":[{\"@type\":\"ReadAction\",\"target\":[\"https:\\\/\\\/www.avenue-literie.com\\\/blog\\\/2023\\\/01\\\/10\\\/solde-hiver-2023-confort-a-prix-reduit\\\/\"]}]},{\"@type\":\"ImageObject\",\"inLanguage\":\"fr-FR\",\"@id\":\"https:\\\/\\\/www.avenue-literie.com\\\/blog\\\/2023\\\/01\\\/10\\\/solde-hiver-2023-confort-a-prix-reduit\\\/#primaryimage\",\"url\":\"https:\\\/\\\/www.avenue-literie.com\\\/blog\\\/wp-content\\\/uploads\\\/2023\\\/01\\\/Encart-solde-hiver-2023-400-\u00d7-300-px.png\",\"contentUrl\":\"https:\\\/\\\/www.avenue-literie.com\\\/blog\\\/wp-content\\\/uploads\\\/2023\\\/01\\\/Encart-solde-hiver-2023-400-\u00d7-300-px.png\",\"width\":400,\"height\":300},{\"@type\":\"BreadcrumbList\",\"@id\":\"https:\\\/\\\/www.avenue-literie.com\\\/blog\\\/2023\\\/01\\\/10\\\/solde-hiver-2023-confort-a-prix-reduit\\\/#breadcrumb\",\"itemListElement\":[{\"@type\":\"ListItem\",\"position\":1,\"name\":\"Home\",\"item\":\"https:\\\/\\\/www.avenue-literie.com\\\/blog\\\/\"},{\"@type\":\"ListItem\",\"position\":2,\"name\":\"Actualit\u00e9s\",\"item\":\"https:\\\/\\\/www.avenue-literie.com\\\/blog\\\/category\\\/actualites-literie\\\/\"},{\"@type\":\"ListItem\",\"position\":3,\"name\":\"Solde hiver 2023, le meilleur confort \u00e0 prix r\u00e9duit !\"}]},{\"@type\":\"WebSite\",\"@id\":\"https:\\\/\\\/www.avenue-literie.com\\\/blog\\\/#website\",\"url\":\"https:\\\/\\\/www.avenue-literie.com\\\/blog\\\/\",\"name\":\"Le Blog Avenue Literie\",\"description\":\"Le blog du conseil en literie\",\"publisher\":{\"@id\":\"https:\\\/\\\/www.avenue-literie.com\\\/blog\\\/#organization\"},\"potentialAction\":[{\"@type\":\"SearchAction\",\"target\":{\"@type\":\"EntryPoint\",\"urlTemplate\":\"https:\\\/\\\/www.avenue-literie.com\\\/blog\\\/?s={search_term_string}\"},\"query-input\":{\"@type\":\"PropertyValueSpecification\",\"valueRequired\":true,\"valueName\":\"search_term_string\"}}],\"inLanguage\":\"fr-FR\"},{\"@type\":\"Organization\",\"@id\":\"https:\\\/\\\/www.avenue-literie.com\\\/blog\\\/#organization\",\"name\":\"Le blog Avenue Literie\",\"alternateName\":\"Le blog Avenue Literie\",\"url\":\"https:\\\/\\\/www.avenue-literie.com\\\/blog\\\/\",\"logo\":{\"@type\":\"ImageObject\",\"inLanguage\":\"fr-FR\",\"@id\":\"https:\\\/\\\/www.avenue-literie.com\\\/blog\\\/#\\\/schema\\\/logo\\\/image\\\/\",\"url\":\"https:\\\/\\\/www.avenue-literie.com\\\/blog\\\/wp-content\\\/uploads\\\/2022\\\/04\\\/cropped-Gros-logo-avenue-literie-sans-arriere-fond-blanc.png\",\"contentUrl\":\"https:\\\/\\\/www.avenue-literie.com\\\/blog\\\/wp-content\\\/uploads\\\/2022\\\/04\\\/cropped-Gros-logo-avenue-literie-sans-arriere-fond-blanc.png\",\"width\":1479,\"height\":250,\"caption\":\"Le blog Avenue Literie\"},\"image\":{\"@id\":\"https:\\\/\\\/www.avenue-literie.com\\\/blog\\\/#\\\/schema\\\/logo\\\/image\\\/\"},\"sameAs\":[\"https:\\\/\\\/www.facebook.com\\\/AvenueLiterieTroyes\\\/\",\"https:\\\/\\\/x.com\\\/avenue_literie\",\"https:\\\/\\\/www.instagram.com\\\/avenueliterie\\\/\",\"https:\\\/\\\/www.pinterest.fr\\\/avenueliterie\\\/\"]},{\"@type\":\"Person\",\"@id\":\"https:\\\/\\\/www.avenue-literie.com\\\/blog\\\/#\\\/schema\\\/person\\\/add6301bb28276c53d992ec5ef2f17ae\",\"name\":\"J\u00e9r\u00f4me\",\"image\":{\"@type\":\"ImageObject\",\"inLanguage\":\"fr-FR\",\"@id\":\"https:\\\/\\\/secure.gravatar.com\\\/avatar\\\/2e39bb7b624068c575f434373fc1440c1bd421d6e1bdd21a14a529cbff8f1fed?s=96&d=mm&r=g\",\"url\":\"https:\\\/\\\/secure.gravatar.com\\\/avatar\\\/2e39bb7b624068c575f434373fc1440c1bd421d6e1bdd21a14a529cbff8f1fed?s=96&d=mm&r=g\",\"contentUrl\":\"https:\\\/\\\/secure.gravatar.com\\\/avatar\\\/2e39bb7b624068c575f434373fc1440c1bd421d6e1bdd21a14a529cbff8f1fed?s=96&d=mm&r=g\",\"caption\":\"J\u00e9r\u00f4me\"},\"url\":\"https:\\\/\\\/www.avenue-literie.com\\\/blog\\\/author\\\/jerome\\\/\"}]}<\/script>\n<!-- \/ Yoast SEO plugin. -->","yoast_head_json":{"title":"Solde hiver 2023, le meilleur confort \u00e0 prix r\u00e9duit ! - Le Blog Avenue Literie","description":"D\u00e9couvrez les soldes d'hiver 2023 de chez Avenue Literie, des soldes sous le signe du confort \u00e0 petit prix !","robots":{"index":"index","follow":"follow","max-snippet":"max-snippet:-1","max-image-preview":"max-image-preview:large","max-video-preview":"max-video-preview:-1"},"canonical":"https:\/\/www.avenue-literie.com\/blog\/2023\/01\/10\/solde-hiver-2023-confort-a-prix-reduit\/","og_locale":"fr_FR","og_type":"article","og_title":"Solde hiver 2023, le meilleur confort \u00e0 prix r\u00e9duit ! - Le Blog Avenue Literie","og_description":"D\u00e9couvrez les soldes d'hiver 2023 de chez Avenue Literie, des soldes sous le signe du confort \u00e0 petit prix !","og_url":"https:\/\/www.avenue-literie.com\/blog\/2023\/01\/10\/solde-hiver-2023-confort-a-prix-reduit\/","og_site_name":"Le Blog Avenue Literie","article_publisher":"https:\/\/www.facebook.com\/AvenueLiterieTroyes\/","article_published_time":"2023-01-10T16:20:03+00:00","article_modified_time":"2023-01-26T07:15:07+00:00","og_image":[{"width":400,"height":300,"url":"https:\/\/www.avenue-literie.com\/blog\/wp-content\/uploads\/2023\/01\/Encart-solde-hiver-2023-400-\u00d7-300-px.png","type":"image\/png"}],"author":"J\u00e9r\u00f4me","twitter_card":"summary_large_image","twitter_creator":"@avenue_literie","twitter_site":"@avenue_literie","twitter_misc":{"\u00c9crit par":"J\u00e9r\u00f4me","Dur\u00e9e de lecture estim\u00e9e":"2 minutes"},"schema":{"@context":"https:\/\/schema.org","@graph":[{"@type":"Article","@id":"https:\/\/www.avenue-literie.com\/blog\/2023\/01\/10\/solde-hiver-2023-confort-a-prix-reduit\/#article","isPartOf":{"@id":"https:\/\/www.avenue-literie.com\/blog\/2023\/01\/10\/solde-hiver-2023-confort-a-prix-reduit\/"},"author":{"name":"J\u00e9r\u00f4me","@id":"https:\/\/www.avenue-literie.com\/blog\/#\/schema\/person\/add6301bb28276c53d992ec5ef2f17ae"},"headline":"Solde hiver 2023, le meilleur confort \u00e0 prix r\u00e9duit !","datePublished":"2023-01-10T16:20:03+00:00","dateModified":"2023-01-26T07:15:07+00:00","mainEntityOfPage":{"@id":"https:\/\/www.avenue-literie.com\/blog\/2023\/01\/10\/solde-hiver-2023-confort-a-prix-reduit\/"},"wordCount":407,"publisher":{"@id":"https:\/\/www.avenue-literie.com\/blog\/#organization"},"image":{"@id":"https:\/\/www.avenue-literie.com\/blog\/2023\/01\/10\/solde-hiver-2023-confort-a-prix-reduit\/#primaryimage"},"thumbnailUrl":"https:\/\/www.avenue-literie.com\/blog\/wp-content\/uploads\/2023\/01\/Encart-solde-hiver-2023-400-\u00d7-300-px.png","keywords":["Avenue literie","France Literie","Linge de lit","Lit 2 personnes","Lit Adulte","Lit King Size","Literie France","Matelas","promotionliterie","solde","solde couette","solde hiver","soldelit","soldematelas","Sommier et matelas"],"articleSection":["Actualit\u00e9s"],"inLanguage":"fr-FR"},{"@type":"WebPage","@id":"https:\/\/www.avenue-literie.com\/blog\/2023\/01\/10\/solde-hiver-2023-confort-a-prix-reduit\/","url":"https:\/\/www.avenue-literie.com\/blog\/2023\/01\/10\/solde-hiver-2023-confort-a-prix-reduit\/","name":"Solde hiver 2023, le meilleur confort \u00e0 prix r\u00e9duit ! - Le Blog Avenue Literie","isPartOf":{"@id":"https:\/\/www.avenue-literie.com\/blog\/#website"},"primaryImageOfPage":{"@id":"https:\/\/www.avenue-literie.com\/blog\/2023\/01\/10\/solde-hiver-2023-confort-a-prix-reduit\/#primaryimage"},"image":{"@id":"https:\/\/www.avenue-literie.com\/blog\/2023\/01\/10\/solde-hiver-2023-confort-a-prix-reduit\/#primaryimage"},"thumbnailUrl":"https:\/\/www.avenue-literie.com\/blog\/wp-content\/uploads\/2023\/01\/Encart-solde-hiver-2023-400-\u00d7-300-px.png","datePublished":"2023-01-10T16:20:03+00:00","dateModified":"2023-01-26T07:15:07+00:00","description":"D\u00e9couvrez les soldes d'hiver 2023 de chez Avenue Literie, des soldes sous le signe du confort \u00e0 petit prix !","breadcrumb":{"@id":"https:\/\/www.avenue-literie.com\/blog\/2023\/01\/10\/solde-hiver-2023-confort-a-prix-reduit\/#breadcrumb"},"inLanguage":"fr-FR","potentialAction":[{"@type":"ReadAction","target":["https:\/\/www.avenue-literie.com\/blog\/2023\/01\/10\/solde-hiver-2023-confort-a-prix-reduit\/"]}]},{"@type":"ImageObject","inLanguage":"fr-FR","@id":"https:\/\/www.avenue-literie.com\/blog\/2023\/01\/10\/solde-hiver-2023-confort-a-prix-reduit\/#primaryimage","url":"https:\/\/www.avenue-literie.com\/blog\/wp-content\/uploads\/2023\/01\/Encart-solde-hiver-2023-400-\u00d7-300-px.png","contentUrl":"https:\/\/www.avenue-literie.com\/blog\/wp-content\/uploads\/2023\/01\/Encart-solde-hiver-2023-400-\u00d7-300-px.png","width":400,"height":300},{"@type":"BreadcrumbList","@id":"https:\/\/www.avenue-literie.com\/blog\/2023\/01\/10\/solde-hiver-2023-confort-a-prix-reduit\/#breadcrumb","itemListElement":[{"@type":"ListItem","position":1,"name":"Home","item":"https:\/\/www.avenue-literie.com\/blog\/"},{"@type":"ListItem","position":2,"name":"Actualit\u00e9s","item":"https:\/\/www.avenue-literie.com\/blog\/category\/actualites-literie\/"},{"@type":"ListItem","position":3,"name":"Solde hiver 2023, le meilleur confort \u00e0 prix r\u00e9duit !"}]},{"@type":"WebSite","@id":"https:\/\/www.avenue-literie.com\/blog\/#website","url":"https:\/\/www.avenue-literie.com\/blog\/","name":"Le Blog Avenue Literie","description":"Le blog du conseil en literie","publisher":{"@id":"https:\/\/www.avenue-literie.com\/blog\/#organization"},"potentialAction":[{"@type":"SearchAction","target":{"@type":"EntryPoint","urlTemplate":"https:\/\/www.avenue-literie.com\/blog\/?s={search_term_string}"},"query-input":{"@type":"PropertyValueSpecification","valueRequired":true,"valueName":"search_term_string"}}],"inLanguage":"fr-FR"},{"@type":"Organization","@id":"https:\/\/www.avenue-literie.com\/blog\/#organization","name":"Le blog Avenue Literie","alternateName":"Le blog Avenue Literie","url":"https:\/\/www.avenue-literie.com\/blog\/","logo":{"@type":"ImageObject","inLanguage":"fr-FR","@id":"https:\/\/www.avenue-literie.com\/blog\/#\/schema\/logo\/image\/","url":"https:\/\/www.avenue-literie.com\/blog\/wp-content\/uploads\/2022\/04\/cropped-Gros-logo-avenue-literie-sans-arriere-fond-blanc.png","contentUrl":"https:\/\/www.avenue-literie.com\/blog\/wp-content\/uploads\/2022\/04\/cropped-Gros-logo-avenue-literie-sans-arriere-fond-blanc.png","width":1479,"height":250,"caption":"Le blog Avenue Literie"},"image":{"@id":"https:\/\/www.avenue-literie.com\/blog\/#\/schema\/logo\/image\/"},"sameAs":["https:\/\/www.facebook.com\/AvenueLiterieTroyes\/","https:\/\/x.com\/avenue_literie","https:\/\/www.instagram.com\/avenueliterie\/","https:\/\/www.pinterest.fr\/avenueliterie\/"]},{"@type":"Person","@id":"https:\/\/www.avenue-literie.com\/blog\/#\/schema\/person\/add6301bb28276c53d992ec5ef2f17ae","name":"J\u00e9r\u00f4me","image":{"@type":"ImageObject","inLanguage":"fr-FR","@id":"https:\/\/secure.gravatar.com\/avatar\/2e39bb7b624068c575f434373fc1440c1bd421d6e1bdd21a14a529cbff8f1fed?s=96&d=mm&r=g","url":"https:\/\/secure.gravatar.com\/avatar\/2e39bb7b624068c575f434373fc1440c1bd421d6e1bdd21a14a529cbff8f1fed?s=96&d=mm&r=g","contentUrl":"https:\/\/secure.gravatar.com\/avatar\/2e39bb7b624068c575f434373fc1440c1bd421d6e1bdd21a14a529cbff8f1fed?s=96&d=mm&r=g","caption":"J\u00e9r\u00f4me"},"url":"https:\/\/www.avenue-literie.com\/blog\/author\/jerome\/"}]}},"_links":{"self":[{"href":"https:\/\/www.avenue-literie.com\/blog\/wp-json\/wp\/v2\/posts\/2521","targetHints":{"allow":["GET"]}}],"collection":[{"href":"https:\/\/www.avenue-literie.com\/blog\/wp-json\/wp\/v2\/posts"}],"about":[{"href":"https:\/\/www.avenue-literie.com\/blog\/wp-json\/wp\/v2\/types\/post"}],"author":[{"embeddable":true,"href":"https:\/\/www.avenue-literie.com\/blog\/wp-json\/wp\/v2\/users\/2"}],"replies":[{"embeddable":true,"href":"https:\/\/www.avenue-literie.com\/blog\/wp-json\/wp\/v2\/comments?post=2521"}],"version-history":[{"count":54,"href":"https:\/\/www.avenue-literie.com\/blog\/wp-json\/wp\/v2\/posts\/2521\/revisions"}],"predecessor-version":[{"id":2748,"href":"https:\/\/www.avenue-literie.com\/blog\/wp-json\/wp\/v2\/posts\/2521\/revisions\/2748"}],"wp:featuredmedia":[{"embeddable":true,"href":"https:\/\/www.avenue-literie.com\/blog\/wp-json\/wp\/v2\/media\/3026"}],"wp:attachment":[{"href":"https:\/\/www.avenue-literie.com\/blog\/wp-json\/wp\/v2\/media?parent=2521"}],"wp:term":[{"taxonomy":"category","embeddable":true,"href":"https:\/\/www.avenue-literie.com\/blog\/wp-json\/wp\/v2\/categories?post=2521"},{"taxonomy":"post_tag","embeddable":true,"href":"https:\/\/www.avenue-literie.com\/blog\/wp-json\/wp\/v2\/tags?post=2521"}],"curies":[{"name":"wp","href":"https:\/\/api.w.org\/{rel}","templated":true}]}}