{"id":269,"date":"2018-10-30T19:53:20","date_gmt":"2018-10-30T19:53:20","guid":{"rendered":"https:\/\/www.avenue-literie.com\/wp\/?p=269"},"modified":"2019-10-01T12:15:45","modified_gmt":"2019-10-01T12:15:45","slug":"pack-cerisier-epeda-show-room-literie-troyes","status":"publish","type":"post","link":"https:\/\/www.avenue-literie.com\/blog\/2018\/10\/30\/pack-cerisier-epeda-show-room-literie-troyes\/","title":{"rendered":"Pack Cerisier Epeda show room literie troyes"},"content":{"rendered":"<h1><strong>Venez d\u00e9couvrir notre<\/strong><\/h1>\n<h1><strong> \u00ab\u00a0Pack literie Epeda Cerisier \u00ab\u00a0<\/strong><\/h1>\n<p><!--more--><\/p>\n<p><img decoding=\"async\" class=\"alignnone size-full wp-image-266\" src=\"https:\/\/www.avenue-literie.com\/wp\/wp-content\/uploads\/2018\/10\/vignette_offre_cerisier_epeda.jpg\" alt=\"\" width=\"400\" height=\"346\" srcset=\"https:\/\/www.avenue-literie.com\/blog\/wp-content\/uploads\/2018\/10\/vignette_offre_cerisier_epeda.jpg 400w, https:\/\/www.avenue-literie.com\/blog\/wp-content\/uploads\/2018\/10\/vignette_offre_cerisier_epeda-300x260.jpg 300w\" sizes=\"(max-width: 400px) 100vw, 400px\" \/><\/p>\n<p>Matelas Epeda Cerisier avec m\u00e9moire de forme et ressorts Multi-air et sommier assortis ou d\u00e9co\u00a0<img decoding=\"async\" class=\"wp-image-264 aligncenter\" src=\"https:\/\/www.avenue-literie.com\/wp\/wp-content\/uploads\/2018\/10\/color_cerisier_epeda.jpg\" alt=\"\" width=\"246\" height=\"73\" \/><\/p>\n<p>Offre Satisfait \u00e9chang\u00e9<\/p>\n<p>Une \u00e9dition limit\u00e9e incroyable avec ce confort unique, Origines Epeda<\/p>\n<p><img decoding=\"async\" class=\"alignnone size-full wp-image-265\" src=\"https:\/\/www.avenue-literie.com\/wp\/wp-content\/uploads\/2018\/10\/legende_cerisier-epeda.jpg\" alt=\"\" width=\"900\" height=\"325\" srcset=\"https:\/\/www.avenue-literie.com\/blog\/wp-content\/uploads\/2018\/10\/legende_cerisier-epeda.jpg 900w, https:\/\/www.avenue-literie.com\/blog\/wp-content\/uploads\/2018\/10\/legende_cerisier-epeda-300x108.jpg 300w, https:\/\/www.avenue-literie.com\/blog\/wp-content\/uploads\/2018\/10\/legende_cerisier-epeda-768x277.jpg 768w\" sizes=\"(max-width: 767px) 89vw, (max-width: 1000px) 54vw, (max-width: 1071px) 543px, 580px\" \/><\/p>\n<p><a href=\"https:\/\/www.avenue-literie.com\/magasin-showroom_avenue-literie_troyes.html\">Avenue Literie Troyes\u00a0 Centre Commercial Carrefour Saint Andr\u00e9 Les Vergers Aube Troyes Champagne Metropole\u00a0 Champagne Grand Est\u00a0<\/a><\/p>\n<p>&nbsp;<\/p>\n<p>&nbsp;<\/p>\n","protected":false},"excerpt":{"rendered":"<p>Venez d\u00e9couvrir notre \u00ab\u00a0Pack literie Epeda Cerisier \u00ab\u00a0<\/p>\n","protected":false},"author":2,"featured_media":268,"comment_status":"closed","ping_status":"closed","sticky":false,"template":"","format":"standard","meta":{"footnotes":""},"categories":[1],"tags":[105,9,109,91,93,102,92,90,108,106,29,107,83],"class_list":["post-269","post","type-post","status-publish","format-standard","has-post-thumbnail","hentry","category-actualites-literie","tag-epeda","tag-epeda-dedicace","tag-france-literie","tag-lit-2-personnes","tag-lit-adulte","tag-lit-design","tag-lit-double","tag-lit-king-size","tag-literie-paris","tag-matelas-epeda","tag-octobre-2018-pack-literie-cerisier","tag-sommier-et-matelas","tag-tete-de-lit"],"yoast_head":"<!-- This site is optimized with the Yoast SEO plugin v27.4 - https:\/\/yoast.com\/product\/yoast-seo-wordpress\/ -->\n<title>Pack Cerisier Epeda show room literie troyes - Le Blog Avenue Literie<\/title>\n<meta name=\"robots\" content=\"index, follow, max-snippet:-1, max-image-preview:large, max-video-preview:-1\" \/>\n<link rel=\"canonical\" href=\"https:\/\/www.avenue-literie.com\/blog\/2018\/10\/30\/pack-cerisier-epeda-show-room-literie-troyes\/\" \/>\n<meta property=\"og:locale\" content=\"fr_FR\" \/>\n<meta property=\"og:type\" content=\"article\" \/>\n<meta property=\"og:title\" content=\"Pack Cerisier Epeda show room literie troyes - Le Blog Avenue Literie\" \/>\n<meta property=\"og:description\" content=\"Venez d\u00e9couvrir notre \u00ab\u00a0Pack literie Epeda Cerisier \u00ab\u00a0\" \/>\n<meta property=\"og:url\" content=\"https:\/\/www.avenue-literie.com\/blog\/2018\/10\/30\/pack-cerisier-epeda-show-room-literie-troyes\/\" \/>\n<meta property=\"og:site_name\" content=\"Le Blog Avenue Literie\" \/>\n<meta property=\"article:publisher\" content=\"https:\/\/www.facebook.com\/AvenueLiterieTroyes\/\" \/>\n<meta property=\"article:published_time\" content=\"2018-10-30T19:53:20+00:00\" \/>\n<meta property=\"article:modified_time\" content=\"2019-10-01T12:15:45+00:00\" \/>\n<meta property=\"og:image\" content=\"https:\/\/www.avenue-literie.com\/blog\/wp-content\/uploads\/2018\/10\/LOGO-EPEDA-300dpi.jpg\" \/>\n\t<meta property=\"og:image:width\" content=\"1181\" \/>\n\t<meta property=\"og:image:height\" content=\"1181\" \/>\n\t<meta property=\"og:image:type\" content=\"image\/jpeg\" \/>\n<meta name=\"author\" content=\"J\u00e9r\u00f4me\" \/>\n<meta name=\"twitter:card\" content=\"summary_large_image\" \/>\n<meta name=\"twitter:creator\" content=\"@avenue_literie\" \/>\n<meta name=\"twitter:site\" content=\"@avenue_literie\" \/>\n<meta name=\"twitter:label1\" content=\"\u00c9crit par\" \/>\n\t<meta name=\"twitter:data1\" content=\"J\u00e9r\u00f4me\" \/>\n<script type=\"application\/ld+json\" class=\"yoast-schema-graph\">{\"@context\":\"https:\\\/\\\/schema.org\",\"@graph\":[{\"@type\":\"Article\",\"@id\":\"https:\\\/\\\/www.avenue-literie.com\\\/blog\\\/2018\\\/10\\\/30\\\/pack-cerisier-epeda-show-room-literie-troyes\\\/#article\",\"isPartOf\":{\"@id\":\"https:\\\/\\\/www.avenue-literie.com\\\/blog\\\/2018\\\/10\\\/30\\\/pack-cerisier-epeda-show-room-literie-troyes\\\/\"},\"author\":{\"name\":\"J\u00e9r\u00f4me\",\"@id\":\"https:\\\/\\\/www.avenue-literie.com\\\/blog\\\/#\\\/schema\\\/person\\\/add6301bb28276c53d992ec5ef2f17ae\"},\"headline\":\"Pack Cerisier Epeda show room literie troyes\",\"datePublished\":\"2018-10-30T19:53:20+00:00\",\"dateModified\":\"2019-10-01T12:15:45+00:00\",\"mainEntityOfPage\":{\"@id\":\"https:\\\/\\\/www.avenue-literie.com\\\/blog\\\/2018\\\/10\\\/30\\\/pack-cerisier-epeda-show-room-literie-troyes\\\/\"},\"wordCount\":65,\"publisher\":{\"@id\":\"https:\\\/\\\/www.avenue-literie.com\\\/blog\\\/#organization\"},\"image\":{\"@id\":\"https:\\\/\\\/www.avenue-literie.com\\\/blog\\\/2018\\\/10\\\/30\\\/pack-cerisier-epeda-show-room-literie-troyes\\\/#primaryimage\"},\"thumbnailUrl\":\"https:\\\/\\\/www.avenue-literie.com\\\/blog\\\/wp-content\\\/uploads\\\/2018\\\/10\\\/LOGO-EPEDA-300dpi.jpg\",\"keywords\":[\"Epeda\",\"Epeda D\u00e9dicace\",\"France Literie\",\"Lit 2 personnes\",\"Lit Adulte\",\"Lit Design\",\"Lit double\",\"Lit King Size\",\"Literie Paris\",\"Matelas Epeda\",\"Octobre 2018 Pack literie Cerisier\",\"Sommier et matelas\",\"T\u00eate de lit\"],\"articleSection\":[\"Actualit\u00e9s\"],\"inLanguage\":\"fr-FR\"},{\"@type\":\"WebPage\",\"@id\":\"https:\\\/\\\/www.avenue-literie.com\\\/blog\\\/2018\\\/10\\\/30\\\/pack-cerisier-epeda-show-room-literie-troyes\\\/\",\"url\":\"https:\\\/\\\/www.avenue-literie.com\\\/blog\\\/2018\\\/10\\\/30\\\/pack-cerisier-epeda-show-room-literie-troyes\\\/\",\"name\":\"Pack Cerisier Epeda show room literie troyes - Le Blog Avenue Literie\",\"isPartOf\":{\"@id\":\"https:\\\/\\\/www.avenue-literie.com\\\/blog\\\/#website\"},\"primaryImageOfPage\":{\"@id\":\"https:\\\/\\\/www.avenue-literie.com\\\/blog\\\/2018\\\/10\\\/30\\\/pack-cerisier-epeda-show-room-literie-troyes\\\/#primaryimage\"},\"image\":{\"@id\":\"https:\\\/\\\/www.avenue-literie.com\\\/blog\\\/2018\\\/10\\\/30\\\/pack-cerisier-epeda-show-room-literie-troyes\\\/#primaryimage\"},\"thumbnailUrl\":\"https:\\\/\\\/www.avenue-literie.com\\\/blog\\\/wp-content\\\/uploads\\\/2018\\\/10\\\/LOGO-EPEDA-300dpi.jpg\",\"datePublished\":\"2018-10-30T19:53:20+00:00\",\"dateModified\":\"2019-10-01T12:15:45+00:00\",\"breadcrumb\":{\"@id\":\"https:\\\/\\\/www.avenue-literie.com\\\/blog\\\/2018\\\/10\\\/30\\\/pack-cerisier-epeda-show-room-literie-troyes\\\/#breadcrumb\"},\"inLanguage\":\"fr-FR\",\"potentialAction\":[{\"@type\":\"ReadAction\",\"target\":[\"https:\\\/\\\/www.avenue-literie.com\\\/blog\\\/2018\\\/10\\\/30\\\/pack-cerisier-epeda-show-room-literie-troyes\\\/\"]}]},{\"@type\":\"ImageObject\",\"inLanguage\":\"fr-FR\",\"@id\":\"https:\\\/\\\/www.avenue-literie.com\\\/blog\\\/2018\\\/10\\\/30\\\/pack-cerisier-epeda-show-room-literie-troyes\\\/#primaryimage\",\"url\":\"https:\\\/\\\/www.avenue-literie.com\\\/blog\\\/wp-content\\\/uploads\\\/2018\\\/10\\\/LOGO-EPEDA-300dpi.jpg\",\"contentUrl\":\"https:\\\/\\\/www.avenue-literie.com\\\/blog\\\/wp-content\\\/uploads\\\/2018\\\/10\\\/LOGO-EPEDA-300dpi.jpg\",\"width\":1181,\"height\":1181,\"caption\":\"matelas ressort Multi air avec m\u00e9moire de forme et sommier d\u00e9co\"},{\"@type\":\"BreadcrumbList\",\"@id\":\"https:\\\/\\\/www.avenue-literie.com\\\/blog\\\/2018\\\/10\\\/30\\\/pack-cerisier-epeda-show-room-literie-troyes\\\/#breadcrumb\",\"itemListElement\":[{\"@type\":\"ListItem\",\"position\":1,\"name\":\"Home\",\"item\":\"https:\\\/\\\/www.avenue-literie.com\\\/blog\\\/\"},{\"@type\":\"ListItem\",\"position\":2,\"name\":\"Actualit\u00e9s\",\"item\":\"https:\\\/\\\/www.avenue-literie.com\\\/blog\\\/category\\\/actualites-literie\\\/\"},{\"@type\":\"ListItem\",\"position\":3,\"name\":\"Pack Cerisier Epeda show room literie troyes\"}]},{\"@type\":\"WebSite\",\"@id\":\"https:\\\/\\\/www.avenue-literie.com\\\/blog\\\/#website\",\"url\":\"https:\\\/\\\/www.avenue-literie.com\\\/blog\\\/\",\"name\":\"Le Blog Avenue Literie\",\"description\":\"Le blog du conseil en literie\",\"publisher\":{\"@id\":\"https:\\\/\\\/www.avenue-literie.com\\\/blog\\\/#organization\"},\"potentialAction\":[{\"@type\":\"SearchAction\",\"target\":{\"@type\":\"EntryPoint\",\"urlTemplate\":\"https:\\\/\\\/www.avenue-literie.com\\\/blog\\\/?s={search_term_string}\"},\"query-input\":{\"@type\":\"PropertyValueSpecification\",\"valueRequired\":true,\"valueName\":\"search_term_string\"}}],\"inLanguage\":\"fr-FR\"},{\"@type\":\"Organization\",\"@id\":\"https:\\\/\\\/www.avenue-literie.com\\\/blog\\\/#organization\",\"name\":\"Le blog Avenue Literie\",\"alternateName\":\"Le blog Avenue Literie\",\"url\":\"https:\\\/\\\/www.avenue-literie.com\\\/blog\\\/\",\"logo\":{\"@type\":\"ImageObject\",\"inLanguage\":\"fr-FR\",\"@id\":\"https:\\\/\\\/www.avenue-literie.com\\\/blog\\\/#\\\/schema\\\/logo\\\/image\\\/\",\"url\":\"https:\\\/\\\/www.avenue-literie.com\\\/blog\\\/wp-content\\\/uploads\\\/2022\\\/04\\\/cropped-Gros-logo-avenue-literie-sans-arriere-fond-blanc.png\",\"contentUrl\":\"https:\\\/\\\/www.avenue-literie.com\\\/blog\\\/wp-content\\\/uploads\\\/2022\\\/04\\\/cropped-Gros-logo-avenue-literie-sans-arriere-fond-blanc.png\",\"width\":1479,\"height\":250,\"caption\":\"Le blog Avenue Literie\"},\"image\":{\"@id\":\"https:\\\/\\\/www.avenue-literie.com\\\/blog\\\/#\\\/schema\\\/logo\\\/image\\\/\"},\"sameAs\":[\"https:\\\/\\\/www.facebook.com\\\/AvenueLiterieTroyes\\\/\",\"https:\\\/\\\/x.com\\\/avenue_literie\",\"https:\\\/\\\/www.instagram.com\\\/avenueliterie\\\/\",\"https:\\\/\\\/www.pinterest.fr\\\/avenueliterie\\\/\"]},{\"@type\":\"Person\",\"@id\":\"https:\\\/\\\/www.avenue-literie.com\\\/blog\\\/#\\\/schema\\\/person\\\/add6301bb28276c53d992ec5ef2f17ae\",\"name\":\"J\u00e9r\u00f4me\",\"image\":{\"@type\":\"ImageObject\",\"inLanguage\":\"fr-FR\",\"@id\":\"https:\\\/\\\/secure.gravatar.com\\\/avatar\\\/2e39bb7b624068c575f434373fc1440c1bd421d6e1bdd21a14a529cbff8f1fed?s=96&d=mm&r=g\",\"url\":\"https:\\\/\\\/secure.gravatar.com\\\/avatar\\\/2e39bb7b624068c575f434373fc1440c1bd421d6e1bdd21a14a529cbff8f1fed?s=96&d=mm&r=g\",\"contentUrl\":\"https:\\\/\\\/secure.gravatar.com\\\/avatar\\\/2e39bb7b624068c575f434373fc1440c1bd421d6e1bdd21a14a529cbff8f1fed?s=96&d=mm&r=g\",\"caption\":\"J\u00e9r\u00f4me\"},\"url\":\"https:\\\/\\\/www.avenue-literie.com\\\/blog\\\/author\\\/jerome\\\/\"}]}<\/script>\n<!-- \/ Yoast SEO plugin. -->","yoast_head_json":{"title":"Pack Cerisier Epeda show room literie troyes - Le Blog Avenue Literie","robots":{"index":"index","follow":"follow","max-snippet":"max-snippet:-1","max-image-preview":"max-image-preview:large","max-video-preview":"max-video-preview:-1"},"canonical":"https:\/\/www.avenue-literie.com\/blog\/2018\/10\/30\/pack-cerisier-epeda-show-room-literie-troyes\/","og_locale":"fr_FR","og_type":"article","og_title":"Pack Cerisier Epeda show room literie troyes - Le Blog Avenue Literie","og_description":"Venez d\u00e9couvrir notre \u00ab\u00a0Pack literie Epeda Cerisier \u00ab\u00a0","og_url":"https:\/\/www.avenue-literie.com\/blog\/2018\/10\/30\/pack-cerisier-epeda-show-room-literie-troyes\/","og_site_name":"Le Blog Avenue Literie","article_publisher":"https:\/\/www.facebook.com\/AvenueLiterieTroyes\/","article_published_time":"2018-10-30T19:53:20+00:00","article_modified_time":"2019-10-01T12:15:45+00:00","og_image":[{"width":1181,"height":1181,"url":"https:\/\/www.avenue-literie.com\/blog\/wp-content\/uploads\/2018\/10\/LOGO-EPEDA-300dpi.jpg","type":"image\/jpeg"}],"author":"J\u00e9r\u00f4me","twitter_card":"summary_large_image","twitter_creator":"@avenue_literie","twitter_site":"@avenue_literie","twitter_misc":{"\u00c9crit par":"J\u00e9r\u00f4me"},"schema":{"@context":"https:\/\/schema.org","@graph":[{"@type":"Article","@id":"https:\/\/www.avenue-literie.com\/blog\/2018\/10\/30\/pack-cerisier-epeda-show-room-literie-troyes\/#article","isPartOf":{"@id":"https:\/\/www.avenue-literie.com\/blog\/2018\/10\/30\/pack-cerisier-epeda-show-room-literie-troyes\/"},"author":{"name":"J\u00e9r\u00f4me","@id":"https:\/\/www.avenue-literie.com\/blog\/#\/schema\/person\/add6301bb28276c53d992ec5ef2f17ae"},"headline":"Pack Cerisier Epeda show room literie troyes","datePublished":"2018-10-30T19:53:20+00:00","dateModified":"2019-10-01T12:15:45+00:00","mainEntityOfPage":{"@id":"https:\/\/www.avenue-literie.com\/blog\/2018\/10\/30\/pack-cerisier-epeda-show-room-literie-troyes\/"},"wordCount":65,"publisher":{"@id":"https:\/\/www.avenue-literie.com\/blog\/#organization"},"image":{"@id":"https:\/\/www.avenue-literie.com\/blog\/2018\/10\/30\/pack-cerisier-epeda-show-room-literie-troyes\/#primaryimage"},"thumbnailUrl":"https:\/\/www.avenue-literie.com\/blog\/wp-content\/uploads\/2018\/10\/LOGO-EPEDA-300dpi.jpg","keywords":["Epeda","Epeda D\u00e9dicace","France Literie","Lit 2 personnes","Lit Adulte","Lit Design","Lit double","Lit King Size","Literie Paris","Matelas Epeda","Octobre 2018 Pack literie Cerisier","Sommier et matelas","T\u00eate de lit"],"articleSection":["Actualit\u00e9s"],"inLanguage":"fr-FR"},{"@type":"WebPage","@id":"https:\/\/www.avenue-literie.com\/blog\/2018\/10\/30\/pack-cerisier-epeda-show-room-literie-troyes\/","url":"https:\/\/www.avenue-literie.com\/blog\/2018\/10\/30\/pack-cerisier-epeda-show-room-literie-troyes\/","name":"Pack Cerisier Epeda show room literie troyes - Le Blog Avenue Literie","isPartOf":{"@id":"https:\/\/www.avenue-literie.com\/blog\/#website"},"primaryImageOfPage":{"@id":"https:\/\/www.avenue-literie.com\/blog\/2018\/10\/30\/pack-cerisier-epeda-show-room-literie-troyes\/#primaryimage"},"image":{"@id":"https:\/\/www.avenue-literie.com\/blog\/2018\/10\/30\/pack-cerisier-epeda-show-room-literie-troyes\/#primaryimage"},"thumbnailUrl":"https:\/\/www.avenue-literie.com\/blog\/wp-content\/uploads\/2018\/10\/LOGO-EPEDA-300dpi.jpg","datePublished":"2018-10-30T19:53:20+00:00","dateModified":"2019-10-01T12:15:45+00:00","breadcrumb":{"@id":"https:\/\/www.avenue-literie.com\/blog\/2018\/10\/30\/pack-cerisier-epeda-show-room-literie-troyes\/#breadcrumb"},"inLanguage":"fr-FR","potentialAction":[{"@type":"ReadAction","target":["https:\/\/www.avenue-literie.com\/blog\/2018\/10\/30\/pack-cerisier-epeda-show-room-literie-troyes\/"]}]},{"@type":"ImageObject","inLanguage":"fr-FR","@id":"https:\/\/www.avenue-literie.com\/blog\/2018\/10\/30\/pack-cerisier-epeda-show-room-literie-troyes\/#primaryimage","url":"https:\/\/www.avenue-literie.com\/blog\/wp-content\/uploads\/2018\/10\/LOGO-EPEDA-300dpi.jpg","contentUrl":"https:\/\/www.avenue-literie.com\/blog\/wp-content\/uploads\/2018\/10\/LOGO-EPEDA-300dpi.jpg","width":1181,"height":1181,"caption":"matelas ressort Multi air avec m\u00e9moire de forme et sommier d\u00e9co"},{"@type":"BreadcrumbList","@id":"https:\/\/www.avenue-literie.com\/blog\/2018\/10\/30\/pack-cerisier-epeda-show-room-literie-troyes\/#breadcrumb","itemListElement":[{"@type":"ListItem","position":1,"name":"Home","item":"https:\/\/www.avenue-literie.com\/blog\/"},{"@type":"ListItem","position":2,"name":"Actualit\u00e9s","item":"https:\/\/www.avenue-literie.com\/blog\/category\/actualites-literie\/"},{"@type":"ListItem","position":3,"name":"Pack Cerisier Epeda show room literie troyes"}]},{"@type":"WebSite","@id":"https:\/\/www.avenue-literie.com\/blog\/#website","url":"https:\/\/www.avenue-literie.com\/blog\/","name":"Le Blog Avenue Literie","description":"Le blog du conseil en literie","publisher":{"@id":"https:\/\/www.avenue-literie.com\/blog\/#organization"},"potentialAction":[{"@type":"SearchAction","target":{"@type":"EntryPoint","urlTemplate":"https:\/\/www.avenue-literie.com\/blog\/?s={search_term_string}"},"query-input":{"@type":"PropertyValueSpecification","valueRequired":true,"valueName":"search_term_string"}}],"inLanguage":"fr-FR"},{"@type":"Organization","@id":"https:\/\/www.avenue-literie.com\/blog\/#organization","name":"Le blog Avenue Literie","alternateName":"Le blog Avenue Literie","url":"https:\/\/www.avenue-literie.com\/blog\/","logo":{"@type":"ImageObject","inLanguage":"fr-FR","@id":"https:\/\/www.avenue-literie.com\/blog\/#\/schema\/logo\/image\/","url":"https:\/\/www.avenue-literie.com\/blog\/wp-content\/uploads\/2022\/04\/cropped-Gros-logo-avenue-literie-sans-arriere-fond-blanc.png","contentUrl":"https:\/\/www.avenue-literie.com\/blog\/wp-content\/uploads\/2022\/04\/cropped-Gros-logo-avenue-literie-sans-arriere-fond-blanc.png","width":1479,"height":250,"caption":"Le blog Avenue Literie"},"image":{"@id":"https:\/\/www.avenue-literie.com\/blog\/#\/schema\/logo\/image\/"},"sameAs":["https:\/\/www.facebook.com\/AvenueLiterieTroyes\/","https:\/\/x.com\/avenue_literie","https:\/\/www.instagram.com\/avenueliterie\/","https:\/\/www.pinterest.fr\/avenueliterie\/"]},{"@type":"Person","@id":"https:\/\/www.avenue-literie.com\/blog\/#\/schema\/person\/add6301bb28276c53d992ec5ef2f17ae","name":"J\u00e9r\u00f4me","image":{"@type":"ImageObject","inLanguage":"fr-FR","@id":"https:\/\/secure.gravatar.com\/avatar\/2e39bb7b624068c575f434373fc1440c1bd421d6e1bdd21a14a529cbff8f1fed?s=96&d=mm&r=g","url":"https:\/\/secure.gravatar.com\/avatar\/2e39bb7b624068c575f434373fc1440c1bd421d6e1bdd21a14a529cbff8f1fed?s=96&d=mm&r=g","contentUrl":"https:\/\/secure.gravatar.com\/avatar\/2e39bb7b624068c575f434373fc1440c1bd421d6e1bdd21a14a529cbff8f1fed?s=96&d=mm&r=g","caption":"J\u00e9r\u00f4me"},"url":"https:\/\/www.avenue-literie.com\/blog\/author\/jerome\/"}]}},"_links":{"self":[{"href":"https:\/\/www.avenue-literie.com\/blog\/wp-json\/wp\/v2\/posts\/269","targetHints":{"allow":["GET"]}}],"collection":[{"href":"https:\/\/www.avenue-literie.com\/blog\/wp-json\/wp\/v2\/posts"}],"about":[{"href":"https:\/\/www.avenue-literie.com\/blog\/wp-json\/wp\/v2\/types\/post"}],"author":[{"embeddable":true,"href":"https:\/\/www.avenue-literie.com\/blog\/wp-json\/wp\/v2\/users\/2"}],"replies":[{"embeddable":true,"href":"https:\/\/www.avenue-literie.com\/blog\/wp-json\/wp\/v2\/comments?post=269"}],"version-history":[{"count":1,"href":"https:\/\/www.avenue-literie.com\/blog\/wp-json\/wp\/v2\/posts\/269\/revisions"}],"predecessor-version":[{"id":270,"href":"https:\/\/www.avenue-literie.com\/blog\/wp-json\/wp\/v2\/posts\/269\/revisions\/270"}],"wp:featuredmedia":[{"embeddable":true,"href":"https:\/\/www.avenue-literie.com\/blog\/wp-json\/wp\/v2\/media\/268"}],"wp:attachment":[{"href":"https:\/\/www.avenue-literie.com\/blog\/wp-json\/wp\/v2\/media?parent=269"}],"wp:term":[{"taxonomy":"category","embeddable":true,"href":"https:\/\/www.avenue-literie.com\/blog\/wp-json\/wp\/v2\/categories?post=269"},{"taxonomy":"post_tag","embeddable":true,"href":"https:\/\/www.avenue-literie.com\/blog\/wp-json\/wp\/v2\/tags?post=269"}],"curies":[{"name":"wp","href":"https:\/\/api.w.org\/{rel}","templated":true}]}}