{"id":2924,"date":"2023-01-25T14:09:46","date_gmt":"2023-01-25T14:09:46","guid":{"rendered":"https:\/\/www.avenue-literie.com\/blog\/?p=2924"},"modified":"2024-08-12T17:27:08","modified_gmt":"2024-08-12T17:27:08","slug":"devis-literie-pour-professionnels-etablissement-recevant-du-public","status":"publish","type":"post","link":"https:\/\/www.avenue-literie.com\/blog\/2023\/01\/25\/devis-literie-pour-professionnels-etablissement-recevant-du-public\/","title":{"rendered":"Estimation de literie pour les professionnels devis"},"content":{"rendered":"\n<div style=\"height:50px\" aria-hidden=\"true\" class=\"wp-block-spacer\"><\/div>\n\n\n\n<h3 class=\"wp-block-heading has-black-color has-text-color\"><strong>Vous avez une demande de professionnels&nbsp;?<\/strong><\/h3>\n\n\n\n<div class=\"wp-block-media-text alignwide is-stacked-on-mobile\" style=\"grid-template-columns:40% auto\"><figure class=\"wp-block-media-text__media\"><img decoding=\"async\" src=\"https:\/\/www.avenue-literie.com\/blog\/wp-content\/uploads\/2023\/01\/ecole-foyer-internat-epadh-matelas-collectif.png\" alt=\"\" class=\"wp-image-2984 size-full\"\/><\/figure><div class=\"wp-block-media-text__content\">\n<p class=\"has-black-color has-text-color\">Vous \u00eates un foyer&nbsp;? Un \u00e9tablissement scolaire avec internat&nbsp;? Un centre d\u2019h\u00e9bergement&nbsp;? Une maison de retraite&nbsp;? Un foyer&nbsp;? Un h\u00f4pital&nbsp;? Une r\u00e9sidence \u00e9tudiante&nbsp;? Une r\u00e9sidence de vacances&nbsp;? <\/p>\n\n\n\n<div style=\"height:20px\" aria-hidden=\"true\" class=\"wp-block-spacer\"><\/div>\n\n\n\n<p class=\"has-black-color has-text-color\"><strong>Nous avons la ou les r\u00e9ponses pour vos besoins d\u2019\u00e9quipements<\/strong> en literie, matelas de dimensions standards ou sur mesures r\u00e9pondant aux normes en vigueurs comme la <a href=\"https:\/\/www.avenue-literie.com\/blog\/2022\/10\/21\/matelas-non-feu-m1-speciales-collectivites-pour-les-professionnels-gite-chambre-hote\/\">norme non-feu.<\/a><\/p>\n\n\n\n<div style=\"height:20px\" aria-hidden=\"true\" class=\"wp-block-spacer\"><\/div>\n\n\n\n<p class=\"has-black-color has-text-color\">Nos <strong>matelas professionnels<\/strong> et de <strong>collectivit\u00e9s<\/strong> sont parfaitement <strong>adapt\u00e9s \u00e0 l\u2019entretien intensif en blanchisserie<\/strong> comme les housses de matelas pour prot\u00e9ger le matelas.<\/p>\n<\/div><\/div>\n\n\n\n<div style=\"height:50px\" aria-hidden=\"true\" class=\"wp-block-spacer\"><\/div>\n\n\n\n<h3 class=\"wp-block-heading has-black-color has-text-color\"><strong>Nos matelas dit Matelas pour collectivit\u00e9s r\u00e9pondent <a href=\"https:\/\/www.avenue-literie.com\/blog\/2022\/10\/21\/matelas-non-feu-m1-speciales-collectivites-pour-les-professionnels-gite-chambre-hote\/\">aux d\u00e9crets et normes en vigueurs.<\/a><\/strong><\/h3>\n\n\n\n<div style=\"height:20px\" aria-hidden=\"true\" class=\"wp-block-spacer\"><\/div>\n\n\n\n<div class=\"wp-block-media-text alignwide has-media-on-the-right is-stacked-on-mobile\" style=\"grid-template-columns:auto 40%\"><div class=\"wp-block-media-text__content\">\n<p class=\"has-black-color has-text-color\">Les <strong>matelas mousse non-feu<\/strong> sont parfaitement <strong>adapt\u00e9s \u00e0 tout type d\u2019h\u00e9bergement<\/strong>\u00a0: Internats,\u00a0foyers d\u2019accueil, Ehpad, services de soins, centres m\u00e9dicaux, prisons.<\/p>\n\n\n\n<div style=\"height:20px\" aria-hidden=\"true\" class=\"wp-block-spacer\"><\/div>\n\n\n\n<p class=\"has-black-color has-text-color\">Nous proposons des <strong>matelas en mousse HR<\/strong>&nbsp; avec housse int\u00e9grale de protection imperm\u00e9able non feu M1. Mais \u00e9galement des <strong>lits d\u2019appoint pliant<\/strong> avec matelas imperm\u00e9able <strong>fabriqu\u00e9 en France.<\/strong><\/p>\n\n\n\n<div style=\"height:20px\" aria-hidden=\"true\" class=\"wp-block-spacer\"><\/div>\n\n\n\n<p class=\"has-black-color has-text-color\"><strong>Choisissez nos matelas pour collectivit\u00e9s imperm\u00e9ables, \u00e9pais,\u00a0 non feu, confortable, l\u00e9ger, et facile d\u2019entretien<\/strong>.<\/p>\n<\/div><figure class=\"wp-block-media-text__media\"><img decoding=\"async\" width=\"900\" height=\"800\" src=\"https:\/\/www.avenue-literie.com\/blog\/wp-content\/uploads\/2023\/01\/matelas-M1-collectif.png\" alt=\"\" class=\"wp-image-2985 size-full\" srcset=\"https:\/\/www.avenue-literie.com\/blog\/wp-content\/uploads\/2023\/01\/matelas-M1-collectif.png 900w, https:\/\/www.avenue-literie.com\/blog\/wp-content\/uploads\/2023\/01\/matelas-M1-collectif-300x267.png 300w, https:\/\/www.avenue-literie.com\/blog\/wp-content\/uploads\/2023\/01\/matelas-M1-collectif-768x683.png 768w\" sizes=\"(max-width: 767px) 89vw, (max-width: 1000px) 54vw, (max-width: 1071px) 543px, 580px\" \/><\/figure><\/div>\n\n\n<div class=\"wp-block-image\">\n<figure class=\"aligncenter size-full is-resized\"><img decoding=\"async\" width=\"900\" height=\"800\" src=\"https:\/\/www.avenue-literie.com\/blog\/wp-content\/uploads\/2023\/01\/matelas-foyer-m1.png\" alt=\"\" class=\"wp-image-2987\" style=\"width:675px;height:600px\" srcset=\"https:\/\/www.avenue-literie.com\/blog\/wp-content\/uploads\/2023\/01\/matelas-foyer-m1.png 900w, https:\/\/www.avenue-literie.com\/blog\/wp-content\/uploads\/2023\/01\/matelas-foyer-m1-300x267.png 300w, https:\/\/www.avenue-literie.com\/blog\/wp-content\/uploads\/2023\/01\/matelas-foyer-m1-768x683.png 768w\" sizes=\"(max-width: 767px) 89vw, (max-width: 1000px) 54vw, (max-width: 1071px) 543px, 580px\" \/><\/figure>\n<\/div>\n\n\n<h3 class=\"wp-block-heading has-black-color has-text-color\"><strong>Demandez une offre de prix, demandez un devis, une \u00e9tude \u00a0pour votre projet de matelas collectivit\u00e9s pour votre \u00e9tablissement en remplissant le formulaire ci-dessous\u00a0:<\/strong><\/h3>\n\n\n\n<p class=\"has-text-align-center has-black-color has-text-color\"><strong>Ou<\/strong><\/p>\n\n\n\n<h3 class=\"wp-block-heading has-black-color has-text-color\"><strong>Ci-joint document PDF de demande de devis literie pour professionnels, imprimez, remplissez, renvoyez \u00e0 l&rsquo;adresse mail suivant : relationsclientele@avenue-literie.com<\/strong><\/h3>\n\n\n\n<div data-wp-interactive=\"core\/file\" class=\"wp-block-file\"><object data-wp-bind--hidden=\"!state.hasPdfPreview\" hidden class=\"wp-block-file__embed\" data=\"https:\/\/www.avenue-literie.com\/blog\/wp-content\/uploads\/2023\/02\/Pdf-Formulaire-devis-literie-pro.pdf\" type=\"application\/pdf\" style=\"width:100%;height:600px\" aria-label=\"Contenu embarqu\u00e9 Pdf-Formulaire-devis-literie-pro.\"><\/object><a id=\"wp-block-file--media-a20edf1e-f101-45d6-8502-c701bd0c1ec1\" href=\"https:\/\/www.avenue-literie.com\/blog\/wp-content\/uploads\/2023\/02\/Pdf-Formulaire-devis-literie-pro.pdf\">Pdf-Formulaire-devis-literie-pro<\/a><a href=\"https:\/\/www.avenue-literie.com\/blog\/wp-content\/uploads\/2023\/02\/Pdf-Formulaire-devis-literie-pro.pdf\" class=\"wp-block-file__button wp-element-button\" download aria-describedby=\"wp-block-file--media-a20edf1e-f101-45d6-8502-c701bd0c1ec1\">T\u00e9l\u00e9charger<\/a><\/div>\n\n\n\n<p class=\"has-black-color has-text-color\">Nos modes de &nbsp;paiement &nbsp;pour vous&nbsp; \u00e9tablissements publics sont par carte bancaire, virement bancaire, mandat administratif )<br>Minimum de 10 matelas<\/p>\n\n\n\n<div style=\"height:100px\" aria-hidden=\"true\" class=\"wp-block-spacer\"><\/div>\n\n\n<noscript class=\"ninja-forms-noscript-message\">\n\tRemarque\u00a0: JavaScript est requis pour ce contenu.<\/noscript>\n<div id=\"nf-form-9-cont\" class=\"nf-form-cont\" aria-live=\"polite\" aria-labelledby=\"nf-form-title-9\" aria-describedby=\"nf-form-errors-9\" role=\"form\">\n\n    <div class=\"nf-loading-spinner\"><\/div>\n\n<\/div>\n        <!-- That data is being printed as a workaround to page builders reordering the order of the scripts loaded-->\n        <script>var formDisplay=1;var nfForms=nfForms||[];var form=[];form.id='9';form.settings={\"objectType\":\"Form Setting\",\"editActive\":true,\"title\":\"Formulaire demande professionnels\",\"show_title\":0,\"allow_public_link\":0,\"embed_form\":\"\",\"clear_complete\":1,\"hide_complete\":1,\"default_label_pos\":\"above\",\"wrapper_class\":\"\",\"element_class\":\"\",\"key\":\"\",\"add_submit\":1,\"changeEmailErrorMsg\":\"Veuillez saisir une adresse de messagerie valide. Ex\\u00a0: jean.dupont@gmail.com\",\"changeDateErrorMsg\":\"Veuillez saisir une date valide\\u00a0!\",\"confirmFieldErrorMsg\":\"Ces champs doivent correspondre\\u00a0!\",\"fieldNumberNumMinError\":\"Erreur de nombre min.\",\"fieldNumberNumMaxError\":\"Erreur de nombre max.\",\"fieldNumberIncrementBy\":\"Veuillez incr\\u00e9menter par \",\"formErrorsCorrectErrors\":\"Veuillez corriger les erreurs avant d\\u2019envoyer ce formulaire.\",\"validateRequiredField\":\"Ce champ est obligatoire.\",\"honeypotHoneypotError\":\"Erreur Honeypot\",\"fieldsMarkedRequired\":\"Les champs marqu\\u00e9s d\\u2019un <span class=\\\"ninja-forms-req-symbol\\\">*<\\\/span> sont obligatoires\",\"currency\":\"\",\"unique_field_error\":\"Un formulaire avec cette valeur a d\\u00e9j\\u00e0 \\u00e9t\\u00e9 envoy\\u00e9.\",\"logged_in\":false,\"not_logged_in_msg\":\"\",\"sub_limit_msg\":\"Le formulaire a atteint sa limite d\\u2019entr\\u00e9es.\",\"calculations\":[],\"formContentData\":[\"nom_de_votre_projet_1674574917776\",\"description_de_votre_projet_1674574933241\",\"nom_de_votre_etablissement_1674574947079\",\"n_de_siret_1674574977155\",\"lastname_1674574984615\",\"firstname_1674574989086\",\"fonction_1674575008450\",\"zip_1674575027207\",\"email_1674575031760\",\"phone_1674575041303\",\"recaptcha_1674664705986\",\"envoyer_1674575154537\"],\"drawerDisabled\":false,\"ninjaForms\":\"Ninja Forms\",\"fieldTextareaRTEInsertLink\":\"Ins\\u00e9rer un lien\",\"fieldTextareaRTEInsertMedia\":\"Ins\\u00e9rer un m\\u00e9dia\",\"fieldTextareaRTESelectAFile\":\"S\\u00e9lectionnez un fichier\",\"formHoneypot\":\"Si vous \\u00eates un \\u00eatre humain et que vous voyez ce champ, veuillez le laisser vide.\",\"fileUploadOldCodeFileUploadInProgress\":\"T\\u00e9l\\u00e9versement du fichier en cours.\",\"fileUploadOldCodeFileUpload\":\"T\\u00c9L\\u00c9VERSEMENT DE FICHIER\",\"currencySymbol\":\"&euro;\",\"thousands_sep\":\"\\u00a0\",\"decimal_point\":\",\",\"siteLocale\":\"fr_FR\",\"dateFormat\":\"j\\\/m\\\/A\",\"startOfWeek\":\"1\",\"of\":\"sur\",\"previousMonth\":\"Mois pr\\u00e9c\\u00e9dent\",\"nextMonth\":\"Mois suivant\",\"months\":[\"Janvier\",\"F\\u00e9vrier\",\"Mars\",\"Avril\",\"Mai\",\"Juin\",\"Juillet\",\"Ao\\u00fbt\",\"Septembre\",\"Octobre\",\"Novembre\",\"D\\u00e9cembre\"],\"monthsShort\":[\"Jan\",\"F\\u00e9v\",\"Mar\",\"Avr\",\"Mai\",\"Juin\",\"Juil\",\"Ao\\u00fb\",\"Sep\",\"Oct\",\"Nov\",\"D\\u00e9c\"],\"weekdays\":[\"Dimanche\",\"Lundi\",\"Mardi\",\"Mercredi\",\"Jeudi\",\"Vendredi\",\"Samedi\"],\"weekdaysShort\":[\"Dim\",\"Lun\",\"Mar\",\"Mer\",\"Jeu\",\"Ven\",\"Sam\"],\"weekdaysMin\":[\"Di\",\"Lu\",\"Ma\",\"Me\",\"Je\",\"Ve\",\"Sa\"],\"recaptchaConsentMissing\":\"reCaptcha validation couldn&#039;t load.\",\"recaptchaMissingCookie\":\"reCaptcha v3 validation couldn&#039;t load the cookie needed to submit the form.\",\"recaptchaConsentEvent\":\"Accept reCaptcha cookies before sending the form.\",\"currency_symbol\":\"\",\"beforeForm\":\"\",\"beforeFields\":\"\",\"afterFields\":\"\",\"afterForm\":\"\"};form.fields=[{\"objectType\":\"Field\",\"objectDomain\":\"fields\",\"editActive\":false,\"order\":1,\"idAttribute\":\"id\",\"label\":\"Nom de votre projet\",\"type\":\"textbox\",\"key\":\"nom_de_votre_projet_1674574917776\",\"label_pos\":\"above\",\"required\":1,\"default\":\"\",\"placeholder\":\"\",\"container_class\":\"\",\"element_class\":\"\",\"input_limit\":\"\",\"input_limit_type\":\"characters\",\"input_limit_msg\":\"Caract\\u00e8re(s) restant(s)\",\"manual_key\":false,\"admin_label\":\"\",\"help_text\":\"\",\"mask\":\"\",\"custom_mask\":\"\",\"custom_name_attribute\":\"\",\"personally_identifiable\":\"\",\"value\":\"\",\"drawerDisabled\":false,\"id\":93,\"beforeField\":\"\",\"afterField\":\"\",\"parentType\":\"textbox\",\"element_templates\":[\"textbox\",\"input\"],\"old_classname\":\"\",\"wrap_template\":\"wrap\"},{\"objectType\":\"Field\",\"objectDomain\":\"fields\",\"editActive\":false,\"order\":2,\"idAttribute\":\"id\",\"label\":\"Description de votre projet\",\"type\":\"textarea\",\"key\":\"description_de_votre_projet_1674574933241\",\"label_pos\":\"above\",\"required\":1,\"default\":\"\",\"placeholder\":\"\",\"container_class\":\"\",\"element_class\":\"\",\"input_limit\":\"\",\"input_limit_type\":\"characters\",\"input_limit_msg\":\"Caract\\u00e8re(s) restant(s)\",\"manual_key\":false,\"admin_label\":\"\",\"help_text\":\"\",\"textarea_rte\":\"\",\"disable_rte_mobile\":\"\",\"textarea_media\":\"\",\"value\":\"\",\"drawerDisabled\":false,\"id\":94,\"beforeField\":\"\",\"afterField\":\"\",\"parentType\":\"textarea\",\"element_templates\":[\"textarea\",\"input\"],\"old_classname\":\"\",\"wrap_template\":\"wrap\"},{\"objectType\":\"Field\",\"objectDomain\":\"fields\",\"editActive\":false,\"order\":3,\"idAttribute\":\"id\",\"label\":\"Nom de votre \\u00e9tablissement\",\"type\":\"lastname\",\"key\":\"nom_de_votre_etablissement_1674574947079\",\"label_pos\":\"above\",\"required\":1,\"default\":\"\",\"placeholder\":\"\",\"container_class\":\"\",\"element_class\":\"\",\"admin_label\":\"\",\"help_text\":\"\",\"custom_name_attribute\":\"lname\",\"personally_identifiable\":1,\"value\":\"\",\"drawerDisabled\":false,\"id\":95,\"beforeField\":\"\",\"afterField\":\"\",\"parentType\":\"lastname\",\"element_templates\":[\"lastname\",\"input\"],\"old_classname\":\"\",\"wrap_template\":\"wrap\"},{\"objectType\":\"Field\",\"objectDomain\":\"fields\",\"editActive\":false,\"order\":4,\"idAttribute\":\"id\",\"label\":\"N\\u00b0 de Siret\",\"type\":\"textbox\",\"key\":\"n_de_siret_1674574977155\",\"label_pos\":\"above\",\"required\":1,\"default\":\"\",\"placeholder\":\"\",\"container_class\":\"\",\"element_class\":\"\",\"input_limit\":14,\"input_limit_type\":\"characters\",\"input_limit_msg\":\"Caract\\u00e8re(s) restant(s)\",\"manual_key\":false,\"admin_label\":\"\",\"help_text\":\"\",\"mask\":\"\",\"custom_mask\":\"\",\"custom_name_attribute\":\"\",\"personally_identifiable\":\"\",\"value\":\"\",\"drawerDisabled\":false,\"id\":96,\"beforeField\":\"\",\"afterField\":\"\",\"parentType\":\"textbox\",\"element_templates\":[\"textbox\",\"input\"],\"old_classname\":\"\",\"wrap_template\":\"wrap\"},{\"objectType\":\"Field\",\"objectDomain\":\"fields\",\"editActive\":false,\"order\":999,\"idAttribute\":\"id\",\"type\":\"lastname\",\"label\":\"Nom\",\"key\":\"lastname_1674574984615\",\"label_pos\":\"above\",\"required\":1,\"default\":\"\",\"placeholder\":\"\",\"container_class\":\"\",\"element_class\":\"\",\"admin_label\":\"\",\"help_text\":\"\",\"custom_name_attribute\":\"lname\",\"personally_identifiable\":1,\"value\":\"\",\"drawerDisabled\":false,\"id\":97,\"beforeField\":\"\",\"afterField\":\"\",\"parentType\":\"lastname\",\"element_templates\":[\"lastname\",\"input\"],\"old_classname\":\"\",\"wrap_template\":\"wrap\"},{\"objectType\":\"Field\",\"objectDomain\":\"fields\",\"editActive\":false,\"order\":999,\"idAttribute\":\"id\",\"type\":\"firstname\",\"label\":\"Pr\\u00e9nom\",\"key\":\"firstname_1674574989086\",\"label_pos\":\"above\",\"required\":1,\"default\":\"\",\"placeholder\":\"\",\"container_class\":\"\",\"element_class\":\"\",\"admin_label\":\"\",\"help_text\":\"\",\"custom_name_attribute\":\"fname\",\"personally_identifiable\":1,\"value\":\"\",\"id\":98,\"beforeField\":\"\",\"afterField\":\"\",\"parentType\":\"firstname\",\"element_templates\":[\"firstname\",\"input\"],\"old_classname\":\"\",\"wrap_template\":\"wrap\"},{\"objectType\":\"Field\",\"objectDomain\":\"fields\",\"editActive\":false,\"order\":999,\"idAttribute\":\"id\",\"type\":\"textbox\",\"label\":\"Fonction\",\"key\":\"fonction_1674575008450\",\"label_pos\":\"above\",\"required\":1,\"default\":\"\",\"placeholder\":\"\",\"container_class\":\"\",\"element_class\":\"\",\"input_limit\":\"\",\"input_limit_type\":\"characters\",\"input_limit_msg\":\"Caract\\u00e8re(s) restant(s)\",\"manual_key\":false,\"admin_label\":\"\",\"help_text\":\"\",\"mask\":\"\",\"custom_mask\":\"\",\"custom_name_attribute\":\"\",\"personally_identifiable\":\"\",\"value\":\"\",\"drawerDisabled\":false,\"id\":99,\"beforeField\":\"\",\"afterField\":\"\",\"parentType\":\"textbox\",\"element_templates\":[\"textbox\",\"input\"],\"old_classname\":\"\",\"wrap_template\":\"wrap\"},{\"objectType\":\"Field\",\"objectDomain\":\"fields\",\"editActive\":false,\"order\":999,\"idAttribute\":\"id\",\"type\":\"zip\",\"label\":\"Code postal\",\"key\":\"zip_1674575027207\",\"label_pos\":\"above\",\"required\":1,\"default\":\"\",\"placeholder\":\"\",\"container_class\":\"\",\"element_class\":\"\",\"input_limit\":\"\",\"input_limit_type\":\"characters\",\"input_limit_msg\":\"Caract\\u00e8re(s) restant(s)\",\"manual_key\":false,\"admin_label\":\"\",\"help_text\":\"\",\"mask\":\"\",\"custom_mask\":\"\",\"custom_name_attribute\":\"zip\",\"personally_identifiable\":\"\",\"value\":\"\",\"drawerDisabled\":false,\"id\":100,\"beforeField\":\"\",\"afterField\":\"\",\"parentType\":\"zip\",\"element_templates\":[\"zip\",\"textbox\",\"input\",\"textbox\",\"input\"],\"old_classname\":\"\",\"wrap_template\":\"wrap\"},{\"objectType\":\"Field\",\"objectDomain\":\"fields\",\"editActive\":false,\"order\":999,\"idAttribute\":\"id\",\"type\":\"email\",\"label\":\"E-mail\",\"key\":\"email_1674575031760\",\"label_pos\":\"above\",\"required\":1,\"default\":\"\",\"placeholder\":\"\",\"container_class\":\"\",\"element_class\":\"\",\"admin_label\":\"\",\"help_text\":\"\",\"custom_name_attribute\":\"email\",\"personally_identifiable\":1,\"value\":\"\",\"drawerDisabled\":false,\"id\":101,\"beforeField\":\"\",\"afterField\":\"\",\"parentType\":\"email\",\"element_templates\":[\"email\",\"input\"],\"old_classname\":\"\",\"wrap_template\":\"wrap\"},{\"objectType\":\"Field\",\"objectDomain\":\"fields\",\"editActive\":false,\"order\":999,\"idAttribute\":\"id\",\"type\":\"phone\",\"label\":\"T\\u00e9l.\",\"key\":\"phone_1674575041303\",\"label_pos\":\"above\",\"required\":1,\"default\":\"\",\"placeholder\":\"\",\"container_class\":\"\",\"element_class\":\"\",\"input_limit\":10,\"input_limit_type\":\"characters\",\"input_limit_msg\":\"Caract\\u00e8re(s) restant(s)\",\"manual_key\":false,\"admin_label\":\"\",\"help_text\":\"\",\"mask\":\"\",\"custom_mask\":\"\",\"custom_name_attribute\":\"phone\",\"personally_identifiable\":1,\"value\":\"\",\"drawerDisabled\":false,\"id\":102,\"beforeField\":\"\",\"afterField\":\"\",\"parentType\":\"textbox\",\"element_templates\":[\"tel\",\"textbox\",\"input\"],\"old_classname\":\"\",\"wrap_template\":\"wrap\"},{\"objectType\":\"Field\",\"objectDomain\":\"fields\",\"editActive\":false,\"order\":999,\"idAttribute\":\"id\",\"type\":\"recaptcha\",\"label\":\"ReCAPTCHA\",\"container_class\":\"\",\"element_class\":\"\",\"size\":\"visible\",\"key\":\"recaptcha_1674664705986\",\"drawerDisabled\":false,\"id\":104,\"beforeField\":\"\",\"afterField\":\"\",\"value\":\"\",\"label_pos\":\"above\",\"parentType\":\"textbox\",\"element_templates\":[\"recaptcha\",\"input\"],\"old_classname\":\"\",\"wrap_template\":\"wrap\",\"site_key\":\"6LfbCSgkAAAAAGPIYFyEAynhieJ3pWgee_o0ehlF\",\"theme\":\"light\",\"lang\":\"fr\"},{\"objectType\":\"Field\",\"objectDomain\":\"fields\",\"editActive\":false,\"order\":9999,\"idAttribute\":\"id\",\"type\":\"submit\",\"label\":\"Envoyer\",\"processing_label\":\"En cours de traitement\",\"container_class\":\"\",\"element_class\":\"\",\"key\":\"envoyer_1674575154537\",\"drawerDisabled\":false,\"id\":103,\"beforeField\":\"\",\"afterField\":\"\",\"value\":\"\",\"label_pos\":\"above\",\"parentType\":\"textbox\",\"element_templates\":[\"submit\",\"button\",\"input\"],\"old_classname\":\"\",\"wrap_template\":\"wrap-no-label\"}];nfForms.push(form);<\/script>\n        \n\n\n<div style=\"height:50px\" aria-hidden=\"true\" class=\"wp-block-spacer\"><\/div>\n\n\n\n<div class=\"wp-block-columns are-vertically-aligned-top is-layout-flex wp-container-core-columns-is-layout-9d6595d7 wp-block-columns-is-layout-flex\">\n<div class=\"wp-block-column is-vertically-aligned-top is-layout-flow wp-block-column-is-layout-flow\">\n<h2 class=\"wp-block-heading has-text-align-center has-black-color has-text-color\"><strong>D\u00e9couvrez notre site Internet Avenue Literie<\/strong><\/h2>\n\n\n\n<div class=\"wp-block-buttons is-content-justification-center is-layout-flex wp-container-core-buttons-is-layout-16018d1d wp-block-buttons-is-layout-flex\">\n<div class=\"wp-block-button\"><a class=\"wp-block-button__link has-luminous-vivid-amber-background-color has-background wp-element-button\" href=\"https:\/\/www.avenue-literie.com\/\">Avenue Literie<\/a><\/div>\n<\/div>\n\n\n\n<div style=\"height:50px\" aria-hidden=\"true\" class=\"wp-block-spacer\"><\/div>\n\n\n\n<div style=\"padding:20px\" class=\"wp-block-tnp-minimal\"><p><strong>Abonnez-vous \u00e0 notre newsletter pour ne pas manquer nos prochains articles !<\/strong><\/p><div><div class=\"tnp tnp-subscription-minimal  \"><form action=\"https:\/\/www.avenue-literie.com\/blog\/wp-admin\/admin-ajax.php?action=tnp&amp;na=s\" method=\"post\" style=\"text-align: center\"><input type=\"hidden\" name=\"nr\" value=\"minimal\">\n<input type=\"hidden\" name=\"nlang\" value=\"\">\n<input class=\"tnp-email\" type=\"email\" required name=\"ne\" value=\"\" placeholder=\"Email\"><input class=\"tnp-submit\" type=\"submit\" value=\"Je m&#039;inscris\" style=\"\">\n<div class=\"tnp-field tnp-privacy-field\"><label><input type=\"checkbox\" name=\"ny\" required class=\"tnp-privacy\"> En continuant, vous acceptez la politique de confidentialit\u00e9<\/label><\/div><\/form><\/div>\n<\/div><\/div>\n<\/div>\n\n\n\n<div class=\"wp-block-column is-vertically-aligned-top is-layout-flow wp-block-column-is-layout-flow\">\n<h2 class=\"wp-block-heading has-text-align-center has-black-color has-text-color\"><strong>D\u00e9couvrez <\/strong> <br><strong>Notre magasin<\/strong> <strong>Avenue Literie<\/strong><br><strong>Troyes &#8211; Saint Andr\u00e9s Les vergers<\/strong><\/h2>\n\n\n\n<div style=\"height:70px\" aria-hidden=\"true\" class=\"wp-block-spacer\"><\/div>\n\n\n\n<iframe src=\"https:\/\/www.google.com\/maps\/embed?pb=!1m18!1m12!1m3!1d2232.6815845646047!2d4.05459414503307!3d48.28129131700338!2m3!1f0!2f0!3f0!3m2!1i1024!2i768!4f13.1!3m3!1m2!1s0x0%3A0x86482623eaf6498f!2sAvenueLiterie.com!5e0!3m2!1sfr!2sfr!4v1672761988325!5m2!1sfr!2sfr\" width=\"600\" height=\"450\" style=\"border:0;\" allowfullscreen=\"\" loading=\"lazy\" referrerpolicy=\"no-referrer-when-downgrade\"><\/iframe>\n<\/div>\n<\/div>\n","protected":false},"excerpt":{"rendered":"<p>Vous avez une demande de professionnels&nbsp;? Nos matelas dit Matelas pour collectivit\u00e9s r\u00e9pondent aux d\u00e9crets et normes en vigueurs. Demandez une offre de prix, demandez un devis, une \u00e9tude \u00a0pour votre projet de matelas collectivit\u00e9s pour votre \u00e9tablissement en remplissant le formulaire ci-dessous\u00a0: Ou Ci-joint document PDF de demande de devis literie pour professionnels, imprimez, &hellip; <\/p>\n<p class=\"link-more\"><a href=\"https:\/\/www.avenue-literie.com\/blog\/2023\/01\/25\/devis-literie-pour-professionnels-etablissement-recevant-du-public\/\" class=\"more-link\">Continuer la lecture<span class=\"screen-reader-text\"> de &laquo;&nbsp;Estimation de literie pour les professionnels devis&nbsp;&raquo;<\/span><\/a><\/p>\n","protected":false},"author":2,"featured_media":2984,"comment_status":"closed","ping_status":"closed","sticky":true,"template":"","format":"standard","meta":{"footnotes":""},"categories":[1,633,73],"tags":[634,637,91,93,630,572,631,632,570,571,107],"class_list":["post-2924","post","type-post","status-publish","format-standard","has-post-thumbnail","hentry","category-actualites-literie","category-literie-professionnel","category-m1-non-feu-collectivite","tag-devis-matelas","tag-devis-matelas-m1-anti-feu","tag-lit-2-personnes","tag-lit-adulte","tag-literie-professionnel","tag-literie-professionnelle","tag-literie-professionnelle-hotel","tag-literie-professionnelle-hotellerie","tag-matelas-collectivites","tag-matelas-pro","tag-sommier-et-matelas"],"yoast_head":"<!-- This site is optimized with the Yoast SEO plugin v27.4 - https:\/\/yoast.com\/product\/yoast-seo-wordpress\/ -->\n<title>Estimation de literie pour les professionnels devis - Le Blog Avenue Literie<\/title>\n<meta name=\"description\" content=\"Vous disposez d&#039;un \u00e9tablissement recevant du public, nous avons la ou les r\u00e9ponses pour vos besoins d\u2019\u00e9quipements en literie, Demande de devis literie pour professionnel.\" \/>\n<meta name=\"robots\" content=\"index, follow, max-snippet:-1, max-image-preview:large, max-video-preview:-1\" \/>\n<link rel=\"canonical\" href=\"https:\/\/www.avenue-literie.com\/blog\/2023\/01\/25\/devis-literie-pour-professionnels-etablissement-recevant-du-public\/\" \/>\n<meta property=\"og:locale\" content=\"fr_FR\" \/>\n<meta property=\"og:type\" content=\"article\" \/>\n<meta property=\"og:title\" content=\"Estimation de literie pour les professionnels devis - Le Blog Avenue Literie\" \/>\n<meta property=\"og:description\" content=\"Vous disposez d&#039;un \u00e9tablissement recevant du public, nous avons la ou les r\u00e9ponses pour vos besoins d\u2019\u00e9quipements en literie, Demande de devis literie pour professionnel.\" \/>\n<meta property=\"og:url\" content=\"https:\/\/www.avenue-literie.com\/blog\/2023\/01\/25\/devis-literie-pour-professionnels-etablissement-recevant-du-public\/\" \/>\n<meta property=\"og:site_name\" content=\"Le Blog Avenue Literie\" \/>\n<meta property=\"article:publisher\" content=\"https:\/\/www.facebook.com\/AvenueLiterieTroyes\/\" \/>\n<meta property=\"article:published_time\" content=\"2023-01-25T14:09:46+00:00\" \/>\n<meta property=\"article:modified_time\" content=\"2024-08-12T17:27:08+00:00\" \/>\n<meta property=\"og:image\" content=\"https:\/\/www.avenue-literie.com\/blog\/wp-content\/uploads\/2023\/01\/ecole-foyer-internat-epadh-matelas-collectif-e1674717126717.png\" \/>\n\t<meta property=\"og:image:width\" content=\"900\" \/>\n\t<meta property=\"og:image:height\" content=\"598\" \/>\n\t<meta property=\"og:image:type\" content=\"image\/png\" \/>\n<meta name=\"author\" content=\"J\u00e9r\u00f4me\" \/>\n<meta name=\"twitter:card\" content=\"summary_large_image\" \/>\n<meta name=\"twitter:creator\" content=\"@avenue_literie\" \/>\n<meta name=\"twitter:site\" content=\"@avenue_literie\" \/>\n<meta name=\"twitter:label1\" content=\"\u00c9crit par\" \/>\n\t<meta name=\"twitter:data1\" content=\"J\u00e9r\u00f4me\" \/>\n\t<meta name=\"twitter:label2\" content=\"Dur\u00e9e de lecture estim\u00e9e\" \/>\n\t<meta name=\"twitter:data2\" content=\"2 minutes\" \/>\n<script type=\"application\/ld+json\" class=\"yoast-schema-graph\">{\"@context\":\"https:\\\/\\\/schema.org\",\"@graph\":[{\"@type\":\"Article\",\"@id\":\"https:\\\/\\\/www.avenue-literie.com\\\/blog\\\/2023\\\/01\\\/25\\\/devis-literie-pour-professionnels-etablissement-recevant-du-public\\\/#article\",\"isPartOf\":{\"@id\":\"https:\\\/\\\/www.avenue-literie.com\\\/blog\\\/2023\\\/01\\\/25\\\/devis-literie-pour-professionnels-etablissement-recevant-du-public\\\/\"},\"author\":{\"name\":\"J\u00e9r\u00f4me\",\"@id\":\"https:\\\/\\\/www.avenue-literie.com\\\/blog\\\/#\\\/schema\\\/person\\\/add6301bb28276c53d992ec5ef2f17ae\"},\"headline\":\"Estimation de literie pour les professionnels devis\",\"datePublished\":\"2023-01-25T14:09:46+00:00\",\"dateModified\":\"2024-08-12T17:27:08+00:00\",\"mainEntityOfPage\":{\"@id\":\"https:\\\/\\\/www.avenue-literie.com\\\/blog\\\/2023\\\/01\\\/25\\\/devis-literie-pour-professionnels-etablissement-recevant-du-public\\\/\"},\"wordCount\":310,\"publisher\":{\"@id\":\"https:\\\/\\\/www.avenue-literie.com\\\/blog\\\/#organization\"},\"image\":{\"@id\":\"https:\\\/\\\/www.avenue-literie.com\\\/blog\\\/2023\\\/01\\\/25\\\/devis-literie-pour-professionnels-etablissement-recevant-du-public\\\/#primaryimage\"},\"thumbnailUrl\":\"https:\\\/\\\/www.avenue-literie.com\\\/blog\\\/wp-content\\\/uploads\\\/2023\\\/01\\\/ecole-foyer-internat-epadh-matelas-collectif-e1674717126717.png\",\"keywords\":[\"devis matelas\",\"devis matelas m1 anti feu\",\"Lit 2 personnes\",\"Lit Adulte\",\"literie professionnel\",\"Literie professionnelle\",\"literie professionnelle hotel\",\"literie professionnelle hotellerie\",\"matelas collectivit\u00e9s\",\"matelas pro\",\"Sommier et matelas\"],\"articleSection\":[\"Actualit\u00e9s\",\"Literie professionnel\",\"M1 non feu collectivit\u00e9\"],\"inLanguage\":\"fr-FR\"},{\"@type\":\"WebPage\",\"@id\":\"https:\\\/\\\/www.avenue-literie.com\\\/blog\\\/2023\\\/01\\\/25\\\/devis-literie-pour-professionnels-etablissement-recevant-du-public\\\/\",\"url\":\"https:\\\/\\\/www.avenue-literie.com\\\/blog\\\/2023\\\/01\\\/25\\\/devis-literie-pour-professionnels-etablissement-recevant-du-public\\\/\",\"name\":\"Estimation de literie pour les professionnels devis - Le Blog Avenue Literie\",\"isPartOf\":{\"@id\":\"https:\\\/\\\/www.avenue-literie.com\\\/blog\\\/#website\"},\"primaryImageOfPage\":{\"@id\":\"https:\\\/\\\/www.avenue-literie.com\\\/blog\\\/2023\\\/01\\\/25\\\/devis-literie-pour-professionnels-etablissement-recevant-du-public\\\/#primaryimage\"},\"image\":{\"@id\":\"https:\\\/\\\/www.avenue-literie.com\\\/blog\\\/2023\\\/01\\\/25\\\/devis-literie-pour-professionnels-etablissement-recevant-du-public\\\/#primaryimage\"},\"thumbnailUrl\":\"https:\\\/\\\/www.avenue-literie.com\\\/blog\\\/wp-content\\\/uploads\\\/2023\\\/01\\\/ecole-foyer-internat-epadh-matelas-collectif-e1674717126717.png\",\"datePublished\":\"2023-01-25T14:09:46+00:00\",\"dateModified\":\"2024-08-12T17:27:08+00:00\",\"description\":\"Vous disposez d'un \u00e9tablissement recevant du public, nous avons la ou les r\u00e9ponses pour vos besoins d\u2019\u00e9quipements en literie, Demande de devis literie pour professionnel.\",\"breadcrumb\":{\"@id\":\"https:\\\/\\\/www.avenue-literie.com\\\/blog\\\/2023\\\/01\\\/25\\\/devis-literie-pour-professionnels-etablissement-recevant-du-public\\\/#breadcrumb\"},\"inLanguage\":\"fr-FR\",\"potentialAction\":[{\"@type\":\"ReadAction\",\"target\":[\"https:\\\/\\\/www.avenue-literie.com\\\/blog\\\/2023\\\/01\\\/25\\\/devis-literie-pour-professionnels-etablissement-recevant-du-public\\\/\"]}]},{\"@type\":\"ImageObject\",\"inLanguage\":\"fr-FR\",\"@id\":\"https:\\\/\\\/www.avenue-literie.com\\\/blog\\\/2023\\\/01\\\/25\\\/devis-literie-pour-professionnels-etablissement-recevant-du-public\\\/#primaryimage\",\"url\":\"https:\\\/\\\/www.avenue-literie.com\\\/blog\\\/wp-content\\\/uploads\\\/2023\\\/01\\\/ecole-foyer-internat-epadh-matelas-collectif-e1674717126717.png\",\"contentUrl\":\"https:\\\/\\\/www.avenue-literie.com\\\/blog\\\/wp-content\\\/uploads\\\/2023\\\/01\\\/ecole-foyer-internat-epadh-matelas-collectif-e1674717126717.png\",\"width\":900,\"height\":598},{\"@type\":\"BreadcrumbList\",\"@id\":\"https:\\\/\\\/www.avenue-literie.com\\\/blog\\\/2023\\\/01\\\/25\\\/devis-literie-pour-professionnels-etablissement-recevant-du-public\\\/#breadcrumb\",\"itemListElement\":[{\"@type\":\"ListItem\",\"position\":1,\"name\":\"Home\",\"item\":\"https:\\\/\\\/www.avenue-literie.com\\\/blog\\\/\"},{\"@type\":\"ListItem\",\"position\":2,\"name\":\"Actualit\u00e9s\",\"item\":\"https:\\\/\\\/www.avenue-literie.com\\\/blog\\\/category\\\/actualites-literie\\\/\"},{\"@type\":\"ListItem\",\"position\":3,\"name\":\"devis-literie-pour-professionnels-etablissement-recevant-du-public\"}]},{\"@type\":\"WebSite\",\"@id\":\"https:\\\/\\\/www.avenue-literie.com\\\/blog\\\/#website\",\"url\":\"https:\\\/\\\/www.avenue-literie.com\\\/blog\\\/\",\"name\":\"Le Blog Avenue Literie\",\"description\":\"Le blog du conseil en literie\",\"publisher\":{\"@id\":\"https:\\\/\\\/www.avenue-literie.com\\\/blog\\\/#organization\"},\"potentialAction\":[{\"@type\":\"SearchAction\",\"target\":{\"@type\":\"EntryPoint\",\"urlTemplate\":\"https:\\\/\\\/www.avenue-literie.com\\\/blog\\\/?s={search_term_string}\"},\"query-input\":{\"@type\":\"PropertyValueSpecification\",\"valueRequired\":true,\"valueName\":\"search_term_string\"}}],\"inLanguage\":\"fr-FR\"},{\"@type\":\"Organization\",\"@id\":\"https:\\\/\\\/www.avenue-literie.com\\\/blog\\\/#organization\",\"name\":\"Le blog Avenue Literie\",\"alternateName\":\"Le blog Avenue Literie\",\"url\":\"https:\\\/\\\/www.avenue-literie.com\\\/blog\\\/\",\"logo\":{\"@type\":\"ImageObject\",\"inLanguage\":\"fr-FR\",\"@id\":\"https:\\\/\\\/www.avenue-literie.com\\\/blog\\\/#\\\/schema\\\/logo\\\/image\\\/\",\"url\":\"https:\\\/\\\/www.avenue-literie.com\\\/blog\\\/wp-content\\\/uploads\\\/2022\\\/04\\\/cropped-Gros-logo-avenue-literie-sans-arriere-fond-blanc.png\",\"contentUrl\":\"https:\\\/\\\/www.avenue-literie.com\\\/blog\\\/wp-content\\\/uploads\\\/2022\\\/04\\\/cropped-Gros-logo-avenue-literie-sans-arriere-fond-blanc.png\",\"width\":1479,\"height\":250,\"caption\":\"Le blog Avenue Literie\"},\"image\":{\"@id\":\"https:\\\/\\\/www.avenue-literie.com\\\/blog\\\/#\\\/schema\\\/logo\\\/image\\\/\"},\"sameAs\":[\"https:\\\/\\\/www.facebook.com\\\/AvenueLiterieTroyes\\\/\",\"https:\\\/\\\/x.com\\\/avenue_literie\",\"https:\\\/\\\/www.instagram.com\\\/avenueliterie\\\/\",\"https:\\\/\\\/www.pinterest.fr\\\/avenueliterie\\\/\"]},{\"@type\":\"Person\",\"@id\":\"https:\\\/\\\/www.avenue-literie.com\\\/blog\\\/#\\\/schema\\\/person\\\/add6301bb28276c53d992ec5ef2f17ae\",\"name\":\"J\u00e9r\u00f4me\",\"image\":{\"@type\":\"ImageObject\",\"inLanguage\":\"fr-FR\",\"@id\":\"https:\\\/\\\/secure.gravatar.com\\\/avatar\\\/2e39bb7b624068c575f434373fc1440c1bd421d6e1bdd21a14a529cbff8f1fed?s=96&d=mm&r=g\",\"url\":\"https:\\\/\\\/secure.gravatar.com\\\/avatar\\\/2e39bb7b624068c575f434373fc1440c1bd421d6e1bdd21a14a529cbff8f1fed?s=96&d=mm&r=g\",\"contentUrl\":\"https:\\\/\\\/secure.gravatar.com\\\/avatar\\\/2e39bb7b624068c575f434373fc1440c1bd421d6e1bdd21a14a529cbff8f1fed?s=96&d=mm&r=g\",\"caption\":\"J\u00e9r\u00f4me\"},\"url\":\"https:\\\/\\\/www.avenue-literie.com\\\/blog\\\/author\\\/jerome\\\/\"}]}<\/script>\n<!-- \/ Yoast SEO plugin. -->","yoast_head_json":{"title":"Estimation de literie pour les professionnels devis - Le Blog Avenue Literie","description":"Vous disposez d'un \u00e9tablissement recevant du public, nous avons la ou les r\u00e9ponses pour vos besoins d\u2019\u00e9quipements en literie, Demande de devis literie pour professionnel.","robots":{"index":"index","follow":"follow","max-snippet":"max-snippet:-1","max-image-preview":"max-image-preview:large","max-video-preview":"max-video-preview:-1"},"canonical":"https:\/\/www.avenue-literie.com\/blog\/2023\/01\/25\/devis-literie-pour-professionnels-etablissement-recevant-du-public\/","og_locale":"fr_FR","og_type":"article","og_title":"Estimation de literie pour les professionnels devis - Le Blog Avenue Literie","og_description":"Vous disposez d'un \u00e9tablissement recevant du public, nous avons la ou les r\u00e9ponses pour vos besoins d\u2019\u00e9quipements en literie, Demande de devis literie pour professionnel.","og_url":"https:\/\/www.avenue-literie.com\/blog\/2023\/01\/25\/devis-literie-pour-professionnels-etablissement-recevant-du-public\/","og_site_name":"Le Blog Avenue Literie","article_publisher":"https:\/\/www.facebook.com\/AvenueLiterieTroyes\/","article_published_time":"2023-01-25T14:09:46+00:00","article_modified_time":"2024-08-12T17:27:08+00:00","og_image":[{"width":900,"height":598,"url":"https:\/\/www.avenue-literie.com\/blog\/wp-content\/uploads\/2023\/01\/ecole-foyer-internat-epadh-matelas-collectif-e1674717126717.png","type":"image\/png"}],"author":"J\u00e9r\u00f4me","twitter_card":"summary_large_image","twitter_creator":"@avenue_literie","twitter_site":"@avenue_literie","twitter_misc":{"\u00c9crit par":"J\u00e9r\u00f4me","Dur\u00e9e de lecture estim\u00e9e":"2 minutes"},"schema":{"@context":"https:\/\/schema.org","@graph":[{"@type":"Article","@id":"https:\/\/www.avenue-literie.com\/blog\/2023\/01\/25\/devis-literie-pour-professionnels-etablissement-recevant-du-public\/#article","isPartOf":{"@id":"https:\/\/www.avenue-literie.com\/blog\/2023\/01\/25\/devis-literie-pour-professionnels-etablissement-recevant-du-public\/"},"author":{"name":"J\u00e9r\u00f4me","@id":"https:\/\/www.avenue-literie.com\/blog\/#\/schema\/person\/add6301bb28276c53d992ec5ef2f17ae"},"headline":"Estimation de literie pour les professionnels devis","datePublished":"2023-01-25T14:09:46+00:00","dateModified":"2024-08-12T17:27:08+00:00","mainEntityOfPage":{"@id":"https:\/\/www.avenue-literie.com\/blog\/2023\/01\/25\/devis-literie-pour-professionnels-etablissement-recevant-du-public\/"},"wordCount":310,"publisher":{"@id":"https:\/\/www.avenue-literie.com\/blog\/#organization"},"image":{"@id":"https:\/\/www.avenue-literie.com\/blog\/2023\/01\/25\/devis-literie-pour-professionnels-etablissement-recevant-du-public\/#primaryimage"},"thumbnailUrl":"https:\/\/www.avenue-literie.com\/blog\/wp-content\/uploads\/2023\/01\/ecole-foyer-internat-epadh-matelas-collectif-e1674717126717.png","keywords":["devis matelas","devis matelas m1 anti feu","Lit 2 personnes","Lit Adulte","literie professionnel","Literie professionnelle","literie professionnelle hotel","literie professionnelle hotellerie","matelas collectivit\u00e9s","matelas pro","Sommier et matelas"],"articleSection":["Actualit\u00e9s","Literie professionnel","M1 non feu collectivit\u00e9"],"inLanguage":"fr-FR"},{"@type":"WebPage","@id":"https:\/\/www.avenue-literie.com\/blog\/2023\/01\/25\/devis-literie-pour-professionnels-etablissement-recevant-du-public\/","url":"https:\/\/www.avenue-literie.com\/blog\/2023\/01\/25\/devis-literie-pour-professionnels-etablissement-recevant-du-public\/","name":"Estimation de literie pour les professionnels devis - Le Blog Avenue Literie","isPartOf":{"@id":"https:\/\/www.avenue-literie.com\/blog\/#website"},"primaryImageOfPage":{"@id":"https:\/\/www.avenue-literie.com\/blog\/2023\/01\/25\/devis-literie-pour-professionnels-etablissement-recevant-du-public\/#primaryimage"},"image":{"@id":"https:\/\/www.avenue-literie.com\/blog\/2023\/01\/25\/devis-literie-pour-professionnels-etablissement-recevant-du-public\/#primaryimage"},"thumbnailUrl":"https:\/\/www.avenue-literie.com\/blog\/wp-content\/uploads\/2023\/01\/ecole-foyer-internat-epadh-matelas-collectif-e1674717126717.png","datePublished":"2023-01-25T14:09:46+00:00","dateModified":"2024-08-12T17:27:08+00:00","description":"Vous disposez d'un \u00e9tablissement recevant du public, nous avons la ou les r\u00e9ponses pour vos besoins d\u2019\u00e9quipements en literie, Demande de devis literie pour professionnel.","breadcrumb":{"@id":"https:\/\/www.avenue-literie.com\/blog\/2023\/01\/25\/devis-literie-pour-professionnels-etablissement-recevant-du-public\/#breadcrumb"},"inLanguage":"fr-FR","potentialAction":[{"@type":"ReadAction","target":["https:\/\/www.avenue-literie.com\/blog\/2023\/01\/25\/devis-literie-pour-professionnels-etablissement-recevant-du-public\/"]}]},{"@type":"ImageObject","inLanguage":"fr-FR","@id":"https:\/\/www.avenue-literie.com\/blog\/2023\/01\/25\/devis-literie-pour-professionnels-etablissement-recevant-du-public\/#primaryimage","url":"https:\/\/www.avenue-literie.com\/blog\/wp-content\/uploads\/2023\/01\/ecole-foyer-internat-epadh-matelas-collectif-e1674717126717.png","contentUrl":"https:\/\/www.avenue-literie.com\/blog\/wp-content\/uploads\/2023\/01\/ecole-foyer-internat-epadh-matelas-collectif-e1674717126717.png","width":900,"height":598},{"@type":"BreadcrumbList","@id":"https:\/\/www.avenue-literie.com\/blog\/2023\/01\/25\/devis-literie-pour-professionnels-etablissement-recevant-du-public\/#breadcrumb","itemListElement":[{"@type":"ListItem","position":1,"name":"Home","item":"https:\/\/www.avenue-literie.com\/blog\/"},{"@type":"ListItem","position":2,"name":"Actualit\u00e9s","item":"https:\/\/www.avenue-literie.com\/blog\/category\/actualites-literie\/"},{"@type":"ListItem","position":3,"name":"devis-literie-pour-professionnels-etablissement-recevant-du-public"}]},{"@type":"WebSite","@id":"https:\/\/www.avenue-literie.com\/blog\/#website","url":"https:\/\/www.avenue-literie.com\/blog\/","name":"Le Blog Avenue Literie","description":"Le blog du conseil en literie","publisher":{"@id":"https:\/\/www.avenue-literie.com\/blog\/#organization"},"potentialAction":[{"@type":"SearchAction","target":{"@type":"EntryPoint","urlTemplate":"https:\/\/www.avenue-literie.com\/blog\/?s={search_term_string}"},"query-input":{"@type":"PropertyValueSpecification","valueRequired":true,"valueName":"search_term_string"}}],"inLanguage":"fr-FR"},{"@type":"Organization","@id":"https:\/\/www.avenue-literie.com\/blog\/#organization","name":"Le blog Avenue Literie","alternateName":"Le blog Avenue Literie","url":"https:\/\/www.avenue-literie.com\/blog\/","logo":{"@type":"ImageObject","inLanguage":"fr-FR","@id":"https:\/\/www.avenue-literie.com\/blog\/#\/schema\/logo\/image\/","url":"https:\/\/www.avenue-literie.com\/blog\/wp-content\/uploads\/2022\/04\/cropped-Gros-logo-avenue-literie-sans-arriere-fond-blanc.png","contentUrl":"https:\/\/www.avenue-literie.com\/blog\/wp-content\/uploads\/2022\/04\/cropped-Gros-logo-avenue-literie-sans-arriere-fond-blanc.png","width":1479,"height":250,"caption":"Le blog Avenue Literie"},"image":{"@id":"https:\/\/www.avenue-literie.com\/blog\/#\/schema\/logo\/image\/"},"sameAs":["https:\/\/www.facebook.com\/AvenueLiterieTroyes\/","https:\/\/x.com\/avenue_literie","https:\/\/www.instagram.com\/avenueliterie\/","https:\/\/www.pinterest.fr\/avenueliterie\/"]},{"@type":"Person","@id":"https:\/\/www.avenue-literie.com\/blog\/#\/schema\/person\/add6301bb28276c53d992ec5ef2f17ae","name":"J\u00e9r\u00f4me","image":{"@type":"ImageObject","inLanguage":"fr-FR","@id":"https:\/\/secure.gravatar.com\/avatar\/2e39bb7b624068c575f434373fc1440c1bd421d6e1bdd21a14a529cbff8f1fed?s=96&d=mm&r=g","url":"https:\/\/secure.gravatar.com\/avatar\/2e39bb7b624068c575f434373fc1440c1bd421d6e1bdd21a14a529cbff8f1fed?s=96&d=mm&r=g","contentUrl":"https:\/\/secure.gravatar.com\/avatar\/2e39bb7b624068c575f434373fc1440c1bd421d6e1bdd21a14a529cbff8f1fed?s=96&d=mm&r=g","caption":"J\u00e9r\u00f4me"},"url":"https:\/\/www.avenue-literie.com\/blog\/author\/jerome\/"}]}},"_links":{"self":[{"href":"https:\/\/www.avenue-literie.com\/blog\/wp-json\/wp\/v2\/posts\/2924","targetHints":{"allow":["GET"]}}],"collection":[{"href":"https:\/\/www.avenue-literie.com\/blog\/wp-json\/wp\/v2\/posts"}],"about":[{"href":"https:\/\/www.avenue-literie.com\/blog\/wp-json\/wp\/v2\/types\/post"}],"author":[{"embeddable":true,"href":"https:\/\/www.avenue-literie.com\/blog\/wp-json\/wp\/v2\/users\/2"}],"replies":[{"embeddable":true,"href":"https:\/\/www.avenue-literie.com\/blog\/wp-json\/wp\/v2\/comments?post=2924"}],"version-history":[{"count":32,"href":"https:\/\/www.avenue-literie.com\/blog\/wp-json\/wp\/v2\/posts\/2924\/revisions"}],"predecessor-version":[{"id":3656,"href":"https:\/\/www.avenue-literie.com\/blog\/wp-json\/wp\/v2\/posts\/2924\/revisions\/3656"}],"wp:featuredmedia":[{"embeddable":true,"href":"https:\/\/www.avenue-literie.com\/blog\/wp-json\/wp\/v2\/media\/2984"}],"wp:attachment":[{"href":"https:\/\/www.avenue-literie.com\/blog\/wp-json\/wp\/v2\/media?parent=2924"}],"wp:term":[{"taxonomy":"category","embeddable":true,"href":"https:\/\/www.avenue-literie.com\/blog\/wp-json\/wp\/v2\/categories?post=2924"},{"taxonomy":"post_tag","embeddable":true,"href":"https:\/\/www.avenue-literie.com\/blog\/wp-json\/wp\/v2\/tags?post=2924"}],"curies":[{"name":"wp","href":"https:\/\/api.w.org\/{rel}","templated":true}]}}