{"id":3049,"date":"2023-02-01T09:02:49","date_gmt":"2023-02-01T09:02:49","guid":{"rendered":"https:\/\/www.avenue-literie.com\/blog\/?p=3049"},"modified":"2023-02-13T15:58:29","modified_gmt":"2023-02-13T15:58:29","slug":"couettes-en-plumes-si-chaudes-naturellement","status":"publish","type":"post","link":"https:\/\/www.avenue-literie.com\/blog\/2023\/02\/01\/couettes-en-plumes-si-chaudes-naturellement\/","title":{"rendered":"Couettes en plumes, si chaudes naturellement !"},"content":{"rendered":"\n<div style=\"height:50px\" aria-hidden=\"true\" class=\"wp-block-spacer\"><\/div>\n\n\n\n<div class=\"wp-block-media-text alignwide is-stacked-on-mobile\" style=\"grid-template-columns:40% auto\"><figure class=\"wp-block-media-text__media\"><img decoding=\"async\" width=\"740\" height=\"500\" src=\"https:\/\/www.avenue-literie.com\/blog\/wp-content\/uploads\/2023\/02\/Couettes-plumes-bien-chaudes-minature-2.jpg\" alt=\"\" class=\"wp-image-3310 size-full\" srcset=\"https:\/\/www.avenue-literie.com\/blog\/wp-content\/uploads\/2023\/02\/Couettes-plumes-bien-chaudes-minature-2.jpg 740w, https:\/\/www.avenue-literie.com\/blog\/wp-content\/uploads\/2023\/02\/Couettes-plumes-bien-chaudes-minature-2-300x203.jpg 300w\" sizes=\"(max-width: 706px) 89vw, (max-width: 767px) 82vw, 740px\" \/><\/figure><div class=\"wp-block-media-text__content\">\n<h3 class=\"has-black-color has-text-color wp-block-heading\"><strong>Couette de garnissage naturel canard et oie de France<\/strong><\/h3>\n\n\n\n<p class=\"has-black-color has-text-color\">Le garnissage d\u2019une <strong>couette naturel<\/strong> est compos\u00e9 de<strong> plumes<\/strong> et de <strong>duvet<\/strong> d\u2019<strong>oie<\/strong> et de<strong> canard<\/strong> avec des pourcentages diff\u00e9rents.<\/p>\n<\/div><\/div>\n\n\n\n<div style=\"height:50px\" aria-hidden=\"true\" class=\"wp-block-spacer\"><\/div>\n\n\n\n<p class=\"has-text-align-right has-black-color has-text-color\">Le duvet<\/p>\n\n\n\n<div class=\"wp-block-media-text alignwide has-media-on-the-right is-stacked-on-mobile\" style=\"grid-template-columns:auto 40%\"><div class=\"wp-block-media-text__content\">\n<h3 class=\"wp-block-heading\"><strong>Le duvet<\/strong><\/h3>\n\n\n\n<p class=\"has-black-color has-text-color\">Le <strong>duvet d\u2019oie et de canard<\/strong> ne repr\u00e9sente que 10 % du plumage. Par contre, son <strong>pouvoir isolant<\/strong> est tr\u00e8s bon. Le <strong>duvet<\/strong> est \u00e0 la fois <strong>souple et l\u00e9ger<\/strong>. Une des propri\u00e9t\u00e9s du duvet a comme propri\u00e9t\u00e9 d\u2019emmagasiner un important volume d\u2019air, ce qui apporte la chaleur.<\/p>\n<\/div><figure class=\"wp-block-media-text__media\"><img decoding=\"async\" width=\"900\" height=\"590\" src=\"https:\/\/www.avenue-literie.com\/blog\/wp-content\/uploads\/2023\/02\/Plumes-pour-couette.jpg\" alt=\"\" class=\"wp-image-3246 size-full\" srcset=\"https:\/\/www.avenue-literie.com\/blog\/wp-content\/uploads\/2023\/02\/Plumes-pour-couette.jpg 900w, https:\/\/www.avenue-literie.com\/blog\/wp-content\/uploads\/2023\/02\/Plumes-pour-couette-300x197.jpg 300w, https:\/\/www.avenue-literie.com\/blog\/wp-content\/uploads\/2023\/02\/Plumes-pour-couette-768x503.jpg 768w\" sizes=\"(max-width: 767px) 89vw, (max-width: 1000px) 54vw, (max-width: 1071px) 543px, 580px\" \/><\/figure><\/div>\n\n\n\n<div style=\"height:50px\" aria-hidden=\"true\" class=\"wp-block-spacer\"><\/div>\n\n\n\n<p class=\"has-black-color has-text-color\">Les plumes<\/p>\n\n\n\n<div class=\"wp-block-media-text alignwide is-stacked-on-mobile\" style=\"grid-template-columns:40% auto\"><figure class=\"wp-block-media-text__media\"><img decoding=\"async\" width=\"900\" height=\"590\" src=\"https:\/\/www.avenue-literie.com\/blog\/wp-content\/uploads\/2023\/02\/Plumes-1.png\" alt=\"\" class=\"wp-image-3248 size-full\" srcset=\"https:\/\/www.avenue-literie.com\/blog\/wp-content\/uploads\/2023\/02\/Plumes-1.png 900w, https:\/\/www.avenue-literie.com\/blog\/wp-content\/uploads\/2023\/02\/Plumes-1-300x197.png 300w, https:\/\/www.avenue-literie.com\/blog\/wp-content\/uploads\/2023\/02\/Plumes-1-768x503.png 768w\" sizes=\"(max-width: 767px) 89vw, (max-width: 1000px) 54vw, (max-width: 1071px) 543px, 580px\" \/><\/figure><div class=\"wp-block-media-text__content\">\n<h3 class=\"has-black-color has-text-color wp-block-heading\"><strong>Les plumes&nbsp;<\/strong><\/h3>\n\n\n\n<p class=\"has-black-color has-text-color\"><strong>La plumes d\u2019oie<\/strong> est g\u00e9n\u00e9ralement sup\u00e9rieur \u00e0 la plumes de canards. Ainsi le grammage de certaines couettes en plumes d\u2019oie est inferieur en grammage\/m2 que celle de couettes en plumes de canard.<\/p>\n<\/div><\/div>\n\n\n\n<div style=\"height:50px\" aria-hidden=\"true\" class=\"wp-block-spacer\"><\/div>\n\n\n\n<div class=\"wp-block-media-text alignwide has-media-on-the-right is-stacked-on-mobile\" style=\"grid-template-columns:auto 40%\"><div class=\"wp-block-media-text__content\">\n<p class=\"has-black-color has-text-color\"><strong>Nos clients ont aim\u00e9s<\/strong> dans leurs choix de <strong>couettes naturelle en plumes<\/strong> confectionnes&nbsp; par <strong>Loire Confection Literie<\/strong>. &nbsp;Un v\u00e9ritable <strong>savoir-faire<\/strong> pour les <strong>couettes et les oreillers<\/strong>. &nbsp;Loire Confection Literie est situ\u00e9s \u00e0 Villars&nbsp;dans le d\u00e9partement de la Loire ( 42) en R\u00e9gion Auvergne Rh\u00f4ne Alpes.<\/p>\n\n\n\n<p class=\"has-black-color has-text-color\">L\u00e0 \u00e0 Villars o\u00f9 Il fait aussi un peu froid, on y confectionne ses couettes naturelles bien chaude&nbsp;!<\/p>\n<\/div><figure class=\"wp-block-media-text__media\"><img decoding=\"async\" width=\"1024\" height=\"512\" src=\"https:\/\/www.avenue-literie.com\/blog\/wp-content\/uploads\/2023\/02\/Couette-LCL-1024x512.png\" alt=\"\" class=\"wp-image-3285 size-full\" srcset=\"https:\/\/www.avenue-literie.com\/blog\/wp-content\/uploads\/2023\/02\/Couette-LCL-1024x512.png 1024w, https:\/\/www.avenue-literie.com\/blog\/wp-content\/uploads\/2023\/02\/Couette-LCL-300x150.png 300w, https:\/\/www.avenue-literie.com\/blog\/wp-content\/uploads\/2023\/02\/Couette-LCL-768x384.png 768w, https:\/\/www.avenue-literie.com\/blog\/wp-content\/uploads\/2023\/02\/Couette-LCL.png 1200w\" sizes=\"(max-width: 767px) 89vw, (max-width: 1000px) 54vw, (max-width: 1071px) 543px, 580px\" \/><\/figure><\/div>\n\n\n\n<div style=\"height:50px\" aria-hidden=\"true\" class=\"wp-block-spacer\"><\/div>\n\n\n\n<div class=\"wp-block-media-text alignwide is-stacked-on-mobile\" style=\"grid-template-columns:40% auto\"><figure class=\"wp-block-media-text__media\"><a href=\"https:\/\/www.avenue-literie.com\/couette-artois-duvet-220x240.html\"><img decoding=\"async\" width=\"300\" height=\"260\" src=\"https:\/\/www.avenue-literie.com\/blog\/wp-content\/uploads\/2023\/01\/couette_plumes.jpg\" alt=\"Couette en plumes\" class=\"wp-image-3067 size-full\"\/><\/a><\/figure><div class=\"wp-block-media-text__content\">\n<h6 class=\"wp-block-heading\">Couette Artois de Loire Confection Literie<\/h6>\n\n\n\n<div style=\"height:20px\" aria-hidden=\"true\" class=\"wp-block-spacer\"><\/div>\n\n\n\n<p class=\"has-black-color has-text-color\">Couettes 30 % duvet de canard, 70 % plumettes de canard 500g\/m2&nbsp;:<\/p>\n\n\n\n<div style=\"height:30px\" aria-hidden=\"true\" class=\"wp-block-spacer\"><\/div>\n\n\n\n<div class=\"wp-block-buttons is-content-justification-center is-layout-flex wp-container-core-buttons-is-layout-16018d1d wp-block-buttons-is-layout-flex\">\n<div class=\"wp-block-button\"><a class=\"wp-block-button__link has-luminous-vivid-amber-background-color has-background wp-element-button\" href=\"https:\/\/www.avenue-literie.com\/couette-artois-duvet-220x240.html\">En savoir plus<\/a><\/div>\n<\/div>\n<\/div><\/div>\n\n\n\n<div style=\"height:50px\" aria-hidden=\"true\" class=\"wp-block-spacer\"><\/div>\n\n\n\n<hr class=\"wp-block-separator has-text-color has-pale-cyan-blue-color has-alpha-channel-opacity has-pale-cyan-blue-background-color has-background\"\/>\n\n\n\n<h3 class=\"has-text-align-center has-black-color has-text-color wp-block-heading\"><strong>Couette Pur Duvet de 70% \u00e0 90 % de de duvet<\/strong><\/h3>\n\n\n\n<div style=\"height:50px\" aria-hidden=\"true\" class=\"wp-block-spacer\"><\/div>\n\n\n\n<div class=\"wp-block-media-text alignwide has-media-on-the-right is-stacked-on-mobile\" style=\"grid-template-columns:auto 40%\"><div class=\"wp-block-media-text__content\">\n<h6 class=\"wp-block-heading\">Couette Cap Nord de Loire Confection Literie<\/h6>\n\n\n\n<div style=\"height:20px\" aria-hidden=\"true\" class=\"wp-block-spacer\"><\/div>\n\n\n\n<p class=\"has-black-color has-text-color\">Couette 80 % duvet d\u2019oie, 20 % plumettes, 400g\/m2&nbsp;:<\/p>\n\n\n\n<div style=\"height:30px\" aria-hidden=\"true\" class=\"wp-block-spacer\"><\/div>\n\n\n\n<div class=\"wp-block-buttons is-content-justification-center is-layout-flex wp-container-core-buttons-is-layout-16018d1d wp-block-buttons-is-layout-flex\">\n<div class=\"wp-block-button\"><a class=\"wp-block-button__link has-luminous-vivid-amber-background-color has-background wp-element-button\" href=\"https:\/\/www.avenue-literie.com\/couette-cap-nord-220x240.html\">En savoir plus<\/a><\/div>\n<\/div>\n<\/div><figure class=\"wp-block-media-text__media\"><a href=\"https:\/\/www.avenue-literie.com\/couette-cap-nord-220x240.html\"><img decoding=\"async\" width=\"300\" height=\"260\" src=\"https:\/\/www.avenue-literie.com\/blog\/wp-content\/uploads\/2023\/01\/couette_plumes.jpg\" alt=\"Couette en plumes\" class=\"wp-image-3067 size-full\"\/><\/a><\/figure><\/div>\n\n\n\n<div style=\"height:50px\" aria-hidden=\"true\" class=\"wp-block-spacer\"><\/div>\n\n\n\n<hr class=\"wp-block-separator has-text-color has-pale-cyan-blue-color has-alpha-channel-opacity has-pale-cyan-blue-background-color has-background\"\/>\n\n\n\n<h3 class=\"has-text-align-center has-black-color has-text-color wp-block-heading\"><strong>Couette pur Duvet d\u2019oie neuf sup\u00e9rieur de 80% \u00e0 90% de duvet<\/strong><\/h3>\n\n\n\n<div style=\"height:30px\" aria-hidden=\"true\" class=\"wp-block-spacer\"><\/div>\n\n\n\n<div class=\"wp-block-media-text alignwide is-stacked-on-mobile\" style=\"grid-template-columns:40% auto\"><figure class=\"wp-block-media-text__media\"><a href=\"https:\/\/www.avenue-literie.com\/couette-velay-luxe-220x240.html\"><img decoding=\"async\" width=\"300\" height=\"260\" src=\"https:\/\/www.avenue-literie.com\/blog\/wp-content\/uploads\/2023\/01\/couette_plumes.jpg\" alt=\"Couette en plumes\" class=\"wp-image-3067 size-full\"\/><\/a><\/figure><div class=\"wp-block-media-text__content\">\n<h6 class=\"wp-block-heading\">Couette Velay Luxe de Loire Confection Literie<\/h6>\n\n\n\n<div style=\"height:20px\" aria-hidden=\"true\" class=\"wp-block-spacer\"><\/div>\n\n\n\n<p class=\"has-black-color has-text-color\">Couette 85 % duvet d\u2019oie, 15 % plumettes, 400g\/m2&nbsp;:<\/p>\n\n\n\n<div style=\"height:30px\" aria-hidden=\"true\" class=\"wp-block-spacer\"><\/div>\n\n\n\n<div class=\"wp-block-buttons is-content-justification-center is-layout-flex wp-container-core-buttons-is-layout-16018d1d wp-block-buttons-is-layout-flex\">\n<div class=\"wp-block-button\"><a class=\"wp-block-button__link has-luminous-vivid-amber-background-color has-background wp-element-button\" href=\"https:\/\/www.avenue-literie.com\/couette-velay-luxe-220x240.html\">En savoir plus<\/a><\/div>\n<\/div>\n<\/div><\/div>\n\n\n\n<div style=\"height:50px\" aria-hidden=\"true\" class=\"wp-block-spacer\"><\/div>\n\n\n\n<hr class=\"wp-block-separator has-text-color has-pale-cyan-blue-color has-alpha-channel-opacity has-pale-cyan-blue-background-color has-background\"\/>\n\n\n\n<div class=\"wp-block-media-text alignwide has-media-on-the-right is-stacked-on-mobile\" style=\"grid-template-columns:auto 40%\"><div class=\"wp-block-media-text__content\">\n<h6 class=\"wp-block-heading\">Couette Groenland de Loire Confectoin Literie<\/h6>\n\n\n\n<div style=\"height:20px\" aria-hidden=\"true\" class=\"wp-block-spacer\"><\/div>\n\n\n\n<p class=\"has-black-color has-text-color\">Couette 90 % duvet d\u2019oie, 10 % plumettes, 350g\/m2&nbsp;:<br>Pas en ligne sur commande<\/p>\n\n\n\n<div style=\"height:30px\" aria-hidden=\"true\" class=\"wp-block-spacer\"><\/div>\n\n\n\n<div class=\"wp-block-buttons is-content-justification-center is-layout-flex wp-container-core-buttons-is-layout-16018d1d wp-block-buttons-is-layout-flex\">\n<div class=\"wp-block-button\"><a class=\"wp-block-button__link has-luminous-vivid-amber-background-color has-background wp-element-button\" href=\"https:\/\/www.avenue-literie.com\/couette-groenland-220x240.html\">En savoir plus<\/a><\/div>\n<\/div>\n<\/div><figure class=\"wp-block-media-text__media\"><a href=\"https:\/\/www.avenue-literie.com\/couette-groenland-220x240.html\"><img decoding=\"async\" width=\"300\" height=\"260\" src=\"https:\/\/www.avenue-literie.com\/blog\/wp-content\/uploads\/2023\/01\/couette_plumes.jpg\" alt=\"Couette en plumes\" class=\"wp-image-3067 size-full\"\/><\/a><\/figure><\/div>\n\n\n\n<div style=\"height:50px\" aria-hidden=\"true\" class=\"wp-block-spacer\"><\/div>\n\n\n\n<hr class=\"wp-block-separator has-text-color has-pale-cyan-blue-color has-alpha-channel-opacity has-pale-cyan-blue-background-color has-background\"\/>\n\n\n\n<h3 class=\"has-text-align-center has-black-color has-text-color wp-block-heading\"><strong>Il existe les couettes temp\u00e9r\u00e9es en garnissages naturelle :<\/strong><\/h3>\n\n\n\n<div style=\"height:30px\" aria-hidden=\"true\" class=\"wp-block-spacer\"><\/div>\n\n\n\n<div class=\"wp-block-media-text alignwide is-stacked-on-mobile\" style=\"grid-template-columns:40% auto\"><figure class=\"wp-block-media-text__media\"><img decoding=\"async\" width=\"300\" height=\"260\" src=\"https:\/\/www.avenue-literie.com\/blog\/wp-content\/uploads\/2023\/01\/couette_plumes.jpg\" alt=\"Couette en plumes\" class=\"wp-image-3067 size-full\"\/><\/figure><div class=\"wp-block-media-text__content\">\n<h6 class=\"wp-block-heading\" style=\"text-transform:none\">Couette Finlande de Loire Confection Literie<\/h6>\n\n\n\n<div style=\"height:20px\" aria-hidden=\"true\" class=\"wp-block-spacer\"><\/div>\n\n\n\n<p>Couette 85% duvet de canard , 15% plumettes,180 g\/m2&nbsp;:<\/p>\n\n\n\n<div style=\"height:30px\" aria-hidden=\"true\" class=\"wp-block-spacer\"><\/div>\n\n\n\n<div class=\"wp-block-buttons is-content-justification-center is-layout-flex wp-container-core-buttons-is-layout-16018d1d wp-block-buttons-is-layout-flex\">\n<div class=\"wp-block-button\"><a class=\"wp-block-button__link has-luminous-vivid-amber-background-color has-background wp-element-button\" href=\"https:\/\/www.avenue-literie.com\/couette-duvet-finlande-220x240.html\">En savoir plus<\/a><\/div>\n<\/div>\n\n\n\n<div style=\"height:30px\" aria-hidden=\"true\" class=\"wp-block-spacer\"><\/div>\n\n\n\n<h6 class=\"wp-block-heading\">Couette Island de Loire Confection Literie<\/h6>\n\n\n\n<div style=\"height:20px\" aria-hidden=\"true\" class=\"wp-block-spacer\"><\/div>\n\n\n\n<p>Couette 85% duvet de canard , 15% plumettes,180 g\/m2&nbsp;:<\/p>\n\n\n\n<div style=\"height:30px\" aria-hidden=\"true\" class=\"wp-block-spacer\"><\/div>\n\n\n\n<div class=\"wp-block-buttons is-content-justification-center is-layout-flex wp-container-core-buttons-is-layout-16018d1d wp-block-buttons-is-layout-flex\">\n<div class=\"wp-block-button\"><a class=\"wp-block-button__link has-luminous-vivid-amber-background-color has-background wp-element-button\" href=\"https:\/\/www.avenue-literie.com\/couette-duvet-finlande-220x240.html\">En savoir plus<\/a><\/div>\n<\/div>\n<\/div><\/div>\n\n\n\n<div style=\"height:100px\" aria-hidden=\"true\" class=\"wp-block-spacer\"><\/div>\n\n\n\n<div class=\"wp-block-columns are-vertically-aligned-top is-layout-flex wp-container-core-columns-is-layout-9d6595d7 wp-block-columns-is-layout-flex\">\n<div class=\"wp-block-column is-vertically-aligned-top is-layout-flow wp-block-column-is-layout-flow\">\n<h2 class=\"has-text-align-center has-black-color has-text-color wp-block-heading\"><strong>D\u00e9couvrez notre site Internet Avenue Literie<\/strong><\/h2>\n\n\n\n<div class=\"wp-block-buttons is-content-justification-center is-layout-flex wp-container-core-buttons-is-layout-16018d1d wp-block-buttons-is-layout-flex\">\n<div class=\"wp-block-button\"><a class=\"wp-block-button__link has-luminous-vivid-amber-background-color has-background wp-element-button\" href=\"https:\/\/www.avenue-literie.com\/\">Avenue Literie<\/a><\/div>\n<\/div>\n\n\n\n<div style=\"height:50px\" aria-hidden=\"true\" class=\"wp-block-spacer\"><\/div>\n\n\n\n<div style=\"padding:20px\" class=\"wp-block-tnp-minimal\"><p><strong>Abonnez-vous \u00e0 notre newsletter pour ne pas manquer nos prochains articles !<\/strong><\/p><div><div class=\"tnp tnp-subscription-minimal  \"><form action=\"https:\/\/www.avenue-literie.com\/blog\/wp-admin\/admin-ajax.php?action=tnp&amp;na=s\" method=\"post\" style=\"text-align: center\"><input type=\"hidden\" name=\"nr\" value=\"minimal\">\n<input type=\"hidden\" name=\"nlang\" value=\"\">\n<input class=\"tnp-email\" type=\"email\" required name=\"ne\" value=\"\" placeholder=\"Email\"><input class=\"tnp-submit\" type=\"submit\" value=\"Je m&#039;inscris\" style=\"\">\n<div class=\"tnp-field tnp-privacy-field\"><label><input type=\"checkbox\" name=\"ny\" required class=\"tnp-privacy\"> En continuant, vous acceptez la politique de confidentialit\u00e9<\/label><\/div><\/form><\/div>\n<\/div><\/div>\n<\/div>\n\n\n\n<div class=\"wp-block-column is-vertically-aligned-top is-layout-flow wp-block-column-is-layout-flow\">\n<h2 class=\"has-text-align-center has-black-color has-text-color wp-block-heading\"><strong>D\u00e9couvrez <\/strong> <br><strong>Notre magasin<\/strong> <strong>Avenue Literie<\/strong><br><strong>Troyes &#8211; Saint Andr\u00e9s Les vergers<\/strong><\/h2>\n\n\n\n<div style=\"height:70px\" aria-hidden=\"true\" class=\"wp-block-spacer\"><\/div>\n\n\n\n<iframe src=\"https:\/\/www.google.com\/maps\/embed?pb=!1m18!1m12!1m3!1d2232.6815845646047!2d4.05459414503307!3d48.28129131700338!2m3!1f0!2f0!3f0!3m2!1i1024!2i768!4f13.1!3m3!1m2!1s0x0%3A0x86482623eaf6498f!2sAvenueLiterie.com!5e0!3m2!1sfr!2sfr!4v1672761988325!5m2!1sfr!2sfr\" width=\"600\" height=\"450\" style=\"border:0;\" allowfullscreen=\"\" loading=\"lazy\" referrerpolicy=\"no-referrer-when-downgrade\"><\/iframe>\n<\/div>\n<\/div>\n","protected":false},"excerpt":{"rendered":"<p>couette duvet gonflant couette plumes<\/p>\n","protected":false},"author":2,"featured_media":3284,"comment_status":"closed","ping_status":"closed","sticky":true,"template":"","format":"standard","meta":{"footnotes":""},"categories":[1,593],"tags":[595,460,599,598,597,587,591,592,590,596,588,601,586,589,117,91,90,154,84,600,107],"class_list":["post-3049","post","type-post","status-publish","format-standard","has-post-thumbnail","hentry","category-actualites-literie","category-couettes-naturelles-duvets-plumes","tag-couette-a-plume","tag-couette-avenue-literie","tag-couette-hiver-chaude","tag-couette-loire-confection-literie","tag-couette-lourde-en-plumes","tag-couette-ou-duvet","tag-couette-plumes-220x240","tag-couette-plumes-240x260","tag-couette-plumes-de-canard","tag-couettes-chaude","tag-couettes-duvet-et-plumes","tag-couettes-naturelles","tag-couettes-plumes","tag-couettes-plumes-doie","tag-linge-de-lit","tag-lit-2-personnes","tag-lit-king-size","tag-literie-france","tag-matelas","tag-plumes-d-oie","tag-sommier-et-matelas"],"yoast_head":"<!-- This site is optimized with the Yoast SEO plugin v27.4 - https:\/\/yoast.com\/product\/yoast-seo-wordpress\/ -->\n<title>Couettes en plumes, si chaudes naturellement ! -<\/title>\n<meta name=\"description\" content=\"Le garnissage d\u2019une couette naturel est compos\u00e9 de plumes et de duvet d\u2019oie et de canard. Les couettes en plumes permet de garder la chaleur.\" \/>\n<meta name=\"robots\" content=\"index, follow, max-snippet:-1, max-image-preview:large, max-video-preview:-1\" \/>\n<link rel=\"canonical\" href=\"https:\/\/www.avenue-literie.com\/blog\/2023\/02\/01\/couettes-en-plumes-si-chaudes-naturellement\/\" \/>\n<meta property=\"og:locale\" content=\"fr_FR\" \/>\n<meta property=\"og:type\" content=\"article\" \/>\n<meta property=\"og:title\" content=\"Couettes en plumes, si chaudes naturellement !\" \/>\n<meta property=\"og:description\" content=\"Le garnissage d\u2019une couette naturel est compos\u00e9 de plumes et de duvet d\u2019oie et de canard. Les couettes en plumes permet de garder la chaleur.\" \/>\n<meta property=\"og:url\" content=\"https:\/\/www.avenue-literie.com\/blog\/2023\/02\/01\/couettes-en-plumes-si-chaudes-naturellement\/\" \/>\n<meta property=\"og:site_name\" content=\"Le Blog Avenue Literie\" \/>\n<meta property=\"article:publisher\" content=\"https:\/\/www.facebook.com\/AvenueLiterieTroyes\/\" \/>\n<meta property=\"article:published_time\" content=\"2023-02-01T09:02:49+00:00\" \/>\n<meta property=\"article:modified_time\" content=\"2023-02-13T15:58:29+00:00\" \/>\n<meta property=\"og:image\" content=\"https:\/\/www.avenue-literie.com\/blog\/wp-content\/uploads\/2023\/02\/Couettes-plumes-bien-chaudes-minature-2.jpg\" \/>\n\t<meta property=\"og:image:width\" content=\"740\" \/>\n\t<meta property=\"og:image:height\" content=\"500\" \/>\n\t<meta property=\"og:image:type\" content=\"image\/jpeg\" \/>\n<meta name=\"author\" content=\"J\u00e9r\u00f4me\" \/>\n<meta name=\"twitter:card\" content=\"summary_large_image\" \/>\n<meta name=\"twitter:title\" content=\"Couettes en plumes, si chaudes naturellement !\" \/>\n<meta name=\"twitter:description\" content=\"Le garnissage d\u2019une couette naturel est compos\u00e9 de plumes et de duvet d\u2019oie et de canard. Les couettes en plumes permet de garder la chaleur.\" \/>\n<meta name=\"twitter:image\" content=\"https:\/\/www.avenue-literie.com\/blog\/wp-content\/uploads\/2023\/02\/Couettes-plumes-bien-chaudes-minature-2.jpg\" \/>\n<meta name=\"twitter:creator\" content=\"@avenue_literie\" \/>\n<meta name=\"twitter:site\" content=\"@avenue_literie\" \/>\n<meta name=\"twitter:label1\" content=\"\u00c9crit par\" \/>\n\t<meta name=\"twitter:data1\" content=\"J\u00e9r\u00f4me\" \/>\n\t<meta name=\"twitter:label2\" content=\"Dur\u00e9e de lecture estim\u00e9e\" \/>\n\t<meta name=\"twitter:data2\" content=\"2 minutes\" \/>\n<script type=\"application\/ld+json\" class=\"yoast-schema-graph\">{\"@context\":\"https:\\\/\\\/schema.org\",\"@graph\":[{\"@type\":\"Article\",\"@id\":\"https:\\\/\\\/www.avenue-literie.com\\\/blog\\\/2023\\\/02\\\/01\\\/couettes-en-plumes-si-chaudes-naturellement\\\/#article\",\"isPartOf\":{\"@id\":\"https:\\\/\\\/www.avenue-literie.com\\\/blog\\\/2023\\\/02\\\/01\\\/couettes-en-plumes-si-chaudes-naturellement\\\/\"},\"author\":{\"name\":\"J\u00e9r\u00f4me\",\"@id\":\"https:\\\/\\\/www.avenue-literie.com\\\/blog\\\/#\\\/schema\\\/person\\\/add6301bb28276c53d992ec5ef2f17ae\"},\"headline\":\"Couettes en plumes, si chaudes naturellement !\",\"datePublished\":\"2023-02-01T09:02:49+00:00\",\"dateModified\":\"2023-02-13T15:58:29+00:00\",\"mainEntityOfPage\":{\"@id\":\"https:\\\/\\\/www.avenue-literie.com\\\/blog\\\/2023\\\/02\\\/01\\\/couettes-en-plumes-si-chaudes-naturellement\\\/\"},\"wordCount\":384,\"publisher\":{\"@id\":\"https:\\\/\\\/www.avenue-literie.com\\\/blog\\\/#organization\"},\"image\":{\"@id\":\"https:\\\/\\\/www.avenue-literie.com\\\/blog\\\/2023\\\/02\\\/01\\\/couettes-en-plumes-si-chaudes-naturellement\\\/#primaryimage\"},\"thumbnailUrl\":\"https:\\\/\\\/www.avenue-literie.com\\\/blog\\\/wp-content\\\/uploads\\\/2023\\\/02\\\/Couettes-plumes-bien-chaudes-minature.jpg\",\"keywords\":[\"couette \u00e0 plume\",\"couette avenue literie\",\"Couette hiver chaude\",\"couette loire confection literie\",\"couette lourde en plumes\",\"couette ou duvet\",\"couette plumes 220x240\",\"couette plumes 240x260\",\"couette plumes de canard\",\"couettes chaude\",\"couettes duvet et plumes\",\"couettes naturelles\",\"couettes plumes\",\"couettes plumes d&#039;oie\",\"Linge de lit\",\"Lit 2 personnes\",\"Lit King Size\",\"Literie France\",\"Matelas\",\"plumes d oie\",\"Sommier et matelas\"],\"articleSection\":[\"Actualit\u00e9s\",\"Couettes naturelles duvets plumes\"],\"inLanguage\":\"fr-FR\"},{\"@type\":\"WebPage\",\"@id\":\"https:\\\/\\\/www.avenue-literie.com\\\/blog\\\/2023\\\/02\\\/01\\\/couettes-en-plumes-si-chaudes-naturellement\\\/\",\"url\":\"https:\\\/\\\/www.avenue-literie.com\\\/blog\\\/2023\\\/02\\\/01\\\/couettes-en-plumes-si-chaudes-naturellement\\\/\",\"name\":\"Couettes en plumes, si chaudes naturellement ! -\",\"isPartOf\":{\"@id\":\"https:\\\/\\\/www.avenue-literie.com\\\/blog\\\/#website\"},\"primaryImageOfPage\":{\"@id\":\"https:\\\/\\\/www.avenue-literie.com\\\/blog\\\/2023\\\/02\\\/01\\\/couettes-en-plumes-si-chaudes-naturellement\\\/#primaryimage\"},\"image\":{\"@id\":\"https:\\\/\\\/www.avenue-literie.com\\\/blog\\\/2023\\\/02\\\/01\\\/couettes-en-plumes-si-chaudes-naturellement\\\/#primaryimage\"},\"thumbnailUrl\":\"https:\\\/\\\/www.avenue-literie.com\\\/blog\\\/wp-content\\\/uploads\\\/2023\\\/02\\\/Couettes-plumes-bien-chaudes-minature.jpg\",\"datePublished\":\"2023-02-01T09:02:49+00:00\",\"dateModified\":\"2023-02-13T15:58:29+00:00\",\"description\":\"Le garnissage d\u2019une couette naturel est compos\u00e9 de plumes et de duvet d\u2019oie et de canard. Les couettes en plumes permet de garder la chaleur.\",\"breadcrumb\":{\"@id\":\"https:\\\/\\\/www.avenue-literie.com\\\/blog\\\/2023\\\/02\\\/01\\\/couettes-en-plumes-si-chaudes-naturellement\\\/#breadcrumb\"},\"inLanguage\":\"fr-FR\",\"potentialAction\":[{\"@type\":\"ReadAction\",\"target\":[\"https:\\\/\\\/www.avenue-literie.com\\\/blog\\\/2023\\\/02\\\/01\\\/couettes-en-plumes-si-chaudes-naturellement\\\/\"]}]},{\"@type\":\"ImageObject\",\"inLanguage\":\"fr-FR\",\"@id\":\"https:\\\/\\\/www.avenue-literie.com\\\/blog\\\/2023\\\/02\\\/01\\\/couettes-en-plumes-si-chaudes-naturellement\\\/#primaryimage\",\"url\":\"https:\\\/\\\/www.avenue-literie.com\\\/blog\\\/wp-content\\\/uploads\\\/2023\\\/02\\\/Couettes-plumes-bien-chaudes-minature.jpg\",\"contentUrl\":\"https:\\\/\\\/www.avenue-literie.com\\\/blog\\\/wp-content\\\/uploads\\\/2023\\\/02\\\/Couettes-plumes-bien-chaudes-minature.jpg\",\"width\":740,\"height\":806,\"caption\":\"Sans titre - 1\"},{\"@type\":\"BreadcrumbList\",\"@id\":\"https:\\\/\\\/www.avenue-literie.com\\\/blog\\\/2023\\\/02\\\/01\\\/couettes-en-plumes-si-chaudes-naturellement\\\/#breadcrumb\",\"itemListElement\":[{\"@type\":\"ListItem\",\"position\":1,\"name\":\"Home\",\"item\":\"https:\\\/\\\/www.avenue-literie.com\\\/blog\\\/\"},{\"@type\":\"ListItem\",\"position\":2,\"name\":\"Actualit\u00e9s\",\"item\":\"https:\\\/\\\/www.avenue-literie.com\\\/blog\\\/category\\\/actualites-literie\\\/\"},{\"@type\":\"ListItem\",\"position\":3,\"name\":\"Couettes en plumes, si chaudes naturellement !\"}]},{\"@type\":\"WebSite\",\"@id\":\"https:\\\/\\\/www.avenue-literie.com\\\/blog\\\/#website\",\"url\":\"https:\\\/\\\/www.avenue-literie.com\\\/blog\\\/\",\"name\":\"Le Blog Avenue Literie\",\"description\":\"Le blog du conseil en literie\",\"publisher\":{\"@id\":\"https:\\\/\\\/www.avenue-literie.com\\\/blog\\\/#organization\"},\"potentialAction\":[{\"@type\":\"SearchAction\",\"target\":{\"@type\":\"EntryPoint\",\"urlTemplate\":\"https:\\\/\\\/www.avenue-literie.com\\\/blog\\\/?s={search_term_string}\"},\"query-input\":{\"@type\":\"PropertyValueSpecification\",\"valueRequired\":true,\"valueName\":\"search_term_string\"}}],\"inLanguage\":\"fr-FR\"},{\"@type\":\"Organization\",\"@id\":\"https:\\\/\\\/www.avenue-literie.com\\\/blog\\\/#organization\",\"name\":\"Le blog Avenue Literie\",\"alternateName\":\"Le blog Avenue Literie\",\"url\":\"https:\\\/\\\/www.avenue-literie.com\\\/blog\\\/\",\"logo\":{\"@type\":\"ImageObject\",\"inLanguage\":\"fr-FR\",\"@id\":\"https:\\\/\\\/www.avenue-literie.com\\\/blog\\\/#\\\/schema\\\/logo\\\/image\\\/\",\"url\":\"https:\\\/\\\/www.avenue-literie.com\\\/blog\\\/wp-content\\\/uploads\\\/2022\\\/04\\\/cropped-Gros-logo-avenue-literie-sans-arriere-fond-blanc.png\",\"contentUrl\":\"https:\\\/\\\/www.avenue-literie.com\\\/blog\\\/wp-content\\\/uploads\\\/2022\\\/04\\\/cropped-Gros-logo-avenue-literie-sans-arriere-fond-blanc.png\",\"width\":1479,\"height\":250,\"caption\":\"Le blog Avenue Literie\"},\"image\":{\"@id\":\"https:\\\/\\\/www.avenue-literie.com\\\/blog\\\/#\\\/schema\\\/logo\\\/image\\\/\"},\"sameAs\":[\"https:\\\/\\\/www.facebook.com\\\/AvenueLiterieTroyes\\\/\",\"https:\\\/\\\/x.com\\\/avenue_literie\",\"https:\\\/\\\/www.instagram.com\\\/avenueliterie\\\/\",\"https:\\\/\\\/www.pinterest.fr\\\/avenueliterie\\\/\"]},{\"@type\":\"Person\",\"@id\":\"https:\\\/\\\/www.avenue-literie.com\\\/blog\\\/#\\\/schema\\\/person\\\/add6301bb28276c53d992ec5ef2f17ae\",\"name\":\"J\u00e9r\u00f4me\",\"image\":{\"@type\":\"ImageObject\",\"inLanguage\":\"fr-FR\",\"@id\":\"https:\\\/\\\/secure.gravatar.com\\\/avatar\\\/2e39bb7b624068c575f434373fc1440c1bd421d6e1bdd21a14a529cbff8f1fed?s=96&d=mm&r=g\",\"url\":\"https:\\\/\\\/secure.gravatar.com\\\/avatar\\\/2e39bb7b624068c575f434373fc1440c1bd421d6e1bdd21a14a529cbff8f1fed?s=96&d=mm&r=g\",\"contentUrl\":\"https:\\\/\\\/secure.gravatar.com\\\/avatar\\\/2e39bb7b624068c575f434373fc1440c1bd421d6e1bdd21a14a529cbff8f1fed?s=96&d=mm&r=g\",\"caption\":\"J\u00e9r\u00f4me\"},\"url\":\"https:\\\/\\\/www.avenue-literie.com\\\/blog\\\/author\\\/jerome\\\/\"}]}<\/script>\n<!-- \/ Yoast SEO plugin. -->","yoast_head_json":{"title":"Couettes en plumes, si chaudes naturellement ! -","description":"Le garnissage d\u2019une couette naturel est compos\u00e9 de plumes et de duvet d\u2019oie et de canard. Les couettes en plumes permet de garder la chaleur.","robots":{"index":"index","follow":"follow","max-snippet":"max-snippet:-1","max-image-preview":"max-image-preview:large","max-video-preview":"max-video-preview:-1"},"canonical":"https:\/\/www.avenue-literie.com\/blog\/2023\/02\/01\/couettes-en-plumes-si-chaudes-naturellement\/","og_locale":"fr_FR","og_type":"article","og_title":"Couettes en plumes, si chaudes naturellement !","og_description":"Le garnissage d\u2019une couette naturel est compos\u00e9 de plumes et de duvet d\u2019oie et de canard. Les couettes en plumes permet de garder la chaleur.","og_url":"https:\/\/www.avenue-literie.com\/blog\/2023\/02\/01\/couettes-en-plumes-si-chaudes-naturellement\/","og_site_name":"Le Blog Avenue Literie","article_publisher":"https:\/\/www.facebook.com\/AvenueLiterieTroyes\/","article_published_time":"2023-02-01T09:02:49+00:00","article_modified_time":"2023-02-13T15:58:29+00:00","og_image":[{"width":740,"height":500,"url":"https:\/\/www.avenue-literie.com\/blog\/wp-content\/uploads\/2023\/02\/Couettes-plumes-bien-chaudes-minature-2.jpg","type":"image\/jpeg"}],"author":"J\u00e9r\u00f4me","twitter_card":"summary_large_image","twitter_title":"Couettes en plumes, si chaudes naturellement !","twitter_description":"Le garnissage d\u2019une couette naturel est compos\u00e9 de plumes et de duvet d\u2019oie et de canard. Les couettes en plumes permet de garder la chaleur.","twitter_image":"https:\/\/www.avenue-literie.com\/blog\/wp-content\/uploads\/2023\/02\/Couettes-plumes-bien-chaudes-minature-2.jpg","twitter_creator":"@avenue_literie","twitter_site":"@avenue_literie","twitter_misc":{"\u00c9crit par":"J\u00e9r\u00f4me","Dur\u00e9e de lecture estim\u00e9e":"2 minutes"},"schema":{"@context":"https:\/\/schema.org","@graph":[{"@type":"Article","@id":"https:\/\/www.avenue-literie.com\/blog\/2023\/02\/01\/couettes-en-plumes-si-chaudes-naturellement\/#article","isPartOf":{"@id":"https:\/\/www.avenue-literie.com\/blog\/2023\/02\/01\/couettes-en-plumes-si-chaudes-naturellement\/"},"author":{"name":"J\u00e9r\u00f4me","@id":"https:\/\/www.avenue-literie.com\/blog\/#\/schema\/person\/add6301bb28276c53d992ec5ef2f17ae"},"headline":"Couettes en plumes, si chaudes naturellement !","datePublished":"2023-02-01T09:02:49+00:00","dateModified":"2023-02-13T15:58:29+00:00","mainEntityOfPage":{"@id":"https:\/\/www.avenue-literie.com\/blog\/2023\/02\/01\/couettes-en-plumes-si-chaudes-naturellement\/"},"wordCount":384,"publisher":{"@id":"https:\/\/www.avenue-literie.com\/blog\/#organization"},"image":{"@id":"https:\/\/www.avenue-literie.com\/blog\/2023\/02\/01\/couettes-en-plumes-si-chaudes-naturellement\/#primaryimage"},"thumbnailUrl":"https:\/\/www.avenue-literie.com\/blog\/wp-content\/uploads\/2023\/02\/Couettes-plumes-bien-chaudes-minature.jpg","keywords":["couette \u00e0 plume","couette avenue literie","Couette hiver chaude","couette loire confection literie","couette lourde en plumes","couette ou duvet","couette plumes 220x240","couette plumes 240x260","couette plumes de canard","couettes chaude","couettes duvet et plumes","couettes naturelles","couettes plumes","couettes plumes d&#039;oie","Linge de lit","Lit 2 personnes","Lit King Size","Literie France","Matelas","plumes d oie","Sommier et matelas"],"articleSection":["Actualit\u00e9s","Couettes naturelles duvets plumes"],"inLanguage":"fr-FR"},{"@type":"WebPage","@id":"https:\/\/www.avenue-literie.com\/blog\/2023\/02\/01\/couettes-en-plumes-si-chaudes-naturellement\/","url":"https:\/\/www.avenue-literie.com\/blog\/2023\/02\/01\/couettes-en-plumes-si-chaudes-naturellement\/","name":"Couettes en plumes, si chaudes naturellement ! -","isPartOf":{"@id":"https:\/\/www.avenue-literie.com\/blog\/#website"},"primaryImageOfPage":{"@id":"https:\/\/www.avenue-literie.com\/blog\/2023\/02\/01\/couettes-en-plumes-si-chaudes-naturellement\/#primaryimage"},"image":{"@id":"https:\/\/www.avenue-literie.com\/blog\/2023\/02\/01\/couettes-en-plumes-si-chaudes-naturellement\/#primaryimage"},"thumbnailUrl":"https:\/\/www.avenue-literie.com\/blog\/wp-content\/uploads\/2023\/02\/Couettes-plumes-bien-chaudes-minature.jpg","datePublished":"2023-02-01T09:02:49+00:00","dateModified":"2023-02-13T15:58:29+00:00","description":"Le garnissage d\u2019une couette naturel est compos\u00e9 de plumes et de duvet d\u2019oie et de canard. Les couettes en plumes permet de garder la chaleur.","breadcrumb":{"@id":"https:\/\/www.avenue-literie.com\/blog\/2023\/02\/01\/couettes-en-plumes-si-chaudes-naturellement\/#breadcrumb"},"inLanguage":"fr-FR","potentialAction":[{"@type":"ReadAction","target":["https:\/\/www.avenue-literie.com\/blog\/2023\/02\/01\/couettes-en-plumes-si-chaudes-naturellement\/"]}]},{"@type":"ImageObject","inLanguage":"fr-FR","@id":"https:\/\/www.avenue-literie.com\/blog\/2023\/02\/01\/couettes-en-plumes-si-chaudes-naturellement\/#primaryimage","url":"https:\/\/www.avenue-literie.com\/blog\/wp-content\/uploads\/2023\/02\/Couettes-plumes-bien-chaudes-minature.jpg","contentUrl":"https:\/\/www.avenue-literie.com\/blog\/wp-content\/uploads\/2023\/02\/Couettes-plumes-bien-chaudes-minature.jpg","width":740,"height":806,"caption":"Sans titre - 1"},{"@type":"BreadcrumbList","@id":"https:\/\/www.avenue-literie.com\/blog\/2023\/02\/01\/couettes-en-plumes-si-chaudes-naturellement\/#breadcrumb","itemListElement":[{"@type":"ListItem","position":1,"name":"Home","item":"https:\/\/www.avenue-literie.com\/blog\/"},{"@type":"ListItem","position":2,"name":"Actualit\u00e9s","item":"https:\/\/www.avenue-literie.com\/blog\/category\/actualites-literie\/"},{"@type":"ListItem","position":3,"name":"Couettes en plumes, si chaudes naturellement !"}]},{"@type":"WebSite","@id":"https:\/\/www.avenue-literie.com\/blog\/#website","url":"https:\/\/www.avenue-literie.com\/blog\/","name":"Le Blog Avenue Literie","description":"Le blog du conseil en literie","publisher":{"@id":"https:\/\/www.avenue-literie.com\/blog\/#organization"},"potentialAction":[{"@type":"SearchAction","target":{"@type":"EntryPoint","urlTemplate":"https:\/\/www.avenue-literie.com\/blog\/?s={search_term_string}"},"query-input":{"@type":"PropertyValueSpecification","valueRequired":true,"valueName":"search_term_string"}}],"inLanguage":"fr-FR"},{"@type":"Organization","@id":"https:\/\/www.avenue-literie.com\/blog\/#organization","name":"Le blog Avenue Literie","alternateName":"Le blog Avenue Literie","url":"https:\/\/www.avenue-literie.com\/blog\/","logo":{"@type":"ImageObject","inLanguage":"fr-FR","@id":"https:\/\/www.avenue-literie.com\/blog\/#\/schema\/logo\/image\/","url":"https:\/\/www.avenue-literie.com\/blog\/wp-content\/uploads\/2022\/04\/cropped-Gros-logo-avenue-literie-sans-arriere-fond-blanc.png","contentUrl":"https:\/\/www.avenue-literie.com\/blog\/wp-content\/uploads\/2022\/04\/cropped-Gros-logo-avenue-literie-sans-arriere-fond-blanc.png","width":1479,"height":250,"caption":"Le blog Avenue Literie"},"image":{"@id":"https:\/\/www.avenue-literie.com\/blog\/#\/schema\/logo\/image\/"},"sameAs":["https:\/\/www.facebook.com\/AvenueLiterieTroyes\/","https:\/\/x.com\/avenue_literie","https:\/\/www.instagram.com\/avenueliterie\/","https:\/\/www.pinterest.fr\/avenueliterie\/"]},{"@type":"Person","@id":"https:\/\/www.avenue-literie.com\/blog\/#\/schema\/person\/add6301bb28276c53d992ec5ef2f17ae","name":"J\u00e9r\u00f4me","image":{"@type":"ImageObject","inLanguage":"fr-FR","@id":"https:\/\/secure.gravatar.com\/avatar\/2e39bb7b624068c575f434373fc1440c1bd421d6e1bdd21a14a529cbff8f1fed?s=96&d=mm&r=g","url":"https:\/\/secure.gravatar.com\/avatar\/2e39bb7b624068c575f434373fc1440c1bd421d6e1bdd21a14a529cbff8f1fed?s=96&d=mm&r=g","contentUrl":"https:\/\/secure.gravatar.com\/avatar\/2e39bb7b624068c575f434373fc1440c1bd421d6e1bdd21a14a529cbff8f1fed?s=96&d=mm&r=g","caption":"J\u00e9r\u00f4me"},"url":"https:\/\/www.avenue-literie.com\/blog\/author\/jerome\/"}]}},"_links":{"self":[{"href":"https:\/\/www.avenue-literie.com\/blog\/wp-json\/wp\/v2\/posts\/3049","targetHints":{"allow":["GET"]}}],"collection":[{"href":"https:\/\/www.avenue-literie.com\/blog\/wp-json\/wp\/v2\/posts"}],"about":[{"href":"https:\/\/www.avenue-literie.com\/blog\/wp-json\/wp\/v2\/types\/post"}],"author":[{"embeddable":true,"href":"https:\/\/www.avenue-literie.com\/blog\/wp-json\/wp\/v2\/users\/2"}],"replies":[{"embeddable":true,"href":"https:\/\/www.avenue-literie.com\/blog\/wp-json\/wp\/v2\/comments?post=3049"}],"version-history":[{"count":33,"href":"https:\/\/www.avenue-literie.com\/blog\/wp-json\/wp\/v2\/posts\/3049\/revisions"}],"predecessor-version":[{"id":3428,"href":"https:\/\/www.avenue-literie.com\/blog\/wp-json\/wp\/v2\/posts\/3049\/revisions\/3428"}],"wp:featuredmedia":[{"embeddable":true,"href":"https:\/\/www.avenue-literie.com\/blog\/wp-json\/wp\/v2\/media\/3284"}],"wp:attachment":[{"href":"https:\/\/www.avenue-literie.com\/blog\/wp-json\/wp\/v2\/media?parent=3049"}],"wp:term":[{"taxonomy":"category","embeddable":true,"href":"https:\/\/www.avenue-literie.com\/blog\/wp-json\/wp\/v2\/categories?post=3049"},{"taxonomy":"post_tag","embeddable":true,"href":"https:\/\/www.avenue-literie.com\/blog\/wp-json\/wp\/v2\/tags?post=3049"}],"curies":[{"name":"wp","href":"https:\/\/api.w.org\/{rel}","templated":true}]}}