{"id":316,"date":"2019-01-10T14:21:44","date_gmt":"2019-01-10T14:21:44","guid":{"rendered":"https:\/\/www.avenue-literie.com\/wp\/?p=316"},"modified":"2019-10-01T12:18:15","modified_gmt":"2019-10-01T12:18:15","slug":"exclusif-epeda-fete-ses-90-ans-avec-le-pack-literie-anthology-avenue-literie-troyes","status":"publish","type":"post","link":"https:\/\/www.avenue-literie.com\/blog\/2019\/01\/10\/exclusif-epeda-fete-ses-90-ans-avec-le-pack-literie-anthology-avenue-literie-troyes\/","title":{"rendered":"Exclusif :  Epeda fete ses 90 ans avec le Pack Literie Anthology Avenue Literie Troyes"},"content":{"rendered":"<h1><strong>Epeda 90 ans\u00a0 \u00e7a se f\u00eate ! Avec le pack literie Anthology , Ep\u00e9da c<\/strong><strong style=\"font-size: 1.5rem;\">\u00e9l\u00e8bre la toile de ses d\u00e9buts<\/strong><span style=\"font-size: 1.5rem;\">\u00a0<\/span><\/h1>\n<blockquote>\n<pre><strong>Edition limit\u00e9e\u00a0<\/strong><\/pre>\n<\/blockquote>\n<figure id=\"attachment_310\" aria-describedby=\"caption-attachment-310\" style=\"width: 1000px\" class=\"wp-caption alignright\"><a href=\"https:\/\/www.avenue-literie.com\/ensemble-literie-140x190-anthology-epeda-matelas-sommier-gris-de-epeda.html\"><img decoding=\"async\" class=\"size-full wp-image-310\" src=\"https:\/\/www.avenue-literie.com\/wp\/wp-content\/uploads\/2019\/01\/anthology_ambiance1000.jpg\" alt=\"\" width=\"1000\" height=\"846\" srcset=\"https:\/\/www.avenue-literie.com\/blog\/wp-content\/uploads\/2019\/01\/anthology_ambiance1000.jpg 1000w, https:\/\/www.avenue-literie.com\/blog\/wp-content\/uploads\/2019\/01\/anthology_ambiance1000-300x254.jpg 300w, https:\/\/www.avenue-literie.com\/blog\/wp-content\/uploads\/2019\/01\/anthology_ambiance1000-768x650.jpg 768w\" sizes=\"(max-width: 767px) 89vw, (max-width: 1000px) 54vw, (max-width: 1071px) 543px, 580px\" \/><\/a><figcaption id=\"caption-attachment-310\" class=\"wp-caption-text\">Ep\u00e9da \u00e0 Troyes a Saint Andr\u00e9 les vergers pack literie pas cher , \u00e0 d\u00e9couvrir \u00e9dition limit\u00e9e<\/figcaption><\/figure>\n<p>&nbsp;<\/p>\n<figure id=\"attachment_314\" aria-describedby=\"caption-attachment-314\" style=\"width: 1000px\" class=\"wp-caption alignright\"><a href=\"https:\/\/www.avenue-literie.com\/ensemble-literie-140x190-anthology-epeda-matelas-sommier-gris-de-epeda.html\"><img decoding=\"async\" class=\"size-full wp-image-314\" src=\"https:\/\/www.avenue-literie.com\/wp\/wp-content\/uploads\/2019\/01\/poignee_anthology1000.jpg\" alt=\"Un savoir Francais en literie \" width=\"1000\" height=\"1046\" srcset=\"https:\/\/www.avenue-literie.com\/blog\/wp-content\/uploads\/2019\/01\/poignee_anthology1000.jpg 1000w, https:\/\/www.avenue-literie.com\/blog\/wp-content\/uploads\/2019\/01\/poignee_anthology1000-287x300.jpg 287w, https:\/\/www.avenue-literie.com\/blog\/wp-content\/uploads\/2019\/01\/poignee_anthology1000-768x803.jpg 768w, https:\/\/www.avenue-literie.com\/blog\/wp-content\/uploads\/2019\/01\/poignee_anthology1000-979x1024.jpg 979w\" sizes=\"(max-width: 767px) 89vw, (max-width: 1000px) 54vw, (max-width: 1071px) 543px, 580px\" \/><\/a><figcaption id=\"caption-attachment-314\" class=\"wp-caption-text\">Poign\u00e9es brod\u00e9es Ep\u00e9da \u00e0 l&rsquo;ancienne , la qualit\u00e9 , un savoir Fran\u00e7ais<\/figcaption><\/figure>\n<p>&nbsp;<\/p>\n<p><a href=\"https:\/\/www.avenue-literie.com\/ensemble-literie-140x190-anthology-epeda-matelas-sommier-gris-de-epeda.html\"><img decoding=\"async\" class=\"size-full wp-image-315\" src=\"https:\/\/www.avenue-literie.com\/wp\/wp-content\/uploads\/2019\/01\/zoom-anthology.jpg\" alt=\"Une literie Epeda fabriqu\u00e9e en France en Normandie \" width=\"1000\" height=\"950\" srcset=\"https:\/\/www.avenue-literie.com\/blog\/wp-content\/uploads\/2019\/01\/zoom-anthology.jpg 1000w, https:\/\/www.avenue-literie.com\/blog\/wp-content\/uploads\/2019\/01\/zoom-anthology-300x285.jpg 300w, https:\/\/www.avenue-literie.com\/blog\/wp-content\/uploads\/2019\/01\/zoom-anthology-768x730.jpg 768w\" sizes=\"(max-width: 767px) 89vw, (max-width: 1000px) 54vw, (max-width: 1071px) 543px, 580px\" \/><\/a><\/p>\n<ul id=\"attachment_315\" class=\"wp-caption alignright\" style=\"width: 1000px;\">Un confort d&rsquo;exception,\u00a0 ressorts 5 zones de confort , hiver laine de France et laine Shetland et \u00e9t\u00e9 en lin , h 26 cm<\/ul>\n<h1><strong><a href=\"https:\/\/www.avenue-literie.com\/magasin-showroom_avenue-literie_troyes.html\">En exclusivit\u00e9 , expos\u00e9 \u00e0 notre showroom de Troyes Saint andr\u00e9 les vergers<\/a>\u00a0<\/strong><\/h1>\n<p>&nbsp;<\/p>\n<p>&nbsp;<\/p>\n<p>&nbsp;<\/p>\n<p>&nbsp;<\/p>\n<p>&nbsp;<\/p>\n<p>&nbsp;<\/p>\n<p>&nbsp;<\/p>\n<p>&nbsp;<\/p>\n<p>&nbsp;<\/p>\n<p>&nbsp;<\/p>\n<p>&nbsp;<\/p>\n<p>&nbsp;<\/p>\n<p>&nbsp;<\/p>\n<p>&nbsp;<\/p>\n<p>&nbsp;<\/p>\n<p>&nbsp;<\/p>\n<p>&nbsp;<\/p>\n","protected":false},"excerpt":{"rendered":"<p>Epeda 90 ans\u00a0 \u00e7a se f\u00eate ! Avec le pack literie Anthology , Ep\u00e9da c\u00e9l\u00e8bre la toile de ses d\u00e9buts\u00a0 Edition limit\u00e9e\u00a0 &nbsp; &nbsp; Un confort d&rsquo;exception,\u00a0 ressorts 5 zones de confort , hiver laine de France et laine Shetland et \u00e9t\u00e9 en lin , h 26 cm En exclusivit\u00e9 , expos\u00e9 \u00e0 notre showroom &hellip; <\/p>\n<p class=\"link-more\"><a href=\"https:\/\/www.avenue-literie.com\/blog\/2019\/01\/10\/exclusif-epeda-fete-ses-90-ans-avec-le-pack-literie-anthology-avenue-literie-troyes\/\" class=\"more-link\">Continuer la lecture<span class=\"screen-reader-text\"> de &laquo;&nbsp;Exclusif :  Epeda fete ses 90 ans avec le Pack Literie Anthology Avenue Literie Troyes&nbsp;&raquo;<\/span><\/a><\/p>\n","protected":false},"author":2,"featured_media":310,"comment_status":"closed","ping_status":"closed","sticky":false,"template":"","format":"standard","meta":{"footnotes":""},"categories":[38],"tags":[105,39,9,109,91,93,102,92,90,108,106,107],"class_list":["post-316","post","type-post","status-publish","format-standard","has-post-thumbnail","hentry","category-epeda-90-ans-c-ase-fete-avec-le-pack-literie-anthology","tag-epeda","tag-epeda-90ans-janvier-2019","tag-epeda-dedicace","tag-france-literie","tag-lit-2-personnes","tag-lit-adulte","tag-lit-design","tag-lit-double","tag-lit-king-size","tag-literie-paris","tag-matelas-epeda","tag-sommier-et-matelas"],"yoast_head":"<!-- This site is optimized with the Yoast SEO plugin v27.4 - https:\/\/yoast.com\/product\/yoast-seo-wordpress\/ -->\n<title>Exclusif : Epeda fete ses 90 ans avec le Pack Literie Anthology Avenue Literie Troyes - Le Blog Avenue Literie<\/title>\n<meta name=\"robots\" content=\"index, follow, max-snippet:-1, max-image-preview:large, max-video-preview:-1\" \/>\n<link rel=\"canonical\" href=\"https:\/\/www.avenue-literie.com\/blog\/2019\/01\/10\/exclusif-epeda-fete-ses-90-ans-avec-le-pack-literie-anthology-avenue-literie-troyes\/\" \/>\n<meta property=\"og:locale\" content=\"fr_FR\" \/>\n<meta property=\"og:type\" content=\"article\" \/>\n<meta property=\"og:title\" content=\"Exclusif : Epeda fete ses 90 ans avec le Pack Literie Anthology Avenue Literie Troyes - Le Blog Avenue Literie\" \/>\n<meta property=\"og:description\" content=\"Epeda 90 ans\u00a0 \u00e7a se f\u00eate ! Avec le pack literie Anthology , Ep\u00e9da c\u00e9l\u00e8bre la toile de ses d\u00e9buts\u00a0 Edition limit\u00e9e\u00a0 &nbsp; &nbsp; Un confort d&rsquo;exception,\u00a0 ressorts 5 zones de confort , hiver laine de France et laine Shetland et \u00e9t\u00e9 en lin , h 26 cm En exclusivit\u00e9 , expos\u00e9 \u00e0 notre showroom &hellip; Continuer la lecture de &laquo;&nbsp;Exclusif : Epeda fete ses 90 ans avec le Pack Literie Anthology Avenue Literie Troyes&nbsp;&raquo;\" \/>\n<meta property=\"og:url\" content=\"https:\/\/www.avenue-literie.com\/blog\/2019\/01\/10\/exclusif-epeda-fete-ses-90-ans-avec-le-pack-literie-anthology-avenue-literie-troyes\/\" \/>\n<meta property=\"og:site_name\" content=\"Le Blog Avenue Literie\" \/>\n<meta property=\"article:publisher\" content=\"https:\/\/www.facebook.com\/AvenueLiterieTroyes\/\" \/>\n<meta property=\"article:published_time\" content=\"2019-01-10T14:21:44+00:00\" \/>\n<meta property=\"article:modified_time\" content=\"2019-10-01T12:18:15+00:00\" \/>\n<meta property=\"og:image\" content=\"https:\/\/www.avenue-literie.com\/blog\/wp-content\/uploads\/2019\/01\/anthology_ambiance1000.jpg\" \/>\n\t<meta property=\"og:image:width\" content=\"1000\" \/>\n\t<meta property=\"og:image:height\" content=\"846\" \/>\n\t<meta property=\"og:image:type\" content=\"image\/jpeg\" \/>\n<meta name=\"author\" content=\"J\u00e9r\u00f4me\" \/>\n<meta name=\"twitter:card\" content=\"summary_large_image\" \/>\n<meta name=\"twitter:creator\" content=\"@avenue_literie\" \/>\n<meta name=\"twitter:site\" content=\"@avenue_literie\" \/>\n<meta name=\"twitter:label1\" content=\"\u00c9crit par\" \/>\n\t<meta name=\"twitter:data1\" content=\"J\u00e9r\u00f4me\" \/>\n\t<meta name=\"twitter:label2\" content=\"Dur\u00e9e de lecture estim\u00e9e\" \/>\n\t<meta name=\"twitter:data2\" content=\"1 minute\" \/>\n<script type=\"application\/ld+json\" class=\"yoast-schema-graph\">{\"@context\":\"https:\\\/\\\/schema.org\",\"@graph\":[{\"@type\":\"Article\",\"@id\":\"https:\\\/\\\/www.avenue-literie.com\\\/blog\\\/2019\\\/01\\\/10\\\/exclusif-epeda-fete-ses-90-ans-avec-le-pack-literie-anthology-avenue-literie-troyes\\\/#article\",\"isPartOf\":{\"@id\":\"https:\\\/\\\/www.avenue-literie.com\\\/blog\\\/2019\\\/01\\\/10\\\/exclusif-epeda-fete-ses-90-ans-avec-le-pack-literie-anthology-avenue-literie-troyes\\\/\"},\"author\":{\"name\":\"J\u00e9r\u00f4me\",\"@id\":\"https:\\\/\\\/www.avenue-literie.com\\\/blog\\\/#\\\/schema\\\/person\\\/add6301bb28276c53d992ec5ef2f17ae\"},\"headline\":\"Exclusif : Epeda fete ses 90 ans avec le Pack Literie Anthology Avenue Literie Troyes\",\"datePublished\":\"2019-01-10T14:21:44+00:00\",\"dateModified\":\"2019-10-01T12:18:15+00:00\",\"mainEntityOfPage\":{\"@id\":\"https:\\\/\\\/www.avenue-literie.com\\\/blog\\\/2019\\\/01\\\/10\\\/exclusif-epeda-fete-ses-90-ans-avec-le-pack-literie-anthology-avenue-literie-troyes\\\/\"},\"wordCount\":129,\"publisher\":{\"@id\":\"https:\\\/\\\/www.avenue-literie.com\\\/blog\\\/#organization\"},\"image\":{\"@id\":\"https:\\\/\\\/www.avenue-literie.com\\\/blog\\\/2019\\\/01\\\/10\\\/exclusif-epeda-fete-ses-90-ans-avec-le-pack-literie-anthology-avenue-literie-troyes\\\/#primaryimage\"},\"thumbnailUrl\":\"https:\\\/\\\/www.avenue-literie.com\\\/blog\\\/wp-content\\\/uploads\\\/2019\\\/01\\\/anthology_ambiance1000.jpg\",\"keywords\":[\"Epeda\",\"Epeda 90ans Janvier 2019\",\"Epeda D\u00e9dicace\",\"France Literie\",\"Lit 2 personnes\",\"Lit Adulte\",\"Lit Design\",\"Lit double\",\"Lit King Size\",\"Literie Paris\",\"Matelas Epeda\",\"Sommier et matelas\"],\"articleSection\":[\"Epeda 90 ans c ase fete avec le pack literie Anthology\"],\"inLanguage\":\"fr-FR\"},{\"@type\":\"WebPage\",\"@id\":\"https:\\\/\\\/www.avenue-literie.com\\\/blog\\\/2019\\\/01\\\/10\\\/exclusif-epeda-fete-ses-90-ans-avec-le-pack-literie-anthology-avenue-literie-troyes\\\/\",\"url\":\"https:\\\/\\\/www.avenue-literie.com\\\/blog\\\/2019\\\/01\\\/10\\\/exclusif-epeda-fete-ses-90-ans-avec-le-pack-literie-anthology-avenue-literie-troyes\\\/\",\"name\":\"Exclusif : Epeda fete ses 90 ans avec le Pack Literie Anthology Avenue Literie Troyes - Le Blog Avenue Literie\",\"isPartOf\":{\"@id\":\"https:\\\/\\\/www.avenue-literie.com\\\/blog\\\/#website\"},\"primaryImageOfPage\":{\"@id\":\"https:\\\/\\\/www.avenue-literie.com\\\/blog\\\/2019\\\/01\\\/10\\\/exclusif-epeda-fete-ses-90-ans-avec-le-pack-literie-anthology-avenue-literie-troyes\\\/#primaryimage\"},\"image\":{\"@id\":\"https:\\\/\\\/www.avenue-literie.com\\\/blog\\\/2019\\\/01\\\/10\\\/exclusif-epeda-fete-ses-90-ans-avec-le-pack-literie-anthology-avenue-literie-troyes\\\/#primaryimage\"},\"thumbnailUrl\":\"https:\\\/\\\/www.avenue-literie.com\\\/blog\\\/wp-content\\\/uploads\\\/2019\\\/01\\\/anthology_ambiance1000.jpg\",\"datePublished\":\"2019-01-10T14:21:44+00:00\",\"dateModified\":\"2019-10-01T12:18:15+00:00\",\"breadcrumb\":{\"@id\":\"https:\\\/\\\/www.avenue-literie.com\\\/blog\\\/2019\\\/01\\\/10\\\/exclusif-epeda-fete-ses-90-ans-avec-le-pack-literie-anthology-avenue-literie-troyes\\\/#breadcrumb\"},\"inLanguage\":\"fr-FR\",\"potentialAction\":[{\"@type\":\"ReadAction\",\"target\":[\"https:\\\/\\\/www.avenue-literie.com\\\/blog\\\/2019\\\/01\\\/10\\\/exclusif-epeda-fete-ses-90-ans-avec-le-pack-literie-anthology-avenue-literie-troyes\\\/\"]}]},{\"@type\":\"ImageObject\",\"inLanguage\":\"fr-FR\",\"@id\":\"https:\\\/\\\/www.avenue-literie.com\\\/blog\\\/2019\\\/01\\\/10\\\/exclusif-epeda-fete-ses-90-ans-avec-le-pack-literie-anthology-avenue-literie-troyes\\\/#primaryimage\",\"url\":\"https:\\\/\\\/www.avenue-literie.com\\\/blog\\\/wp-content\\\/uploads\\\/2019\\\/01\\\/anthology_ambiance1000.jpg\",\"contentUrl\":\"https:\\\/\\\/www.avenue-literie.com\\\/blog\\\/wp-content\\\/uploads\\\/2019\\\/01\\\/anthology_ambiance1000.jpg\",\"width\":1000,\"height\":846,\"caption\":\"Epeda a Troyes a saint andr\u00e9 les vergers pack literie pas cher\"},{\"@type\":\"BreadcrumbList\",\"@id\":\"https:\\\/\\\/www.avenue-literie.com\\\/blog\\\/2019\\\/01\\\/10\\\/exclusif-epeda-fete-ses-90-ans-avec-le-pack-literie-anthology-avenue-literie-troyes\\\/#breadcrumb\",\"itemListElement\":[{\"@type\":\"ListItem\",\"position\":1,\"name\":\"Home\",\"item\":\"https:\\\/\\\/www.avenue-literie.com\\\/blog\\\/\"},{\"@type\":\"ListItem\",\"position\":2,\"name\":\"Epeda 90 ans c ase fete avec le pack literie Anthology\",\"item\":\"https:\\\/\\\/www.avenue-literie.com\\\/blog\\\/category\\\/epeda-90-ans-c-ase-fete-avec-le-pack-literie-anthology\\\/\"},{\"@type\":\"ListItem\",\"position\":3,\"name\":\"Exclusif : Epeda fete ses 90 ans avec le Pack Literie Anthology Avenue Literie Troyes\"}]},{\"@type\":\"WebSite\",\"@id\":\"https:\\\/\\\/www.avenue-literie.com\\\/blog\\\/#website\",\"url\":\"https:\\\/\\\/www.avenue-literie.com\\\/blog\\\/\",\"name\":\"Le Blog Avenue Literie\",\"description\":\"Le blog du conseil en literie\",\"publisher\":{\"@id\":\"https:\\\/\\\/www.avenue-literie.com\\\/blog\\\/#organization\"},\"potentialAction\":[{\"@type\":\"SearchAction\",\"target\":{\"@type\":\"EntryPoint\",\"urlTemplate\":\"https:\\\/\\\/www.avenue-literie.com\\\/blog\\\/?s={search_term_string}\"},\"query-input\":{\"@type\":\"PropertyValueSpecification\",\"valueRequired\":true,\"valueName\":\"search_term_string\"}}],\"inLanguage\":\"fr-FR\"},{\"@type\":\"Organization\",\"@id\":\"https:\\\/\\\/www.avenue-literie.com\\\/blog\\\/#organization\",\"name\":\"Le blog Avenue Literie\",\"alternateName\":\"Le blog Avenue Literie\",\"url\":\"https:\\\/\\\/www.avenue-literie.com\\\/blog\\\/\",\"logo\":{\"@type\":\"ImageObject\",\"inLanguage\":\"fr-FR\",\"@id\":\"https:\\\/\\\/www.avenue-literie.com\\\/blog\\\/#\\\/schema\\\/logo\\\/image\\\/\",\"url\":\"https:\\\/\\\/www.avenue-literie.com\\\/blog\\\/wp-content\\\/uploads\\\/2022\\\/04\\\/cropped-Gros-logo-avenue-literie-sans-arriere-fond-blanc.png\",\"contentUrl\":\"https:\\\/\\\/www.avenue-literie.com\\\/blog\\\/wp-content\\\/uploads\\\/2022\\\/04\\\/cropped-Gros-logo-avenue-literie-sans-arriere-fond-blanc.png\",\"width\":1479,\"height\":250,\"caption\":\"Le blog Avenue Literie\"},\"image\":{\"@id\":\"https:\\\/\\\/www.avenue-literie.com\\\/blog\\\/#\\\/schema\\\/logo\\\/image\\\/\"},\"sameAs\":[\"https:\\\/\\\/www.facebook.com\\\/AvenueLiterieTroyes\\\/\",\"https:\\\/\\\/x.com\\\/avenue_literie\",\"https:\\\/\\\/www.instagram.com\\\/avenueliterie\\\/\",\"https:\\\/\\\/www.pinterest.fr\\\/avenueliterie\\\/\"]},{\"@type\":\"Person\",\"@id\":\"https:\\\/\\\/www.avenue-literie.com\\\/blog\\\/#\\\/schema\\\/person\\\/add6301bb28276c53d992ec5ef2f17ae\",\"name\":\"J\u00e9r\u00f4me\",\"image\":{\"@type\":\"ImageObject\",\"inLanguage\":\"fr-FR\",\"@id\":\"https:\\\/\\\/secure.gravatar.com\\\/avatar\\\/2e39bb7b624068c575f434373fc1440c1bd421d6e1bdd21a14a529cbff8f1fed?s=96&d=mm&r=g\",\"url\":\"https:\\\/\\\/secure.gravatar.com\\\/avatar\\\/2e39bb7b624068c575f434373fc1440c1bd421d6e1bdd21a14a529cbff8f1fed?s=96&d=mm&r=g\",\"contentUrl\":\"https:\\\/\\\/secure.gravatar.com\\\/avatar\\\/2e39bb7b624068c575f434373fc1440c1bd421d6e1bdd21a14a529cbff8f1fed?s=96&d=mm&r=g\",\"caption\":\"J\u00e9r\u00f4me\"},\"url\":\"https:\\\/\\\/www.avenue-literie.com\\\/blog\\\/author\\\/jerome\\\/\"}]}<\/script>\n<!-- \/ Yoast SEO plugin. -->","yoast_head_json":{"title":"Exclusif : Epeda fete ses 90 ans avec le Pack Literie Anthology Avenue Literie Troyes - Le Blog Avenue Literie","robots":{"index":"index","follow":"follow","max-snippet":"max-snippet:-1","max-image-preview":"max-image-preview:large","max-video-preview":"max-video-preview:-1"},"canonical":"https:\/\/www.avenue-literie.com\/blog\/2019\/01\/10\/exclusif-epeda-fete-ses-90-ans-avec-le-pack-literie-anthology-avenue-literie-troyes\/","og_locale":"fr_FR","og_type":"article","og_title":"Exclusif : Epeda fete ses 90 ans avec le Pack Literie Anthology Avenue Literie Troyes - Le Blog Avenue Literie","og_description":"Epeda 90 ans\u00a0 \u00e7a se f\u00eate ! Avec le pack literie Anthology , Ep\u00e9da c\u00e9l\u00e8bre la toile de ses d\u00e9buts\u00a0 Edition limit\u00e9e\u00a0 &nbsp; &nbsp; Un confort d&rsquo;exception,\u00a0 ressorts 5 zones de confort , hiver laine de France et laine Shetland et \u00e9t\u00e9 en lin , h 26 cm En exclusivit\u00e9 , expos\u00e9 \u00e0 notre showroom &hellip; Continuer la lecture de &laquo;&nbsp;Exclusif : Epeda fete ses 90 ans avec le Pack Literie Anthology Avenue Literie Troyes&nbsp;&raquo;","og_url":"https:\/\/www.avenue-literie.com\/blog\/2019\/01\/10\/exclusif-epeda-fete-ses-90-ans-avec-le-pack-literie-anthology-avenue-literie-troyes\/","og_site_name":"Le Blog Avenue Literie","article_publisher":"https:\/\/www.facebook.com\/AvenueLiterieTroyes\/","article_published_time":"2019-01-10T14:21:44+00:00","article_modified_time":"2019-10-01T12:18:15+00:00","og_image":[{"width":1000,"height":846,"url":"https:\/\/www.avenue-literie.com\/blog\/wp-content\/uploads\/2019\/01\/anthology_ambiance1000.jpg","type":"image\/jpeg"}],"author":"J\u00e9r\u00f4me","twitter_card":"summary_large_image","twitter_creator":"@avenue_literie","twitter_site":"@avenue_literie","twitter_misc":{"\u00c9crit par":"J\u00e9r\u00f4me","Dur\u00e9e de lecture estim\u00e9e":"1 minute"},"schema":{"@context":"https:\/\/schema.org","@graph":[{"@type":"Article","@id":"https:\/\/www.avenue-literie.com\/blog\/2019\/01\/10\/exclusif-epeda-fete-ses-90-ans-avec-le-pack-literie-anthology-avenue-literie-troyes\/#article","isPartOf":{"@id":"https:\/\/www.avenue-literie.com\/blog\/2019\/01\/10\/exclusif-epeda-fete-ses-90-ans-avec-le-pack-literie-anthology-avenue-literie-troyes\/"},"author":{"name":"J\u00e9r\u00f4me","@id":"https:\/\/www.avenue-literie.com\/blog\/#\/schema\/person\/add6301bb28276c53d992ec5ef2f17ae"},"headline":"Exclusif : Epeda fete ses 90 ans avec le Pack Literie Anthology Avenue Literie Troyes","datePublished":"2019-01-10T14:21:44+00:00","dateModified":"2019-10-01T12:18:15+00:00","mainEntityOfPage":{"@id":"https:\/\/www.avenue-literie.com\/blog\/2019\/01\/10\/exclusif-epeda-fete-ses-90-ans-avec-le-pack-literie-anthology-avenue-literie-troyes\/"},"wordCount":129,"publisher":{"@id":"https:\/\/www.avenue-literie.com\/blog\/#organization"},"image":{"@id":"https:\/\/www.avenue-literie.com\/blog\/2019\/01\/10\/exclusif-epeda-fete-ses-90-ans-avec-le-pack-literie-anthology-avenue-literie-troyes\/#primaryimage"},"thumbnailUrl":"https:\/\/www.avenue-literie.com\/blog\/wp-content\/uploads\/2019\/01\/anthology_ambiance1000.jpg","keywords":["Epeda","Epeda 90ans Janvier 2019","Epeda D\u00e9dicace","France Literie","Lit 2 personnes","Lit Adulte","Lit Design","Lit double","Lit King Size","Literie Paris","Matelas Epeda","Sommier et matelas"],"articleSection":["Epeda 90 ans c ase fete avec le pack literie Anthology"],"inLanguage":"fr-FR"},{"@type":"WebPage","@id":"https:\/\/www.avenue-literie.com\/blog\/2019\/01\/10\/exclusif-epeda-fete-ses-90-ans-avec-le-pack-literie-anthology-avenue-literie-troyes\/","url":"https:\/\/www.avenue-literie.com\/blog\/2019\/01\/10\/exclusif-epeda-fete-ses-90-ans-avec-le-pack-literie-anthology-avenue-literie-troyes\/","name":"Exclusif : Epeda fete ses 90 ans avec le Pack Literie Anthology Avenue Literie Troyes - Le Blog Avenue Literie","isPartOf":{"@id":"https:\/\/www.avenue-literie.com\/blog\/#website"},"primaryImageOfPage":{"@id":"https:\/\/www.avenue-literie.com\/blog\/2019\/01\/10\/exclusif-epeda-fete-ses-90-ans-avec-le-pack-literie-anthology-avenue-literie-troyes\/#primaryimage"},"image":{"@id":"https:\/\/www.avenue-literie.com\/blog\/2019\/01\/10\/exclusif-epeda-fete-ses-90-ans-avec-le-pack-literie-anthology-avenue-literie-troyes\/#primaryimage"},"thumbnailUrl":"https:\/\/www.avenue-literie.com\/blog\/wp-content\/uploads\/2019\/01\/anthology_ambiance1000.jpg","datePublished":"2019-01-10T14:21:44+00:00","dateModified":"2019-10-01T12:18:15+00:00","breadcrumb":{"@id":"https:\/\/www.avenue-literie.com\/blog\/2019\/01\/10\/exclusif-epeda-fete-ses-90-ans-avec-le-pack-literie-anthology-avenue-literie-troyes\/#breadcrumb"},"inLanguage":"fr-FR","potentialAction":[{"@type":"ReadAction","target":["https:\/\/www.avenue-literie.com\/blog\/2019\/01\/10\/exclusif-epeda-fete-ses-90-ans-avec-le-pack-literie-anthology-avenue-literie-troyes\/"]}]},{"@type":"ImageObject","inLanguage":"fr-FR","@id":"https:\/\/www.avenue-literie.com\/blog\/2019\/01\/10\/exclusif-epeda-fete-ses-90-ans-avec-le-pack-literie-anthology-avenue-literie-troyes\/#primaryimage","url":"https:\/\/www.avenue-literie.com\/blog\/wp-content\/uploads\/2019\/01\/anthology_ambiance1000.jpg","contentUrl":"https:\/\/www.avenue-literie.com\/blog\/wp-content\/uploads\/2019\/01\/anthology_ambiance1000.jpg","width":1000,"height":846,"caption":"Epeda a Troyes a saint andr\u00e9 les vergers pack literie pas cher"},{"@type":"BreadcrumbList","@id":"https:\/\/www.avenue-literie.com\/blog\/2019\/01\/10\/exclusif-epeda-fete-ses-90-ans-avec-le-pack-literie-anthology-avenue-literie-troyes\/#breadcrumb","itemListElement":[{"@type":"ListItem","position":1,"name":"Home","item":"https:\/\/www.avenue-literie.com\/blog\/"},{"@type":"ListItem","position":2,"name":"Epeda 90 ans c ase fete avec le pack literie Anthology","item":"https:\/\/www.avenue-literie.com\/blog\/category\/epeda-90-ans-c-ase-fete-avec-le-pack-literie-anthology\/"},{"@type":"ListItem","position":3,"name":"Exclusif : Epeda fete ses 90 ans avec le Pack Literie Anthology Avenue Literie Troyes"}]},{"@type":"WebSite","@id":"https:\/\/www.avenue-literie.com\/blog\/#website","url":"https:\/\/www.avenue-literie.com\/blog\/","name":"Le Blog Avenue Literie","description":"Le blog du conseil en literie","publisher":{"@id":"https:\/\/www.avenue-literie.com\/blog\/#organization"},"potentialAction":[{"@type":"SearchAction","target":{"@type":"EntryPoint","urlTemplate":"https:\/\/www.avenue-literie.com\/blog\/?s={search_term_string}"},"query-input":{"@type":"PropertyValueSpecification","valueRequired":true,"valueName":"search_term_string"}}],"inLanguage":"fr-FR"},{"@type":"Organization","@id":"https:\/\/www.avenue-literie.com\/blog\/#organization","name":"Le blog Avenue Literie","alternateName":"Le blog Avenue Literie","url":"https:\/\/www.avenue-literie.com\/blog\/","logo":{"@type":"ImageObject","inLanguage":"fr-FR","@id":"https:\/\/www.avenue-literie.com\/blog\/#\/schema\/logo\/image\/","url":"https:\/\/www.avenue-literie.com\/blog\/wp-content\/uploads\/2022\/04\/cropped-Gros-logo-avenue-literie-sans-arriere-fond-blanc.png","contentUrl":"https:\/\/www.avenue-literie.com\/blog\/wp-content\/uploads\/2022\/04\/cropped-Gros-logo-avenue-literie-sans-arriere-fond-blanc.png","width":1479,"height":250,"caption":"Le blog Avenue Literie"},"image":{"@id":"https:\/\/www.avenue-literie.com\/blog\/#\/schema\/logo\/image\/"},"sameAs":["https:\/\/www.facebook.com\/AvenueLiterieTroyes\/","https:\/\/x.com\/avenue_literie","https:\/\/www.instagram.com\/avenueliterie\/","https:\/\/www.pinterest.fr\/avenueliterie\/"]},{"@type":"Person","@id":"https:\/\/www.avenue-literie.com\/blog\/#\/schema\/person\/add6301bb28276c53d992ec5ef2f17ae","name":"J\u00e9r\u00f4me","image":{"@type":"ImageObject","inLanguage":"fr-FR","@id":"https:\/\/secure.gravatar.com\/avatar\/2e39bb7b624068c575f434373fc1440c1bd421d6e1bdd21a14a529cbff8f1fed?s=96&d=mm&r=g","url":"https:\/\/secure.gravatar.com\/avatar\/2e39bb7b624068c575f434373fc1440c1bd421d6e1bdd21a14a529cbff8f1fed?s=96&d=mm&r=g","contentUrl":"https:\/\/secure.gravatar.com\/avatar\/2e39bb7b624068c575f434373fc1440c1bd421d6e1bdd21a14a529cbff8f1fed?s=96&d=mm&r=g","caption":"J\u00e9r\u00f4me"},"url":"https:\/\/www.avenue-literie.com\/blog\/author\/jerome\/"}]}},"_links":{"self":[{"href":"https:\/\/www.avenue-literie.com\/blog\/wp-json\/wp\/v2\/posts\/316","targetHints":{"allow":["GET"]}}],"collection":[{"href":"https:\/\/www.avenue-literie.com\/blog\/wp-json\/wp\/v2\/posts"}],"about":[{"href":"https:\/\/www.avenue-literie.com\/blog\/wp-json\/wp\/v2\/types\/post"}],"author":[{"embeddable":true,"href":"https:\/\/www.avenue-literie.com\/blog\/wp-json\/wp\/v2\/users\/2"}],"replies":[{"embeddable":true,"href":"https:\/\/www.avenue-literie.com\/blog\/wp-json\/wp\/v2\/comments?post=316"}],"version-history":[{"count":6,"href":"https:\/\/www.avenue-literie.com\/blog\/wp-json\/wp\/v2\/posts\/316\/revisions"}],"predecessor-version":[{"id":322,"href":"https:\/\/www.avenue-literie.com\/blog\/wp-json\/wp\/v2\/posts\/316\/revisions\/322"}],"wp:featuredmedia":[{"embeddable":true,"href":"https:\/\/www.avenue-literie.com\/blog\/wp-json\/wp\/v2\/media\/310"}],"wp:attachment":[{"href":"https:\/\/www.avenue-literie.com\/blog\/wp-json\/wp\/v2\/media?parent=316"}],"wp:term":[{"taxonomy":"category","embeddable":true,"href":"https:\/\/www.avenue-literie.com\/blog\/wp-json\/wp\/v2\/categories?post=316"},{"taxonomy":"post_tag","embeddable":true,"href":"https:\/\/www.avenue-literie.com\/blog\/wp-json\/wp\/v2\/tags?post=316"}],"curies":[{"name":"wp","href":"https:\/\/api.w.org\/{rel}","templated":true}]}}