{"id":9,"date":"2017-10-02T07:40:57","date_gmt":"2017-10-02T07:40:57","guid":{"rendered":"https:\/\/www.avenue-literie.com\/blog\/?p=9"},"modified":"2017-10-18T19:01:37","modified_gmt":"2017-10-18T19:01:37","slug":"epeda_pack_literie_macaronmatelas-et-sommier-140x190","status":"publish","type":"post","link":"https:\/\/www.avenue-literie.com\/blog\/2017\/10\/02\/epeda_pack_literie_macaronmatelas-et-sommier-140x190\/","title":{"rendered":"Edition Limit\u00e9e EPEDA magasin de literie exclusivit\u00e9 Avenue Literie Troyes d\u00e9pt  10"},"content":{"rendered":"<h1><strong>EDITION LIMIT\u00c9E\u00a0EPEDA<\/strong><\/h1>\n<p><strong>MATELAS + SOMMIER\u00a0 en\u00a0 140&#215;190 cm\u00a0\u00a0<\/strong><\/p>\n<p><strong>Matelas Macaron 140&#215;190 cm <\/strong><\/p>\n<ul>\n<li>Accueil tonique- soutien ferme<\/li>\n<li>Ressorts Multi-actif\u00a0: plus de confort et soutien tr\u00e8s pr\u00e9cis<\/li>\n<li>5 zone de conforts<\/li>\n<li>2 faces de couchage<\/li>\n<li>Hiver laine schetland , mousse de confort<\/li>\n<li>Et\u00e9\u00a0: Fibres hypoallerg\u00e9niques, mousse de confort<\/li>\n<li>Trait\u00e9 anti-acarien anti-bact\u00e9rien<\/li>\n<li>Fabrication Fran\u00e7aise, fabriqu\u00e9 en Normandie<\/li>\n<li>Hauteur 26 cm<\/li>\n<\/ul>\n<p><strong>Sommier Macaron 140&#215;190 cm <\/strong><\/p>\n<ul>\n<li>Confort ferme<\/li>\n<li>Suspension 12 lattes en bois massif<\/li>\n<li>Hauteur 15 cm<\/li>\n<li>Choix des tissus<\/li>\n<li>Coutil assortis au matelas<\/li>\n<li>Coutil d\u00e9co Enduit Taupe<\/li>\n<li>Coutil Chin\u00e9 marron (mod\u00e8le en photos)<\/li>\n<li>Coutil Chin\u00e9 gris<\/li>\n<li>Fabrication Fran\u00e7aise, fabriqu\u00e9 en Normandie<\/li>\n<li>\u00a0\u00a0\u00a0Garantie 7 ans\n<figure id=\"attachment_23\" aria-describedby=\"caption-attachment-23\" style=\"width: 2480px\" class=\"wp-caption alignnone\"><img decoding=\"async\" class=\"size-full wp-image-23\" src=\"https:\/\/www.avenue-literie.com\/blog\/wp-content\/uploads\/2017\/10\/Offre-edition-limit\u00e9-EPEDA_octobre-2017.jpg\" alt=\"\" width=\"2480\" height=\"1772\" srcset=\"https:\/\/www.avenue-literie.com\/blog\/wp-content\/uploads\/2017\/10\/Offre-edition-limit\u00e9-EPEDA_octobre-2017.jpg 2480w, https:\/\/www.avenue-literie.com\/blog\/wp-content\/uploads\/2017\/10\/Offre-edition-limit\u00e9-EPEDA_octobre-2017-300x214.jpg 300w, https:\/\/www.avenue-literie.com\/blog\/wp-content\/uploads\/2017\/10\/Offre-edition-limit\u00e9-EPEDA_octobre-2017-768x549.jpg 768w, https:\/\/www.avenue-literie.com\/blog\/wp-content\/uploads\/2017\/10\/Offre-edition-limit\u00e9-EPEDA_octobre-2017-1024x732.jpg 1024w\" sizes=\"(max-width: 767px) 89vw, (max-width: 1000px) 54vw, (max-width: 1071px) 543px, 580px\" \/><figcaption id=\"caption-attachment-23\" class=\"wp-caption-text\">Offre \u00e9peda Edition limit\u00e9e\u00a0Le Pack Gourmand, MACARON par Epeda<\/figcaption><\/figure>\n<p><a href=\"https:\/\/www.avenue-literie.com\/ensemble-literie-140x190-macaron-epeda-matelas-sommier-chine-marron-de-epeda.html\">https:\/\/www.avenue-literie.com\/ensemble-literie-140&#215;190-macaron-epeda-matelas-sommier-chine-marron-de-epeda.html<\/a><\/li>\n<\/ul>\n<h2>En exclusivit\u00e9 dans votre magasin de literie <strong>Avenue literie<\/strong> concessionnaire de la marque Ep\u00e9da<\/h2>\n<p><a href=\"https:\/\/www.avenue-literie.com\/magasin-showroom_avenue-literie_troyes.html\">https:\/\/www.avenue-literie.com\/magasin-showroom_avenue-literie_troyes.html<\/a><\/p>\n<p><strong>Jusqu\u2019au 31 octobre 2017<\/strong><\/p>\n<ul>\n<li>En option jeu de 4 pieds et Dosseret<\/li>\n<li>Offre soumise \u00e0 conditions, voir conditions en magasin<\/li>\n<\/ul>\n<p>Existe \u00e9galement en 160&#215;200 cm\u00a0 et 180&#215;200 cm<\/p>\n","protected":false},"excerpt":{"rendered":"<p>EDITION LIMIT\u00c9E\u00a0EPEDA MATELAS + SOMMIER\u00a0 en\u00a0 140&#215;190 cm\u00a0\u00a0 Matelas Macaron 140&#215;190 cm Accueil tonique- soutien ferme Ressorts Multi-actif\u00a0: plus de confort et soutien tr\u00e8s pr\u00e9cis 5 zone de conforts 2 faces de couchage Hiver laine schetland , mousse de confort Et\u00e9\u00a0: Fibres hypoallerg\u00e9niques, mousse de confort Trait\u00e9 anti-acarien anti-bact\u00e9rien Fabrication Fran\u00e7aise, fabriqu\u00e9 en Normandie Hauteur &hellip; <\/p>\n<p class=\"link-more\"><a href=\"https:\/\/www.avenue-literie.com\/blog\/2017\/10\/02\/epeda_pack_literie_macaronmatelas-et-sommier-140x190\/\" class=\"more-link\">Continuer la lecture<span class=\"screen-reader-text\"> de &laquo;&nbsp;Edition Limit\u00e9e EPEDA magasin de literie exclusivit\u00e9 Avenue Literie Troyes d\u00e9pt  10&nbsp;&raquo;<\/span><\/a><\/p>\n","protected":false},"author":2,"featured_media":23,"comment_status":"closed","ping_status":"closed","sticky":false,"template":"","format":"standard","meta":{"footnotes":""},"categories":[3],"tags":[],"class_list":["post-9","post","type-post","status-publish","format-standard","has-post-thumbnail","hentry","category-octobre-2017"],"yoast_head":"<!-- This site is optimized with the Yoast SEO plugin v27.4 - https:\/\/yoast.com\/product\/yoast-seo-wordpress\/ -->\n<title>Edition Limit\u00e9e EPEDA magasin de literie exclusivit\u00e9 Avenue Literie Troyes d\u00e9pt 10 - Le Blog Avenue Literie<\/title>\n<meta name=\"robots\" content=\"index, follow, max-snippet:-1, max-image-preview:large, max-video-preview:-1\" \/>\n<link rel=\"canonical\" href=\"https:\/\/www.avenue-literie.com\/blog\/2017\/10\/02\/epeda_pack_literie_macaronmatelas-et-sommier-140x190\/\" \/>\n<meta property=\"og:locale\" content=\"fr_FR\" \/>\n<meta property=\"og:type\" content=\"article\" \/>\n<meta property=\"og:title\" content=\"Edition Limit\u00e9e EPEDA magasin de literie exclusivit\u00e9 Avenue Literie Troyes d\u00e9pt 10 - Le Blog Avenue Literie\" \/>\n<meta property=\"og:description\" content=\"EDITION LIMIT\u00c9E\u00a0EPEDA MATELAS + SOMMIER\u00a0 en\u00a0 140&#215;190 cm\u00a0\u00a0 Matelas Macaron 140&#215;190 cm Accueil tonique- soutien ferme Ressorts Multi-actif\u00a0: plus de confort et soutien tr\u00e8s pr\u00e9cis 5 zone de conforts 2 faces de couchage Hiver laine schetland , mousse de confort Et\u00e9\u00a0: Fibres hypoallerg\u00e9niques, mousse de confort Trait\u00e9 anti-acarien anti-bact\u00e9rien Fabrication Fran\u00e7aise, fabriqu\u00e9 en Normandie Hauteur &hellip; Continuer la lecture de &laquo;&nbsp;Edition Limit\u00e9e EPEDA magasin de literie exclusivit\u00e9 Avenue Literie Troyes d\u00e9pt 10&nbsp;&raquo;\" \/>\n<meta property=\"og:url\" content=\"https:\/\/www.avenue-literie.com\/blog\/2017\/10\/02\/epeda_pack_literie_macaronmatelas-et-sommier-140x190\/\" \/>\n<meta property=\"og:site_name\" content=\"Le Blog Avenue Literie\" \/>\n<meta property=\"article:publisher\" content=\"https:\/\/www.facebook.com\/AvenueLiterieTroyes\/\" \/>\n<meta property=\"article:published_time\" content=\"2017-10-02T07:40:57+00:00\" \/>\n<meta property=\"article:modified_time\" content=\"2017-10-18T19:01:37+00:00\" \/>\n<meta property=\"og:image\" content=\"https:\/\/www.avenue-literie.com\/blog\/wp-content\/uploads\/2017\/10\/Offre-edition-limit\u00e9-EPEDA_octobre-2017.jpg\" \/>\n\t<meta property=\"og:image:width\" content=\"2480\" \/>\n\t<meta property=\"og:image:height\" content=\"1772\" \/>\n\t<meta property=\"og:image:type\" content=\"image\/jpeg\" \/>\n<meta name=\"author\" content=\"J\u00e9r\u00f4me\" \/>\n<meta name=\"twitter:card\" content=\"summary_large_image\" \/>\n<meta name=\"twitter:creator\" content=\"@avenue_literie\" \/>\n<meta name=\"twitter:site\" content=\"@avenue_literie\" \/>\n<meta name=\"twitter:label1\" content=\"\u00c9crit par\" \/>\n\t<meta name=\"twitter:data1\" content=\"J\u00e9r\u00f4me\" \/>\n\t<meta name=\"twitter:label2\" content=\"Dur\u00e9e de lecture estim\u00e9e\" \/>\n\t<meta name=\"twitter:data2\" content=\"1 minute\" \/>\n<script type=\"application\/ld+json\" class=\"yoast-schema-graph\">{\"@context\":\"https:\\\/\\\/schema.org\",\"@graph\":[{\"@type\":\"Article\",\"@id\":\"https:\\\/\\\/www.avenue-literie.com\\\/blog\\\/2017\\\/10\\\/02\\\/epeda_pack_literie_macaronmatelas-et-sommier-140x190\\\/#article\",\"isPartOf\":{\"@id\":\"https:\\\/\\\/www.avenue-literie.com\\\/blog\\\/2017\\\/10\\\/02\\\/epeda_pack_literie_macaronmatelas-et-sommier-140x190\\\/\"},\"author\":{\"name\":\"J\u00e9r\u00f4me\",\"@id\":\"https:\\\/\\\/www.avenue-literie.com\\\/blog\\\/#\\\/schema\\\/person\\\/add6301bb28276c53d992ec5ef2f17ae\"},\"headline\":\"Edition Limit\u00e9e EPEDA magasin de literie exclusivit\u00e9 Avenue Literie Troyes d\u00e9pt 10\",\"datePublished\":\"2017-10-02T07:40:57+00:00\",\"dateModified\":\"2017-10-18T19:01:37+00:00\",\"mainEntityOfPage\":{\"@id\":\"https:\\\/\\\/www.avenue-literie.com\\\/blog\\\/2017\\\/10\\\/02\\\/epeda_pack_literie_macaronmatelas-et-sommier-140x190\\\/\"},\"wordCount\":189,\"publisher\":{\"@id\":\"https:\\\/\\\/www.avenue-literie.com\\\/blog\\\/#organization\"},\"image\":{\"@id\":\"https:\\\/\\\/www.avenue-literie.com\\\/blog\\\/2017\\\/10\\\/02\\\/epeda_pack_literie_macaronmatelas-et-sommier-140x190\\\/#primaryimage\"},\"thumbnailUrl\":\"https:\\\/\\\/www.avenue-literie.com\\\/blog\\\/wp-content\\\/uploads\\\/2017\\\/10\\\/Offre-edition-limit\u00e9-EPEDA_octobre-2017.jpg\",\"articleSection\":[\"Octobre 2017\"],\"inLanguage\":\"fr-FR\"},{\"@type\":\"WebPage\",\"@id\":\"https:\\\/\\\/www.avenue-literie.com\\\/blog\\\/2017\\\/10\\\/02\\\/epeda_pack_literie_macaronmatelas-et-sommier-140x190\\\/\",\"url\":\"https:\\\/\\\/www.avenue-literie.com\\\/blog\\\/2017\\\/10\\\/02\\\/epeda_pack_literie_macaronmatelas-et-sommier-140x190\\\/\",\"name\":\"Edition Limit\u00e9e EPEDA magasin de literie exclusivit\u00e9 Avenue Literie Troyes d\u00e9pt 10 - Le Blog Avenue Literie\",\"isPartOf\":{\"@id\":\"https:\\\/\\\/www.avenue-literie.com\\\/blog\\\/#website\"},\"primaryImageOfPage\":{\"@id\":\"https:\\\/\\\/www.avenue-literie.com\\\/blog\\\/2017\\\/10\\\/02\\\/epeda_pack_literie_macaronmatelas-et-sommier-140x190\\\/#primaryimage\"},\"image\":{\"@id\":\"https:\\\/\\\/www.avenue-literie.com\\\/blog\\\/2017\\\/10\\\/02\\\/epeda_pack_literie_macaronmatelas-et-sommier-140x190\\\/#primaryimage\"},\"thumbnailUrl\":\"https:\\\/\\\/www.avenue-literie.com\\\/blog\\\/wp-content\\\/uploads\\\/2017\\\/10\\\/Offre-edition-limit\u00e9-EPEDA_octobre-2017.jpg\",\"datePublished\":\"2017-10-02T07:40:57+00:00\",\"dateModified\":\"2017-10-18T19:01:37+00:00\",\"breadcrumb\":{\"@id\":\"https:\\\/\\\/www.avenue-literie.com\\\/blog\\\/2017\\\/10\\\/02\\\/epeda_pack_literie_macaronmatelas-et-sommier-140x190\\\/#breadcrumb\"},\"inLanguage\":\"fr-FR\",\"potentialAction\":[{\"@type\":\"ReadAction\",\"target\":[\"https:\\\/\\\/www.avenue-literie.com\\\/blog\\\/2017\\\/10\\\/02\\\/epeda_pack_literie_macaronmatelas-et-sommier-140x190\\\/\"]}]},{\"@type\":\"ImageObject\",\"inLanguage\":\"fr-FR\",\"@id\":\"https:\\\/\\\/www.avenue-literie.com\\\/blog\\\/2017\\\/10\\\/02\\\/epeda_pack_literie_macaronmatelas-et-sommier-140x190\\\/#primaryimage\",\"url\":\"https:\\\/\\\/www.avenue-literie.com\\\/blog\\\/wp-content\\\/uploads\\\/2017\\\/10\\\/Offre-edition-limit\u00e9-EPEDA_octobre-2017.jpg\",\"contentUrl\":\"https:\\\/\\\/www.avenue-literie.com\\\/blog\\\/wp-content\\\/uploads\\\/2017\\\/10\\\/Offre-edition-limit\u00e9-EPEDA_octobre-2017.jpg\",\"width\":2480,\"height\":1772,\"caption\":\"Offre \u00e9peda Edition limit\u00e9e\"},{\"@type\":\"BreadcrumbList\",\"@id\":\"https:\\\/\\\/www.avenue-literie.com\\\/blog\\\/2017\\\/10\\\/02\\\/epeda_pack_literie_macaronmatelas-et-sommier-140x190\\\/#breadcrumb\",\"itemListElement\":[{\"@type\":\"ListItem\",\"position\":1,\"name\":\"Home\",\"item\":\"https:\\\/\\\/www.avenue-literie.com\\\/blog\\\/\"},{\"@type\":\"ListItem\",\"position\":2,\"name\":\"Octobre 2017\",\"item\":\"https:\\\/\\\/www.avenue-literie.com\\\/blog\\\/category\\\/octobre-2017\\\/\"},{\"@type\":\"ListItem\",\"position\":3,\"name\":\"Edition Limit\u00e9e EPEDA magasin de literie exclusivit\u00e9 Avenue Literie Troyes d\u00e9pt 10\"}]},{\"@type\":\"WebSite\",\"@id\":\"https:\\\/\\\/www.avenue-literie.com\\\/blog\\\/#website\",\"url\":\"https:\\\/\\\/www.avenue-literie.com\\\/blog\\\/\",\"name\":\"Le Blog Avenue Literie\",\"description\":\"Le blog du conseil en literie\",\"publisher\":{\"@id\":\"https:\\\/\\\/www.avenue-literie.com\\\/blog\\\/#organization\"},\"potentialAction\":[{\"@type\":\"SearchAction\",\"target\":{\"@type\":\"EntryPoint\",\"urlTemplate\":\"https:\\\/\\\/www.avenue-literie.com\\\/blog\\\/?s={search_term_string}\"},\"query-input\":{\"@type\":\"PropertyValueSpecification\",\"valueRequired\":true,\"valueName\":\"search_term_string\"}}],\"inLanguage\":\"fr-FR\"},{\"@type\":\"Organization\",\"@id\":\"https:\\\/\\\/www.avenue-literie.com\\\/blog\\\/#organization\",\"name\":\"Le blog Avenue Literie\",\"alternateName\":\"Le blog Avenue Literie\",\"url\":\"https:\\\/\\\/www.avenue-literie.com\\\/blog\\\/\",\"logo\":{\"@type\":\"ImageObject\",\"inLanguage\":\"fr-FR\",\"@id\":\"https:\\\/\\\/www.avenue-literie.com\\\/blog\\\/#\\\/schema\\\/logo\\\/image\\\/\",\"url\":\"https:\\\/\\\/www.avenue-literie.com\\\/blog\\\/wp-content\\\/uploads\\\/2022\\\/04\\\/cropped-Gros-logo-avenue-literie-sans-arriere-fond-blanc.png\",\"contentUrl\":\"https:\\\/\\\/www.avenue-literie.com\\\/blog\\\/wp-content\\\/uploads\\\/2022\\\/04\\\/cropped-Gros-logo-avenue-literie-sans-arriere-fond-blanc.png\",\"width\":1479,\"height\":250,\"caption\":\"Le blog Avenue Literie\"},\"image\":{\"@id\":\"https:\\\/\\\/www.avenue-literie.com\\\/blog\\\/#\\\/schema\\\/logo\\\/image\\\/\"},\"sameAs\":[\"https:\\\/\\\/www.facebook.com\\\/AvenueLiterieTroyes\\\/\",\"https:\\\/\\\/x.com\\\/avenue_literie\",\"https:\\\/\\\/www.instagram.com\\\/avenueliterie\\\/\",\"https:\\\/\\\/www.pinterest.fr\\\/avenueliterie\\\/\"]},{\"@type\":\"Person\",\"@id\":\"https:\\\/\\\/www.avenue-literie.com\\\/blog\\\/#\\\/schema\\\/person\\\/add6301bb28276c53d992ec5ef2f17ae\",\"name\":\"J\u00e9r\u00f4me\",\"image\":{\"@type\":\"ImageObject\",\"inLanguage\":\"fr-FR\",\"@id\":\"https:\\\/\\\/secure.gravatar.com\\\/avatar\\\/2e39bb7b624068c575f434373fc1440c1bd421d6e1bdd21a14a529cbff8f1fed?s=96&d=mm&r=g\",\"url\":\"https:\\\/\\\/secure.gravatar.com\\\/avatar\\\/2e39bb7b624068c575f434373fc1440c1bd421d6e1bdd21a14a529cbff8f1fed?s=96&d=mm&r=g\",\"contentUrl\":\"https:\\\/\\\/secure.gravatar.com\\\/avatar\\\/2e39bb7b624068c575f434373fc1440c1bd421d6e1bdd21a14a529cbff8f1fed?s=96&d=mm&r=g\",\"caption\":\"J\u00e9r\u00f4me\"},\"url\":\"https:\\\/\\\/www.avenue-literie.com\\\/blog\\\/author\\\/jerome\\\/\"}]}<\/script>\n<!-- \/ Yoast SEO plugin. -->","yoast_head_json":{"title":"Edition Limit\u00e9e EPEDA magasin de literie exclusivit\u00e9 Avenue Literie Troyes d\u00e9pt 10 - Le Blog Avenue Literie","robots":{"index":"index","follow":"follow","max-snippet":"max-snippet:-1","max-image-preview":"max-image-preview:large","max-video-preview":"max-video-preview:-1"},"canonical":"https:\/\/www.avenue-literie.com\/blog\/2017\/10\/02\/epeda_pack_literie_macaronmatelas-et-sommier-140x190\/","og_locale":"fr_FR","og_type":"article","og_title":"Edition Limit\u00e9e EPEDA magasin de literie exclusivit\u00e9 Avenue Literie Troyes d\u00e9pt 10 - Le Blog Avenue Literie","og_description":"EDITION LIMIT\u00c9E\u00a0EPEDA MATELAS + SOMMIER\u00a0 en\u00a0 140&#215;190 cm\u00a0\u00a0 Matelas Macaron 140&#215;190 cm Accueil tonique- soutien ferme Ressorts Multi-actif\u00a0: plus de confort et soutien tr\u00e8s pr\u00e9cis 5 zone de conforts 2 faces de couchage Hiver laine schetland , mousse de confort Et\u00e9\u00a0: Fibres hypoallerg\u00e9niques, mousse de confort Trait\u00e9 anti-acarien anti-bact\u00e9rien Fabrication Fran\u00e7aise, fabriqu\u00e9 en Normandie Hauteur &hellip; Continuer la lecture de &laquo;&nbsp;Edition Limit\u00e9e EPEDA magasin de literie exclusivit\u00e9 Avenue Literie Troyes d\u00e9pt 10&nbsp;&raquo;","og_url":"https:\/\/www.avenue-literie.com\/blog\/2017\/10\/02\/epeda_pack_literie_macaronmatelas-et-sommier-140x190\/","og_site_name":"Le Blog Avenue Literie","article_publisher":"https:\/\/www.facebook.com\/AvenueLiterieTroyes\/","article_published_time":"2017-10-02T07:40:57+00:00","article_modified_time":"2017-10-18T19:01:37+00:00","og_image":[{"width":2480,"height":1772,"url":"https:\/\/www.avenue-literie.com\/blog\/wp-content\/uploads\/2017\/10\/Offre-edition-limit\u00e9-EPEDA_octobre-2017.jpg","type":"image\/jpeg"}],"author":"J\u00e9r\u00f4me","twitter_card":"summary_large_image","twitter_creator":"@avenue_literie","twitter_site":"@avenue_literie","twitter_misc":{"\u00c9crit par":"J\u00e9r\u00f4me","Dur\u00e9e de lecture estim\u00e9e":"1 minute"},"schema":{"@context":"https:\/\/schema.org","@graph":[{"@type":"Article","@id":"https:\/\/www.avenue-literie.com\/blog\/2017\/10\/02\/epeda_pack_literie_macaronmatelas-et-sommier-140x190\/#article","isPartOf":{"@id":"https:\/\/www.avenue-literie.com\/blog\/2017\/10\/02\/epeda_pack_literie_macaronmatelas-et-sommier-140x190\/"},"author":{"name":"J\u00e9r\u00f4me","@id":"https:\/\/www.avenue-literie.com\/blog\/#\/schema\/person\/add6301bb28276c53d992ec5ef2f17ae"},"headline":"Edition Limit\u00e9e EPEDA magasin de literie exclusivit\u00e9 Avenue Literie Troyes d\u00e9pt 10","datePublished":"2017-10-02T07:40:57+00:00","dateModified":"2017-10-18T19:01:37+00:00","mainEntityOfPage":{"@id":"https:\/\/www.avenue-literie.com\/blog\/2017\/10\/02\/epeda_pack_literie_macaronmatelas-et-sommier-140x190\/"},"wordCount":189,"publisher":{"@id":"https:\/\/www.avenue-literie.com\/blog\/#organization"},"image":{"@id":"https:\/\/www.avenue-literie.com\/blog\/2017\/10\/02\/epeda_pack_literie_macaronmatelas-et-sommier-140x190\/#primaryimage"},"thumbnailUrl":"https:\/\/www.avenue-literie.com\/blog\/wp-content\/uploads\/2017\/10\/Offre-edition-limit\u00e9-EPEDA_octobre-2017.jpg","articleSection":["Octobre 2017"],"inLanguage":"fr-FR"},{"@type":"WebPage","@id":"https:\/\/www.avenue-literie.com\/blog\/2017\/10\/02\/epeda_pack_literie_macaronmatelas-et-sommier-140x190\/","url":"https:\/\/www.avenue-literie.com\/blog\/2017\/10\/02\/epeda_pack_literie_macaronmatelas-et-sommier-140x190\/","name":"Edition Limit\u00e9e EPEDA magasin de literie exclusivit\u00e9 Avenue Literie Troyes d\u00e9pt 10 - Le Blog Avenue Literie","isPartOf":{"@id":"https:\/\/www.avenue-literie.com\/blog\/#website"},"primaryImageOfPage":{"@id":"https:\/\/www.avenue-literie.com\/blog\/2017\/10\/02\/epeda_pack_literie_macaronmatelas-et-sommier-140x190\/#primaryimage"},"image":{"@id":"https:\/\/www.avenue-literie.com\/blog\/2017\/10\/02\/epeda_pack_literie_macaronmatelas-et-sommier-140x190\/#primaryimage"},"thumbnailUrl":"https:\/\/www.avenue-literie.com\/blog\/wp-content\/uploads\/2017\/10\/Offre-edition-limit\u00e9-EPEDA_octobre-2017.jpg","datePublished":"2017-10-02T07:40:57+00:00","dateModified":"2017-10-18T19:01:37+00:00","breadcrumb":{"@id":"https:\/\/www.avenue-literie.com\/blog\/2017\/10\/02\/epeda_pack_literie_macaronmatelas-et-sommier-140x190\/#breadcrumb"},"inLanguage":"fr-FR","potentialAction":[{"@type":"ReadAction","target":["https:\/\/www.avenue-literie.com\/blog\/2017\/10\/02\/epeda_pack_literie_macaronmatelas-et-sommier-140x190\/"]}]},{"@type":"ImageObject","inLanguage":"fr-FR","@id":"https:\/\/www.avenue-literie.com\/blog\/2017\/10\/02\/epeda_pack_literie_macaronmatelas-et-sommier-140x190\/#primaryimage","url":"https:\/\/www.avenue-literie.com\/blog\/wp-content\/uploads\/2017\/10\/Offre-edition-limit\u00e9-EPEDA_octobre-2017.jpg","contentUrl":"https:\/\/www.avenue-literie.com\/blog\/wp-content\/uploads\/2017\/10\/Offre-edition-limit\u00e9-EPEDA_octobre-2017.jpg","width":2480,"height":1772,"caption":"Offre \u00e9peda Edition limit\u00e9e"},{"@type":"BreadcrumbList","@id":"https:\/\/www.avenue-literie.com\/blog\/2017\/10\/02\/epeda_pack_literie_macaronmatelas-et-sommier-140x190\/#breadcrumb","itemListElement":[{"@type":"ListItem","position":1,"name":"Home","item":"https:\/\/www.avenue-literie.com\/blog\/"},{"@type":"ListItem","position":2,"name":"Octobre 2017","item":"https:\/\/www.avenue-literie.com\/blog\/category\/octobre-2017\/"},{"@type":"ListItem","position":3,"name":"Edition Limit\u00e9e EPEDA magasin de literie exclusivit\u00e9 Avenue Literie Troyes d\u00e9pt 10"}]},{"@type":"WebSite","@id":"https:\/\/www.avenue-literie.com\/blog\/#website","url":"https:\/\/www.avenue-literie.com\/blog\/","name":"Le Blog Avenue Literie","description":"Le blog du conseil en literie","publisher":{"@id":"https:\/\/www.avenue-literie.com\/blog\/#organization"},"potentialAction":[{"@type":"SearchAction","target":{"@type":"EntryPoint","urlTemplate":"https:\/\/www.avenue-literie.com\/blog\/?s={search_term_string}"},"query-input":{"@type":"PropertyValueSpecification","valueRequired":true,"valueName":"search_term_string"}}],"inLanguage":"fr-FR"},{"@type":"Organization","@id":"https:\/\/www.avenue-literie.com\/blog\/#organization","name":"Le blog Avenue Literie","alternateName":"Le blog Avenue Literie","url":"https:\/\/www.avenue-literie.com\/blog\/","logo":{"@type":"ImageObject","inLanguage":"fr-FR","@id":"https:\/\/www.avenue-literie.com\/blog\/#\/schema\/logo\/image\/","url":"https:\/\/www.avenue-literie.com\/blog\/wp-content\/uploads\/2022\/04\/cropped-Gros-logo-avenue-literie-sans-arriere-fond-blanc.png","contentUrl":"https:\/\/www.avenue-literie.com\/blog\/wp-content\/uploads\/2022\/04\/cropped-Gros-logo-avenue-literie-sans-arriere-fond-blanc.png","width":1479,"height":250,"caption":"Le blog Avenue Literie"},"image":{"@id":"https:\/\/www.avenue-literie.com\/blog\/#\/schema\/logo\/image\/"},"sameAs":["https:\/\/www.facebook.com\/AvenueLiterieTroyes\/","https:\/\/x.com\/avenue_literie","https:\/\/www.instagram.com\/avenueliterie\/","https:\/\/www.pinterest.fr\/avenueliterie\/"]},{"@type":"Person","@id":"https:\/\/www.avenue-literie.com\/blog\/#\/schema\/person\/add6301bb28276c53d992ec5ef2f17ae","name":"J\u00e9r\u00f4me","image":{"@type":"ImageObject","inLanguage":"fr-FR","@id":"https:\/\/secure.gravatar.com\/avatar\/2e39bb7b624068c575f434373fc1440c1bd421d6e1bdd21a14a529cbff8f1fed?s=96&d=mm&r=g","url":"https:\/\/secure.gravatar.com\/avatar\/2e39bb7b624068c575f434373fc1440c1bd421d6e1bdd21a14a529cbff8f1fed?s=96&d=mm&r=g","contentUrl":"https:\/\/secure.gravatar.com\/avatar\/2e39bb7b624068c575f434373fc1440c1bd421d6e1bdd21a14a529cbff8f1fed?s=96&d=mm&r=g","caption":"J\u00e9r\u00f4me"},"url":"https:\/\/www.avenue-literie.com\/blog\/author\/jerome\/"}]}},"_links":{"self":[{"href":"https:\/\/www.avenue-literie.com\/blog\/wp-json\/wp\/v2\/posts\/9","targetHints":{"allow":["GET"]}}],"collection":[{"href":"https:\/\/www.avenue-literie.com\/blog\/wp-json\/wp\/v2\/posts"}],"about":[{"href":"https:\/\/www.avenue-literie.com\/blog\/wp-json\/wp\/v2\/types\/post"}],"author":[{"embeddable":true,"href":"https:\/\/www.avenue-literie.com\/blog\/wp-json\/wp\/v2\/users\/2"}],"replies":[{"embeddable":true,"href":"https:\/\/www.avenue-literie.com\/blog\/wp-json\/wp\/v2\/comments?post=9"}],"version-history":[{"count":20,"href":"https:\/\/www.avenue-literie.com\/blog\/wp-json\/wp\/v2\/posts\/9\/revisions"}],"predecessor-version":[{"id":38,"href":"https:\/\/www.avenue-literie.com\/blog\/wp-json\/wp\/v2\/posts\/9\/revisions\/38"}],"wp:featuredmedia":[{"embeddable":true,"href":"https:\/\/www.avenue-literie.com\/blog\/wp-json\/wp\/v2\/media\/23"}],"wp:attachment":[{"href":"https:\/\/www.avenue-literie.com\/blog\/wp-json\/wp\/v2\/media?parent=9"}],"wp:term":[{"taxonomy":"category","embeddable":true,"href":"https:\/\/www.avenue-literie.com\/blog\/wp-json\/wp\/v2\/categories?post=9"},{"taxonomy":"post_tag","embeddable":true,"href":"https:\/\/www.avenue-literie.com\/blog\/wp-json\/wp\/v2\/tags?post=9"}],"curies":[{"name":"wp","href":"https:\/\/api.w.org\/{rel}","templated":true}]}}