{"id":931,"date":"2019-12-30T10:15:52","date_gmt":"2019-12-30T10:15:52","guid":{"rendered":"https:\/\/www.avenue-literie.com\/blog\/?p=931"},"modified":"2022-04-04T14:37:12","modified_gmt":"2022-04-04T14:37:12","slug":"avenue-literie-vous-souhaite-une-bonne-annee","status":"publish","type":"post","link":"https:\/\/www.avenue-literie.com\/blog\/2019\/12\/30\/avenue-literie-vous-souhaite-une-bonne-annee\/","title":{"rendered":"Avenue Literie vous souhaite une bonne ann\u00e9e !"},"content":{"rendered":"<figure id=\"attachment_939\" aria-describedby=\"caption-attachment-939\" style=\"width: 400px\" class=\"wp-caption aligncenter\"><img decoding=\"async\" class=\"size-full wp-image-939\" src=\"https:\/\/www.avenue-literie.com\/blog\/wp-content\/uploads\/2019\/12\/literie-bonne-an\u00e9e-400.jpeg\" alt=\"\" width=\"400\" height=\"267\" srcset=\"https:\/\/www.avenue-literie.com\/blog\/wp-content\/uploads\/2019\/12\/literie-bonne-an\u00e9e-400.jpeg 400w, https:\/\/www.avenue-literie.com\/blog\/wp-content\/uploads\/2019\/12\/literie-bonne-an\u00e9e-400-300x200.jpeg 300w\" sizes=\"(max-width: 400px) 100vw, 400px\" \/><figcaption id=\"caption-attachment-939\" class=\"wp-caption-text\">Bonne ann\u00e9e 2020 ! Avenue Literie<\/figcaption><\/figure>\n<h2><strong>Nos meilleurs v\u0153ux !<\/strong><\/h2>\n<h2 style=\"text-align: justify;\">Sommes-nous les seuls \u00e0 trouver que le temps passe tellement vite que l\u2019on ne voit plus les mois et les ann\u00e9es pass\u00e9es ? L\u2019ann\u00e9e 2019 vient de s\u2019\u00e9couler \u00e0 vitesse grand v et nous voil\u00e0 d\u00e9j\u00e0 en 2020. Nous en serions presque nostalgique\u2026<\/h2>\n<h2 style=\"text-align: justify;\">Enfin bref, nous esp\u00e9rons que vous avez pass\u00e9 d\u2019excellentes f\u00eates de fins d\u2019ann\u00e9es en compagnie de vos proches (famille et amis). A l\u2019aube de cette nouvelle d\u00e9cennie et de cette nouvelle ann\u00e9e 2020, l\u2019\u00e9quipe d\u2019Avenue Literie s\u2019en vient vous souhaiter une bonne et heureuse nouvelle ann\u00e9e !<br \/>\nQue cette nouvelle ann\u00e9e soit pour vous et les personnes que vous aimez, prosp\u00e9rit\u00e9, bonheur, r\u00e9ussite et par-dessus tout, que cette ann\u00e9e 2020 soit pleine de sant\u00e9. Continuez d\u2019aimer, d\u2019apprendre, de d\u00e9couvrir de profiter de la vie et de la savourer comme bon vous semble. Soyez heureux, soyez vous-m\u00eame.<\/h2>\n<figure id=\"attachment_938\" aria-describedby=\"caption-attachment-938\" style=\"width: 400px\" class=\"wp-caption aligncenter\"><img decoding=\"async\" class=\"size-full wp-image-938\" src=\"https:\/\/www.avenue-literie.com\/blog\/wp-content\/uploads\/2019\/12\/couple-avenue-literie.jpg\" alt=\"\" width=\"400\" height=\"267\" srcset=\"https:\/\/www.avenue-literie.com\/blog\/wp-content\/uploads\/2019\/12\/couple-avenue-literie.jpg 400w, https:\/\/www.avenue-literie.com\/blog\/wp-content\/uploads\/2019\/12\/couple-avenue-literie-300x200.jpg 300w\" sizes=\"(max-width: 400px) 100vw, 400px\" \/><figcaption id=\"caption-attachment-938\" class=\"wp-caption-text\">Bien dormir en 2020 ! Heureux , de bonne humeur gr\u00e2ce \u00e0 la literie<\/figcaption><\/figure>\n<h2><strong>\u00cates-vous pr\u00eat pour une nouvelle ann\u00e9e avec Avenue Literie ?<\/strong><\/h2>\n<h2 style=\"text-align: justify;\">Avenue Literie souhaite d\u2019abord, vous remercier de votre fid\u00e9lit\u00e9 et d\u2019\u00eatre de plus en plus nombreux \u00e0 nous suivre et \u00e0 nous lire.<br \/>\nEn ce d\u00e9but d\u2019ann\u00e9e 2020, L\u2019\u00e9quipe du blog Avenue s\u2019engage encore et toujours \u00e0 continuer de vous conseiller le mieux possible pour une meilleure qualit\u00e9 de sommeil et de repos. L\u2019\u00e9quipe s\u2019engage \u00e9galement \u00e0 vous informer des derni\u00e8res nouveaut\u00e9s des produits du march\u00e9 de la literie fran\u00e7aise (fabrication fran\u00e7aise) ainsi que des derni\u00e8res technologies et innovations mais aussi continuer \u00e0 vous partager des bons plans et vous accompagner de la meilleure fa\u00e7on dans vos choix de matelas, sommiers, cadre de lit, oreiller, couette, linge de lit (draps, housse, al\u00e8se, taie,)\u2026 etc.<\/h2>\n<h2>A tr\u00e8s bient\u00f4t, sur le blog Avenue Literie, pour de nouveaux et nombreux conseils en literie, sommeil et d\u00e9coration.<\/h2>\n<h3><strong><em>COPYRIGHT 2019 Avenue Literie tout droit r\u00e9serv\u00e9 (soumis au droit d\u2019auteur r\u00e9git par les articles L.111 \u00e0 L.113 et L.121 \u00e0 L.123 du code de la propri\u00e9t\u00e9 intellectuelle).<\/em><\/strong><\/h3>\n","protected":false},"excerpt":{"rendered":"<p>Nos meilleurs v\u0153ux ! Sommes-nous les seuls \u00e0 trouver que le temps passe tellement vite que l\u2019on ne voit plus les mois et les ann\u00e9es pass\u00e9es ? L\u2019ann\u00e9e 2019 vient de s\u2019\u00e9couler \u00e0 vitesse grand v et nous voil\u00e0 d\u00e9j\u00e0 en 2020. Nous en serions presque nostalgique\u2026 Enfin bref, nous esp\u00e9rons que vous avez pass\u00e9 &hellip; <\/p>\n<p class=\"link-more\"><a href=\"https:\/\/www.avenue-literie.com\/blog\/2019\/12\/30\/avenue-literie-vous-souhaite-une-bonne-annee\/\" class=\"more-link\">Continuer la lecture<span class=\"screen-reader-text\"> de &laquo;&nbsp;Avenue Literie vous souhaite une bonne ann\u00e9e !&nbsp;&raquo;<\/span><\/a><\/p>\n","protected":false},"author":2,"featured_media":1719,"comment_status":"closed","ping_status":"closed","sticky":false,"template":"","format":"standard","meta":{"footnotes":""},"categories":[1,337],"tags":[333,330,173,327,332,329,338,335,336,325,216,109,331,117,132,82,334,214,129,106,171,328,339,326,340],"class_list":["post-931","post","type-post","status-publish","format-standard","has-post-thumbnail","hentry","category-actualites-literie","category-bonne-annee-2020","tag-333","tag-annee-2020","tag-avenue-literie","tag-bonne-annee","tag-bonne-annee-2020","tag-bonne-sante","tag-bonnes-fetes","tag-conseil-literie","tag-conseil-sommeil","tag-couette","tag-fabrication-francaise","tag-france-literie","tag-heureuse-annee","tag-linge-de-lit","tag-literie-bultex","tag-literie-epeda","tag-literie-merinos","tag-matelas-sommier","tag-matelas-bultex","tag-matelas-epeda","tag-matelas-merinos","tag-meilleurs-voeux","tag-nouvelle-annee","tag-oreiller","tag-voeux-de-bonheur"],"yoast_head":"<!-- This site is optimized with the Yoast SEO plugin v27.4 - https:\/\/yoast.com\/product\/yoast-seo-wordpress\/ -->\n<title>Avenue Literie vous souhaite une bonne ann\u00e9e ! - Le Blog Avenue Literie<\/title>\n<meta name=\"robots\" content=\"index, follow, max-snippet:-1, max-image-preview:large, max-video-preview:-1\" \/>\n<link rel=\"canonical\" href=\"https:\/\/www.avenue-literie.com\/blog\/2019\/12\/30\/avenue-literie-vous-souhaite-une-bonne-annee\/\" \/>\n<meta property=\"og:locale\" content=\"fr_FR\" \/>\n<meta property=\"og:type\" content=\"article\" \/>\n<meta property=\"og:title\" content=\"Avenue Literie vous souhaite une bonne ann\u00e9e ! - Le Blog Avenue Literie\" \/>\n<meta property=\"og:description\" content=\"Nos meilleurs v\u0153ux ! Sommes-nous les seuls \u00e0 trouver que le temps passe tellement vite que l\u2019on ne voit plus les mois et les ann\u00e9es pass\u00e9es ? L\u2019ann\u00e9e 2019 vient de s\u2019\u00e9couler \u00e0 vitesse grand v et nous voil\u00e0 d\u00e9j\u00e0 en 2020. Nous en serions presque nostalgique\u2026 Enfin bref, nous esp\u00e9rons que vous avez pass\u00e9 &hellip; Continuer la lecture de &laquo;&nbsp;Avenue Literie vous souhaite une bonne ann\u00e9e !&nbsp;&raquo;\" \/>\n<meta property=\"og:url\" content=\"https:\/\/www.avenue-literie.com\/blog\/2019\/12\/30\/avenue-literie-vous-souhaite-une-bonne-annee\/\" \/>\n<meta property=\"og:site_name\" content=\"Le Blog Avenue Literie\" \/>\n<meta property=\"article:publisher\" content=\"https:\/\/www.facebook.com\/AvenueLiterieTroyes\/\" \/>\n<meta property=\"article:published_time\" content=\"2019-12-30T10:15:52+00:00\" \/>\n<meta property=\"article:modified_time\" content=\"2022-04-04T14:37:12+00:00\" \/>\n<meta property=\"og:image\" content=\"https:\/\/www.avenue-literie.com\/blog\/wp-content\/uploads\/2019\/12\/literie-bonne-anee-400.jpeg\" \/>\n\t<meta property=\"og:image:width\" content=\"400\" \/>\n\t<meta property=\"og:image:height\" content=\"267\" \/>\n\t<meta property=\"og:image:type\" content=\"image\/jpeg\" \/>\n<meta name=\"author\" content=\"J\u00e9r\u00f4me\" \/>\n<meta name=\"twitter:card\" content=\"summary_large_image\" \/>\n<meta name=\"twitter:creator\" content=\"@avenue_literie\" \/>\n<meta name=\"twitter:site\" content=\"@avenue_literie\" \/>\n<meta name=\"twitter:label1\" content=\"\u00c9crit par\" \/>\n\t<meta name=\"twitter:data1\" content=\"J\u00e9r\u00f4me\" \/>\n\t<meta name=\"twitter:label2\" content=\"Dur\u00e9e de lecture estim\u00e9e\" \/>\n\t<meta name=\"twitter:data2\" content=\"2 minutes\" \/>\n<script type=\"application\/ld+json\" class=\"yoast-schema-graph\">{\"@context\":\"https:\\\/\\\/schema.org\",\"@graph\":[{\"@type\":\"Article\",\"@id\":\"https:\\\/\\\/www.avenue-literie.com\\\/blog\\\/2019\\\/12\\\/30\\\/avenue-literie-vous-souhaite-une-bonne-annee\\\/#article\",\"isPartOf\":{\"@id\":\"https:\\\/\\\/www.avenue-literie.com\\\/blog\\\/2019\\\/12\\\/30\\\/avenue-literie-vous-souhaite-une-bonne-annee\\\/\"},\"author\":{\"name\":\"J\u00e9r\u00f4me\",\"@id\":\"https:\\\/\\\/www.avenue-literie.com\\\/blog\\\/#\\\/schema\\\/person\\\/add6301bb28276c53d992ec5ef2f17ae\"},\"headline\":\"Avenue Literie vous souhaite une bonne ann\u00e9e !\",\"datePublished\":\"2019-12-30T10:15:52+00:00\",\"dateModified\":\"2022-04-04T14:37:12+00:00\",\"mainEntityOfPage\":{\"@id\":\"https:\\\/\\\/www.avenue-literie.com\\\/blog\\\/2019\\\/12\\\/30\\\/avenue-literie-vous-souhaite-une-bonne-annee\\\/\"},\"wordCount\":387,\"publisher\":{\"@id\":\"https:\\\/\\\/www.avenue-literie.com\\\/blog\\\/#organization\"},\"image\":{\"@id\":\"https:\\\/\\\/www.avenue-literie.com\\\/blog\\\/2019\\\/12\\\/30\\\/avenue-literie-vous-souhaite-une-bonne-annee\\\/#primaryimage\"},\"thumbnailUrl\":\"https:\\\/\\\/www.avenue-literie.com\\\/blog\\\/wp-content\\\/uploads\\\/2019\\\/12\\\/literie-bonne-anee-400.jpeg\",\"keywords\":[\"2020\",\"ann\u00e9e 2020\",\"Avenue literie\",\"bonne ann\u00e9e\",\"Bonne ann\u00e9e 2020\",\"bonne sant\u00e9\",\"Bonnes f\u00eates\",\"conseil literie\",\"conseil sommeil\",\"couette\",\"Fabrication fran\u00e7aise\",\"France Literie\",\"heureuse ann\u00e9e\",\"Linge de lit\",\"Literie Bultex\",\"Literie Epeda\",\"literie merinos\",\"Matelas + sommier\",\"Matelas Bultex\",\"Matelas Epeda\",\"Matelas M\u00e9rinos\",\"meilleurs voeux\",\"nouvelle ann\u00e9e\",\"oreiller\",\"voeux de bonheur\"],\"articleSection\":[\"Actualit\u00e9s\",\"Bonne ann\u00e9e 2020\"],\"inLanguage\":\"fr-FR\"},{\"@type\":\"WebPage\",\"@id\":\"https:\\\/\\\/www.avenue-literie.com\\\/blog\\\/2019\\\/12\\\/30\\\/avenue-literie-vous-souhaite-une-bonne-annee\\\/\",\"url\":\"https:\\\/\\\/www.avenue-literie.com\\\/blog\\\/2019\\\/12\\\/30\\\/avenue-literie-vous-souhaite-une-bonne-annee\\\/\",\"name\":\"Avenue Literie vous souhaite une bonne ann\u00e9e ! - Le Blog Avenue Literie\",\"isPartOf\":{\"@id\":\"https:\\\/\\\/www.avenue-literie.com\\\/blog\\\/#website\"},\"primaryImageOfPage\":{\"@id\":\"https:\\\/\\\/www.avenue-literie.com\\\/blog\\\/2019\\\/12\\\/30\\\/avenue-literie-vous-souhaite-une-bonne-annee\\\/#primaryimage\"},\"image\":{\"@id\":\"https:\\\/\\\/www.avenue-literie.com\\\/blog\\\/2019\\\/12\\\/30\\\/avenue-literie-vous-souhaite-une-bonne-annee\\\/#primaryimage\"},\"thumbnailUrl\":\"https:\\\/\\\/www.avenue-literie.com\\\/blog\\\/wp-content\\\/uploads\\\/2019\\\/12\\\/literie-bonne-anee-400.jpeg\",\"datePublished\":\"2019-12-30T10:15:52+00:00\",\"dateModified\":\"2022-04-04T14:37:12+00:00\",\"breadcrumb\":{\"@id\":\"https:\\\/\\\/www.avenue-literie.com\\\/blog\\\/2019\\\/12\\\/30\\\/avenue-literie-vous-souhaite-une-bonne-annee\\\/#breadcrumb\"},\"inLanguage\":\"fr-FR\",\"potentialAction\":[{\"@type\":\"ReadAction\",\"target\":[\"https:\\\/\\\/www.avenue-literie.com\\\/blog\\\/2019\\\/12\\\/30\\\/avenue-literie-vous-souhaite-une-bonne-annee\\\/\"]}]},{\"@type\":\"ImageObject\",\"inLanguage\":\"fr-FR\",\"@id\":\"https:\\\/\\\/www.avenue-literie.com\\\/blog\\\/2019\\\/12\\\/30\\\/avenue-literie-vous-souhaite-une-bonne-annee\\\/#primaryimage\",\"url\":\"https:\\\/\\\/www.avenue-literie.com\\\/blog\\\/wp-content\\\/uploads\\\/2019\\\/12\\\/literie-bonne-anee-400.jpeg\",\"contentUrl\":\"https:\\\/\\\/www.avenue-literie.com\\\/blog\\\/wp-content\\\/uploads\\\/2019\\\/12\\\/literie-bonne-anee-400.jpeg\",\"width\":400,\"height\":267,\"caption\":\"Bedroom interior with comfortable bed, colorful pillows and garland of stars on wood wall, copy space. Cozy home moment. Happy New Year. Christmas decorations\"},{\"@type\":\"BreadcrumbList\",\"@id\":\"https:\\\/\\\/www.avenue-literie.com\\\/blog\\\/2019\\\/12\\\/30\\\/avenue-literie-vous-souhaite-une-bonne-annee\\\/#breadcrumb\",\"itemListElement\":[{\"@type\":\"ListItem\",\"position\":1,\"name\":\"Home\",\"item\":\"https:\\\/\\\/www.avenue-literie.com\\\/blog\\\/\"},{\"@type\":\"ListItem\",\"position\":2,\"name\":\"Actualit\u00e9s\",\"item\":\"https:\\\/\\\/www.avenue-literie.com\\\/blog\\\/category\\\/actualites-literie\\\/\"},{\"@type\":\"ListItem\",\"position\":3,\"name\":\"Bonne ann\u00e9e 2020\",\"item\":\"https:\\\/\\\/www.avenue-literie.com\\\/blog\\\/category\\\/actualites-literie\\\/bonne-annee-2020\\\/\"},{\"@type\":\"ListItem\",\"position\":4,\"name\":\"Avenue Literie vous souhaite une bonne ann\u00e9e !\"}]},{\"@type\":\"WebSite\",\"@id\":\"https:\\\/\\\/www.avenue-literie.com\\\/blog\\\/#website\",\"url\":\"https:\\\/\\\/www.avenue-literie.com\\\/blog\\\/\",\"name\":\"Le Blog Avenue Literie\",\"description\":\"Le blog du conseil en literie\",\"publisher\":{\"@id\":\"https:\\\/\\\/www.avenue-literie.com\\\/blog\\\/#organization\"},\"potentialAction\":[{\"@type\":\"SearchAction\",\"target\":{\"@type\":\"EntryPoint\",\"urlTemplate\":\"https:\\\/\\\/www.avenue-literie.com\\\/blog\\\/?s={search_term_string}\"},\"query-input\":{\"@type\":\"PropertyValueSpecification\",\"valueRequired\":true,\"valueName\":\"search_term_string\"}}],\"inLanguage\":\"fr-FR\"},{\"@type\":\"Organization\",\"@id\":\"https:\\\/\\\/www.avenue-literie.com\\\/blog\\\/#organization\",\"name\":\"Le blog Avenue Literie\",\"alternateName\":\"Le blog Avenue Literie\",\"url\":\"https:\\\/\\\/www.avenue-literie.com\\\/blog\\\/\",\"logo\":{\"@type\":\"ImageObject\",\"inLanguage\":\"fr-FR\",\"@id\":\"https:\\\/\\\/www.avenue-literie.com\\\/blog\\\/#\\\/schema\\\/logo\\\/image\\\/\",\"url\":\"https:\\\/\\\/www.avenue-literie.com\\\/blog\\\/wp-content\\\/uploads\\\/2022\\\/04\\\/cropped-Gros-logo-avenue-literie-sans-arriere-fond-blanc.png\",\"contentUrl\":\"https:\\\/\\\/www.avenue-literie.com\\\/blog\\\/wp-content\\\/uploads\\\/2022\\\/04\\\/cropped-Gros-logo-avenue-literie-sans-arriere-fond-blanc.png\",\"width\":1479,\"height\":250,\"caption\":\"Le blog Avenue Literie\"},\"image\":{\"@id\":\"https:\\\/\\\/www.avenue-literie.com\\\/blog\\\/#\\\/schema\\\/logo\\\/image\\\/\"},\"sameAs\":[\"https:\\\/\\\/www.facebook.com\\\/AvenueLiterieTroyes\\\/\",\"https:\\\/\\\/x.com\\\/avenue_literie\",\"https:\\\/\\\/www.instagram.com\\\/avenueliterie\\\/\",\"https:\\\/\\\/www.pinterest.fr\\\/avenueliterie\\\/\"]},{\"@type\":\"Person\",\"@id\":\"https:\\\/\\\/www.avenue-literie.com\\\/blog\\\/#\\\/schema\\\/person\\\/add6301bb28276c53d992ec5ef2f17ae\",\"name\":\"J\u00e9r\u00f4me\",\"image\":{\"@type\":\"ImageObject\",\"inLanguage\":\"fr-FR\",\"@id\":\"https:\\\/\\\/secure.gravatar.com\\\/avatar\\\/2e39bb7b624068c575f434373fc1440c1bd421d6e1bdd21a14a529cbff8f1fed?s=96&d=mm&r=g\",\"url\":\"https:\\\/\\\/secure.gravatar.com\\\/avatar\\\/2e39bb7b624068c575f434373fc1440c1bd421d6e1bdd21a14a529cbff8f1fed?s=96&d=mm&r=g\",\"contentUrl\":\"https:\\\/\\\/secure.gravatar.com\\\/avatar\\\/2e39bb7b624068c575f434373fc1440c1bd421d6e1bdd21a14a529cbff8f1fed?s=96&d=mm&r=g\",\"caption\":\"J\u00e9r\u00f4me\"},\"url\":\"https:\\\/\\\/www.avenue-literie.com\\\/blog\\\/author\\\/jerome\\\/\"}]}<\/script>\n<!-- \/ Yoast SEO plugin. -->","yoast_head_json":{"title":"Avenue Literie vous souhaite une bonne ann\u00e9e ! - Le Blog Avenue Literie","robots":{"index":"index","follow":"follow","max-snippet":"max-snippet:-1","max-image-preview":"max-image-preview:large","max-video-preview":"max-video-preview:-1"},"canonical":"https:\/\/www.avenue-literie.com\/blog\/2019\/12\/30\/avenue-literie-vous-souhaite-une-bonne-annee\/","og_locale":"fr_FR","og_type":"article","og_title":"Avenue Literie vous souhaite une bonne ann\u00e9e ! - Le Blog Avenue Literie","og_description":"Nos meilleurs v\u0153ux ! Sommes-nous les seuls \u00e0 trouver que le temps passe tellement vite que l\u2019on ne voit plus les mois et les ann\u00e9es pass\u00e9es ? L\u2019ann\u00e9e 2019 vient de s\u2019\u00e9couler \u00e0 vitesse grand v et nous voil\u00e0 d\u00e9j\u00e0 en 2020. Nous en serions presque nostalgique\u2026 Enfin bref, nous esp\u00e9rons que vous avez pass\u00e9 &hellip; Continuer la lecture de &laquo;&nbsp;Avenue Literie vous souhaite une bonne ann\u00e9e !&nbsp;&raquo;","og_url":"https:\/\/www.avenue-literie.com\/blog\/2019\/12\/30\/avenue-literie-vous-souhaite-une-bonne-annee\/","og_site_name":"Le Blog Avenue Literie","article_publisher":"https:\/\/www.facebook.com\/AvenueLiterieTroyes\/","article_published_time":"2019-12-30T10:15:52+00:00","article_modified_time":"2022-04-04T14:37:12+00:00","og_image":[{"width":400,"height":267,"url":"https:\/\/www.avenue-literie.com\/blog\/wp-content\/uploads\/2019\/12\/literie-bonne-anee-400.jpeg","type":"image\/jpeg"}],"author":"J\u00e9r\u00f4me","twitter_card":"summary_large_image","twitter_creator":"@avenue_literie","twitter_site":"@avenue_literie","twitter_misc":{"\u00c9crit par":"J\u00e9r\u00f4me","Dur\u00e9e de lecture estim\u00e9e":"2 minutes"},"schema":{"@context":"https:\/\/schema.org","@graph":[{"@type":"Article","@id":"https:\/\/www.avenue-literie.com\/blog\/2019\/12\/30\/avenue-literie-vous-souhaite-une-bonne-annee\/#article","isPartOf":{"@id":"https:\/\/www.avenue-literie.com\/blog\/2019\/12\/30\/avenue-literie-vous-souhaite-une-bonne-annee\/"},"author":{"name":"J\u00e9r\u00f4me","@id":"https:\/\/www.avenue-literie.com\/blog\/#\/schema\/person\/add6301bb28276c53d992ec5ef2f17ae"},"headline":"Avenue Literie vous souhaite une bonne ann\u00e9e !","datePublished":"2019-12-30T10:15:52+00:00","dateModified":"2022-04-04T14:37:12+00:00","mainEntityOfPage":{"@id":"https:\/\/www.avenue-literie.com\/blog\/2019\/12\/30\/avenue-literie-vous-souhaite-une-bonne-annee\/"},"wordCount":387,"publisher":{"@id":"https:\/\/www.avenue-literie.com\/blog\/#organization"},"image":{"@id":"https:\/\/www.avenue-literie.com\/blog\/2019\/12\/30\/avenue-literie-vous-souhaite-une-bonne-annee\/#primaryimage"},"thumbnailUrl":"https:\/\/www.avenue-literie.com\/blog\/wp-content\/uploads\/2019\/12\/literie-bonne-anee-400.jpeg","keywords":["2020","ann\u00e9e 2020","Avenue literie","bonne ann\u00e9e","Bonne ann\u00e9e 2020","bonne sant\u00e9","Bonnes f\u00eates","conseil literie","conseil sommeil","couette","Fabrication fran\u00e7aise","France Literie","heureuse ann\u00e9e","Linge de lit","Literie Bultex","Literie Epeda","literie merinos","Matelas + sommier","Matelas Bultex","Matelas Epeda","Matelas M\u00e9rinos","meilleurs voeux","nouvelle ann\u00e9e","oreiller","voeux de bonheur"],"articleSection":["Actualit\u00e9s","Bonne ann\u00e9e 2020"],"inLanguage":"fr-FR"},{"@type":"WebPage","@id":"https:\/\/www.avenue-literie.com\/blog\/2019\/12\/30\/avenue-literie-vous-souhaite-une-bonne-annee\/","url":"https:\/\/www.avenue-literie.com\/blog\/2019\/12\/30\/avenue-literie-vous-souhaite-une-bonne-annee\/","name":"Avenue Literie vous souhaite une bonne ann\u00e9e ! - Le Blog Avenue Literie","isPartOf":{"@id":"https:\/\/www.avenue-literie.com\/blog\/#website"},"primaryImageOfPage":{"@id":"https:\/\/www.avenue-literie.com\/blog\/2019\/12\/30\/avenue-literie-vous-souhaite-une-bonne-annee\/#primaryimage"},"image":{"@id":"https:\/\/www.avenue-literie.com\/blog\/2019\/12\/30\/avenue-literie-vous-souhaite-une-bonne-annee\/#primaryimage"},"thumbnailUrl":"https:\/\/www.avenue-literie.com\/blog\/wp-content\/uploads\/2019\/12\/literie-bonne-anee-400.jpeg","datePublished":"2019-12-30T10:15:52+00:00","dateModified":"2022-04-04T14:37:12+00:00","breadcrumb":{"@id":"https:\/\/www.avenue-literie.com\/blog\/2019\/12\/30\/avenue-literie-vous-souhaite-une-bonne-annee\/#breadcrumb"},"inLanguage":"fr-FR","potentialAction":[{"@type":"ReadAction","target":["https:\/\/www.avenue-literie.com\/blog\/2019\/12\/30\/avenue-literie-vous-souhaite-une-bonne-annee\/"]}]},{"@type":"ImageObject","inLanguage":"fr-FR","@id":"https:\/\/www.avenue-literie.com\/blog\/2019\/12\/30\/avenue-literie-vous-souhaite-une-bonne-annee\/#primaryimage","url":"https:\/\/www.avenue-literie.com\/blog\/wp-content\/uploads\/2019\/12\/literie-bonne-anee-400.jpeg","contentUrl":"https:\/\/www.avenue-literie.com\/blog\/wp-content\/uploads\/2019\/12\/literie-bonne-anee-400.jpeg","width":400,"height":267,"caption":"Bedroom interior with comfortable bed, colorful pillows and garland of stars on wood wall, copy space. Cozy home moment. Happy New Year. Christmas decorations"},{"@type":"BreadcrumbList","@id":"https:\/\/www.avenue-literie.com\/blog\/2019\/12\/30\/avenue-literie-vous-souhaite-une-bonne-annee\/#breadcrumb","itemListElement":[{"@type":"ListItem","position":1,"name":"Home","item":"https:\/\/www.avenue-literie.com\/blog\/"},{"@type":"ListItem","position":2,"name":"Actualit\u00e9s","item":"https:\/\/www.avenue-literie.com\/blog\/category\/actualites-literie\/"},{"@type":"ListItem","position":3,"name":"Bonne ann\u00e9e 2020","item":"https:\/\/www.avenue-literie.com\/blog\/category\/actualites-literie\/bonne-annee-2020\/"},{"@type":"ListItem","position":4,"name":"Avenue Literie vous souhaite une bonne ann\u00e9e !"}]},{"@type":"WebSite","@id":"https:\/\/www.avenue-literie.com\/blog\/#website","url":"https:\/\/www.avenue-literie.com\/blog\/","name":"Le Blog Avenue Literie","description":"Le blog du conseil en literie","publisher":{"@id":"https:\/\/www.avenue-literie.com\/blog\/#organization"},"potentialAction":[{"@type":"SearchAction","target":{"@type":"EntryPoint","urlTemplate":"https:\/\/www.avenue-literie.com\/blog\/?s={search_term_string}"},"query-input":{"@type":"PropertyValueSpecification","valueRequired":true,"valueName":"search_term_string"}}],"inLanguage":"fr-FR"},{"@type":"Organization","@id":"https:\/\/www.avenue-literie.com\/blog\/#organization","name":"Le blog Avenue Literie","alternateName":"Le blog Avenue Literie","url":"https:\/\/www.avenue-literie.com\/blog\/","logo":{"@type":"ImageObject","inLanguage":"fr-FR","@id":"https:\/\/www.avenue-literie.com\/blog\/#\/schema\/logo\/image\/","url":"https:\/\/www.avenue-literie.com\/blog\/wp-content\/uploads\/2022\/04\/cropped-Gros-logo-avenue-literie-sans-arriere-fond-blanc.png","contentUrl":"https:\/\/www.avenue-literie.com\/blog\/wp-content\/uploads\/2022\/04\/cropped-Gros-logo-avenue-literie-sans-arriere-fond-blanc.png","width":1479,"height":250,"caption":"Le blog Avenue Literie"},"image":{"@id":"https:\/\/www.avenue-literie.com\/blog\/#\/schema\/logo\/image\/"},"sameAs":["https:\/\/www.facebook.com\/AvenueLiterieTroyes\/","https:\/\/x.com\/avenue_literie","https:\/\/www.instagram.com\/avenueliterie\/","https:\/\/www.pinterest.fr\/avenueliterie\/"]},{"@type":"Person","@id":"https:\/\/www.avenue-literie.com\/blog\/#\/schema\/person\/add6301bb28276c53d992ec5ef2f17ae","name":"J\u00e9r\u00f4me","image":{"@type":"ImageObject","inLanguage":"fr-FR","@id":"https:\/\/secure.gravatar.com\/avatar\/2e39bb7b624068c575f434373fc1440c1bd421d6e1bdd21a14a529cbff8f1fed?s=96&d=mm&r=g","url":"https:\/\/secure.gravatar.com\/avatar\/2e39bb7b624068c575f434373fc1440c1bd421d6e1bdd21a14a529cbff8f1fed?s=96&d=mm&r=g","contentUrl":"https:\/\/secure.gravatar.com\/avatar\/2e39bb7b624068c575f434373fc1440c1bd421d6e1bdd21a14a529cbff8f1fed?s=96&d=mm&r=g","caption":"J\u00e9r\u00f4me"},"url":"https:\/\/www.avenue-literie.com\/blog\/author\/jerome\/"}]}},"_links":{"self":[{"href":"https:\/\/www.avenue-literie.com\/blog\/wp-json\/wp\/v2\/posts\/931","targetHints":{"allow":["GET"]}}],"collection":[{"href":"https:\/\/www.avenue-literie.com\/blog\/wp-json\/wp\/v2\/posts"}],"about":[{"href":"https:\/\/www.avenue-literie.com\/blog\/wp-json\/wp\/v2\/types\/post"}],"author":[{"embeddable":true,"href":"https:\/\/www.avenue-literie.com\/blog\/wp-json\/wp\/v2\/users\/2"}],"replies":[{"embeddable":true,"href":"https:\/\/www.avenue-literie.com\/blog\/wp-json\/wp\/v2\/comments?post=931"}],"version-history":[{"count":5,"href":"https:\/\/www.avenue-literie.com\/blog\/wp-json\/wp\/v2\/posts\/931\/revisions"}],"predecessor-version":[{"id":972,"href":"https:\/\/www.avenue-literie.com\/blog\/wp-json\/wp\/v2\/posts\/931\/revisions\/972"}],"wp:featuredmedia":[{"embeddable":true,"href":"https:\/\/www.avenue-literie.com\/blog\/wp-json\/wp\/v2\/media\/1719"}],"wp:attachment":[{"href":"https:\/\/www.avenue-literie.com\/blog\/wp-json\/wp\/v2\/media?parent=931"}],"wp:term":[{"taxonomy":"category","embeddable":true,"href":"https:\/\/www.avenue-literie.com\/blog\/wp-json\/wp\/v2\/categories?post=931"},{"taxonomy":"post_tag","embeddable":true,"href":"https:\/\/www.avenue-literie.com\/blog\/wp-json\/wp\/v2\/tags?post=931"}],"curies":[{"name":"wp","href":"https:\/\/api.w.org\/{rel}","templated":true}]}}