{"id":95,"date":"2018-02-05T20:55:03","date_gmt":"2018-02-05T20:55:03","guid":{"rendered":"https:\/\/www.avenue-literie.com\/wp\/?p=95"},"modified":"2019-10-01T07:39:21","modified_gmt":"2019-10-01T07:39:21","slug":"epeda-dedicace-la-nuit-precieuse-confort-tres-ferme-et-matieres-nobles-soldes-derniere-semainesoldes-hiver-2018-100-e-de-remise","status":"publish","type":"post","link":"https:\/\/www.avenue-literie.com\/blog\/2018\/02\/05\/epeda-dedicace-la-nuit-precieuse-confort-tres-ferme-et-matieres-nobles-soldes-derniere-semainesoldes-hiver-2018-100-e-de-remise\/","title":{"rendered":"Epeda Dedicace : La nuit pr\u00e9cieuse .Confort tr\u00e8s ferme et mati\u00e8res nobles Soldes derni\u00e8re semaine 100 \u20ac de remise"},"content":{"rendered":"<figure id=\"attachment_94\" aria-describedby=\"caption-attachment-94\" style=\"width: 400px\" class=\"wp-caption alignnone\"><a href=\"https:\/\/www.avenue-literie.com\/ensemble-literie-matelas-hypnose-sommiers-et-tete-de-lit-dedicace-epeda.html\"><img decoding=\"async\" class=\"size-full wp-image-94\" src=\"https:\/\/www.avenue-literie.com\/wp\/wp-content\/uploads\/2018\/02\/slide_google.jpg\" alt=\"\" width=\"400\" height=\"349\" srcset=\"https:\/\/www.avenue-literie.com\/blog\/wp-content\/uploads\/2018\/02\/slide_google.jpg 400w, https:\/\/www.avenue-literie.com\/blog\/wp-content\/uploads\/2018\/02\/slide_google-300x262.jpg 300w\" sizes=\"(max-width: 400px) 100vw, 400px\" \/><\/a><figcaption id=\"caption-attachment-94\" class=\"wp-caption-text\">D\u00e9dicace Epeda Soldes Remise de 100 \u20ac<\/figcaption><\/figure>\n","protected":false},"excerpt":{"rendered":"","protected":false},"author":2,"featured_media":94,"comment_status":"closed","ping_status":"closed","sticky":false,"template":"","format":"image","meta":{"footnotes":""},"categories":[10],"tags":[88,105,9,109,86,91,93,102,92,90,89,108,84,106,85,107,83],"class_list":["post-95","post","type-post","status-publish","format-image","has-post-thumbnail","hentry","category-soldes-hiver-2018","tag-ensemble-dedicace-epeda","tag-epeda","tag-epeda-dedicace","tag-france-literie","tag-lit","tag-lit-2-personnes","tag-lit-adulte","tag-lit-design","tag-lit-double","tag-lit-king-size","tag-literie","tag-literie-paris","tag-matelas","tag-matelas-epeda","tag-sommier","tag-sommier-et-matelas","tag-tete-de-lit","post_format-post-format-image"],"yoast_head":"<!-- This site is optimized with the Yoast SEO plugin v27.4 - https:\/\/yoast.com\/product\/yoast-seo-wordpress\/ -->\n<title>Epeda Dedicace : La nuit pr\u00e9cieuse .Confort tr\u00e8s ferme et mati\u00e8res nobles Soldes derni\u00e8re semaine 100 \u20ac de remise - Le Blog Avenue Literie<\/title>\n<meta name=\"robots\" content=\"index, follow, max-snippet:-1, max-image-preview:large, max-video-preview:-1\" \/>\n<link rel=\"canonical\" href=\"https:\/\/www.avenue-literie.com\/blog\/2018\/02\/05\/epeda-dedicace-la-nuit-precieuse-confort-tres-ferme-et-matieres-nobles-soldes-derniere-semainesoldes-hiver-2018-100-e-de-remise\/\" \/>\n<meta property=\"og:locale\" content=\"fr_FR\" \/>\n<meta property=\"og:type\" content=\"article\" \/>\n<meta property=\"og:title\" content=\"Epeda Dedicace : La nuit pr\u00e9cieuse .Confort tr\u00e8s ferme et mati\u00e8res nobles Soldes derni\u00e8re semaine 100 \u20ac de remise - Le Blog Avenue Literie\" \/>\n<meta property=\"og:url\" content=\"https:\/\/www.avenue-literie.com\/blog\/2018\/02\/05\/epeda-dedicace-la-nuit-precieuse-confort-tres-ferme-et-matieres-nobles-soldes-derniere-semainesoldes-hiver-2018-100-e-de-remise\/\" \/>\n<meta property=\"og:site_name\" content=\"Le Blog Avenue Literie\" \/>\n<meta property=\"article:publisher\" content=\"https:\/\/www.facebook.com\/AvenueLiterieTroyes\/\" \/>\n<meta property=\"article:published_time\" content=\"2018-02-05T20:55:03+00:00\" \/>\n<meta property=\"article:modified_time\" content=\"2019-10-01T07:39:21+00:00\" \/>\n<meta property=\"og:image\" content=\"https:\/\/www.avenue-literie.com\/blog\/wp-content\/uploads\/2018\/02\/slide_google.jpg\" \/>\n\t<meta property=\"og:image:width\" content=\"400\" \/>\n\t<meta property=\"og:image:height\" content=\"349\" \/>\n\t<meta property=\"og:image:type\" content=\"image\/jpeg\" \/>\n<meta name=\"author\" content=\"J\u00e9r\u00f4me\" \/>\n<meta name=\"twitter:card\" content=\"summary_large_image\" \/>\n<meta name=\"twitter:creator\" content=\"@avenue_literie\" \/>\n<meta name=\"twitter:site\" content=\"@avenue_literie\" \/>\n<meta name=\"twitter:label1\" content=\"\u00c9crit par\" \/>\n\t<meta name=\"twitter:data1\" content=\"J\u00e9r\u00f4me\" \/>\n<script type=\"application\/ld+json\" class=\"yoast-schema-graph\">{\"@context\":\"https:\\\/\\\/schema.org\",\"@graph\":[{\"@type\":\"Article\",\"@id\":\"https:\\\/\\\/www.avenue-literie.com\\\/blog\\\/2018\\\/02\\\/05\\\/epeda-dedicace-la-nuit-precieuse-confort-tres-ferme-et-matieres-nobles-soldes-derniere-semainesoldes-hiver-2018-100-e-de-remise\\\/#article\",\"isPartOf\":{\"@id\":\"https:\\\/\\\/www.avenue-literie.com\\\/blog\\\/2018\\\/02\\\/05\\\/epeda-dedicace-la-nuit-precieuse-confort-tres-ferme-et-matieres-nobles-soldes-derniere-semainesoldes-hiver-2018-100-e-de-remise\\\/\"},\"author\":{\"name\":\"J\u00e9r\u00f4me\",\"@id\":\"https:\\\/\\\/www.avenue-literie.com\\\/blog\\\/#\\\/schema\\\/person\\\/add6301bb28276c53d992ec5ef2f17ae\"},\"headline\":\"Epeda Dedicace : La nuit pr\u00e9cieuse .Confort tr\u00e8s ferme et mati\u00e8res nobles Soldes derni\u00e8re semaine 100 \u20ac de remise\",\"datePublished\":\"2018-02-05T20:55:03+00:00\",\"dateModified\":\"2019-10-01T07:39:21+00:00\",\"mainEntityOfPage\":{\"@id\":\"https:\\\/\\\/www.avenue-literie.com\\\/blog\\\/2018\\\/02\\\/05\\\/epeda-dedicace-la-nuit-precieuse-confort-tres-ferme-et-matieres-nobles-soldes-derniere-semainesoldes-hiver-2018-100-e-de-remise\\\/\"},\"wordCount\":33,\"publisher\":{\"@id\":\"https:\\\/\\\/www.avenue-literie.com\\\/blog\\\/#organization\"},\"image\":{\"@id\":\"https:\\\/\\\/www.avenue-literie.com\\\/blog\\\/2018\\\/02\\\/05\\\/epeda-dedicace-la-nuit-precieuse-confort-tres-ferme-et-matieres-nobles-soldes-derniere-semainesoldes-hiver-2018-100-e-de-remise\\\/#primaryimage\"},\"thumbnailUrl\":\"https:\\\/\\\/www.avenue-literie.com\\\/blog\\\/wp-content\\\/uploads\\\/2018\\\/02\\\/slide_google.jpg\",\"keywords\":[\"Ensemble D\u00e9dicace Epeda\",\"Epeda\",\"Epeda D\u00e9dicace\",\"France Literie\",\"Lit\",\"Lit 2 personnes\",\"Lit Adulte\",\"Lit Design\",\"Lit double\",\"Lit King Size\",\"Literie\",\"Literie Paris\",\"Matelas\",\"Matelas Epeda\",\"Sommier\",\"Sommier et matelas\",\"T\u00eate de lit\"],\"articleSection\":[\"Soldes Hiver 2018\"],\"inLanguage\":\"fr-FR\"},{\"@type\":\"WebPage\",\"@id\":\"https:\\\/\\\/www.avenue-literie.com\\\/blog\\\/2018\\\/02\\\/05\\\/epeda-dedicace-la-nuit-precieuse-confort-tres-ferme-et-matieres-nobles-soldes-derniere-semainesoldes-hiver-2018-100-e-de-remise\\\/\",\"url\":\"https:\\\/\\\/www.avenue-literie.com\\\/blog\\\/2018\\\/02\\\/05\\\/epeda-dedicace-la-nuit-precieuse-confort-tres-ferme-et-matieres-nobles-soldes-derniere-semainesoldes-hiver-2018-100-e-de-remise\\\/\",\"name\":\"Epeda Dedicace : La nuit pr\u00e9cieuse .Confort tr\u00e8s ferme et mati\u00e8res nobles Soldes derni\u00e8re semaine 100 \u20ac de remise - Le Blog Avenue Literie\",\"isPartOf\":{\"@id\":\"https:\\\/\\\/www.avenue-literie.com\\\/blog\\\/#website\"},\"primaryImageOfPage\":{\"@id\":\"https:\\\/\\\/www.avenue-literie.com\\\/blog\\\/2018\\\/02\\\/05\\\/epeda-dedicace-la-nuit-precieuse-confort-tres-ferme-et-matieres-nobles-soldes-derniere-semainesoldes-hiver-2018-100-e-de-remise\\\/#primaryimage\"},\"image\":{\"@id\":\"https:\\\/\\\/www.avenue-literie.com\\\/blog\\\/2018\\\/02\\\/05\\\/epeda-dedicace-la-nuit-precieuse-confort-tres-ferme-et-matieres-nobles-soldes-derniere-semainesoldes-hiver-2018-100-e-de-remise\\\/#primaryimage\"},\"thumbnailUrl\":\"https:\\\/\\\/www.avenue-literie.com\\\/blog\\\/wp-content\\\/uploads\\\/2018\\\/02\\\/slide_google.jpg\",\"datePublished\":\"2018-02-05T20:55:03+00:00\",\"dateModified\":\"2019-10-01T07:39:21+00:00\",\"breadcrumb\":{\"@id\":\"https:\\\/\\\/www.avenue-literie.com\\\/blog\\\/2018\\\/02\\\/05\\\/epeda-dedicace-la-nuit-precieuse-confort-tres-ferme-et-matieres-nobles-soldes-derniere-semainesoldes-hiver-2018-100-e-de-remise\\\/#breadcrumb\"},\"inLanguage\":\"fr-FR\",\"potentialAction\":[{\"@type\":\"ReadAction\",\"target\":[\"https:\\\/\\\/www.avenue-literie.com\\\/blog\\\/2018\\\/02\\\/05\\\/epeda-dedicace-la-nuit-precieuse-confort-tres-ferme-et-matieres-nobles-soldes-derniere-semainesoldes-hiver-2018-100-e-de-remise\\\/\"]}]},{\"@type\":\"ImageObject\",\"inLanguage\":\"fr-FR\",\"@id\":\"https:\\\/\\\/www.avenue-literie.com\\\/blog\\\/2018\\\/02\\\/05\\\/epeda-dedicace-la-nuit-precieuse-confort-tres-ferme-et-matieres-nobles-soldes-derniere-semainesoldes-hiver-2018-100-e-de-remise\\\/#primaryimage\",\"url\":\"https:\\\/\\\/www.avenue-literie.com\\\/blog\\\/wp-content\\\/uploads\\\/2018\\\/02\\\/slide_google.jpg\",\"contentUrl\":\"https:\\\/\\\/www.avenue-literie.com\\\/blog\\\/wp-content\\\/uploads\\\/2018\\\/02\\\/slide_google.jpg\",\"width\":400,\"height\":349,\"caption\":\"D\u00e9dicace Epeda Soldes Remsie de 100 \u20ac\"},{\"@type\":\"BreadcrumbList\",\"@id\":\"https:\\\/\\\/www.avenue-literie.com\\\/blog\\\/2018\\\/02\\\/05\\\/epeda-dedicace-la-nuit-precieuse-confort-tres-ferme-et-matieres-nobles-soldes-derniere-semainesoldes-hiver-2018-100-e-de-remise\\\/#breadcrumb\",\"itemListElement\":[{\"@type\":\"ListItem\",\"position\":1,\"name\":\"Home\",\"item\":\"https:\\\/\\\/www.avenue-literie.com\\\/blog\\\/\"},{\"@type\":\"ListItem\",\"position\":2,\"name\":\"Soldes Hiver 2018\",\"item\":\"https:\\\/\\\/www.avenue-literie.com\\\/blog\\\/category\\\/soldes-hiver-2018\\\/\"},{\"@type\":\"ListItem\",\"position\":3,\"name\":\"Epeda Dedicace : La nuit pr\u00e9cieuse .Confort tr\u00e8s ferme et mati\u00e8res nobles Soldes derni\u00e8re semaine 100 \u20ac de remise\"}]},{\"@type\":\"WebSite\",\"@id\":\"https:\\\/\\\/www.avenue-literie.com\\\/blog\\\/#website\",\"url\":\"https:\\\/\\\/www.avenue-literie.com\\\/blog\\\/\",\"name\":\"Le Blog Avenue Literie\",\"description\":\"Le blog du conseil en literie\",\"publisher\":{\"@id\":\"https:\\\/\\\/www.avenue-literie.com\\\/blog\\\/#organization\"},\"potentialAction\":[{\"@type\":\"SearchAction\",\"target\":{\"@type\":\"EntryPoint\",\"urlTemplate\":\"https:\\\/\\\/www.avenue-literie.com\\\/blog\\\/?s={search_term_string}\"},\"query-input\":{\"@type\":\"PropertyValueSpecification\",\"valueRequired\":true,\"valueName\":\"search_term_string\"}}],\"inLanguage\":\"fr-FR\"},{\"@type\":\"Organization\",\"@id\":\"https:\\\/\\\/www.avenue-literie.com\\\/blog\\\/#organization\",\"name\":\"Le blog Avenue Literie\",\"alternateName\":\"Le blog Avenue Literie\",\"url\":\"https:\\\/\\\/www.avenue-literie.com\\\/blog\\\/\",\"logo\":{\"@type\":\"ImageObject\",\"inLanguage\":\"fr-FR\",\"@id\":\"https:\\\/\\\/www.avenue-literie.com\\\/blog\\\/#\\\/schema\\\/logo\\\/image\\\/\",\"url\":\"https:\\\/\\\/www.avenue-literie.com\\\/blog\\\/wp-content\\\/uploads\\\/2022\\\/04\\\/cropped-Gros-logo-avenue-literie-sans-arriere-fond-blanc.png\",\"contentUrl\":\"https:\\\/\\\/www.avenue-literie.com\\\/blog\\\/wp-content\\\/uploads\\\/2022\\\/04\\\/cropped-Gros-logo-avenue-literie-sans-arriere-fond-blanc.png\",\"width\":1479,\"height\":250,\"caption\":\"Le blog Avenue Literie\"},\"image\":{\"@id\":\"https:\\\/\\\/www.avenue-literie.com\\\/blog\\\/#\\\/schema\\\/logo\\\/image\\\/\"},\"sameAs\":[\"https:\\\/\\\/www.facebook.com\\\/AvenueLiterieTroyes\\\/\",\"https:\\\/\\\/x.com\\\/avenue_literie\",\"https:\\\/\\\/www.instagram.com\\\/avenueliterie\\\/\",\"https:\\\/\\\/www.pinterest.fr\\\/avenueliterie\\\/\"]},{\"@type\":\"Person\",\"@id\":\"https:\\\/\\\/www.avenue-literie.com\\\/blog\\\/#\\\/schema\\\/person\\\/add6301bb28276c53d992ec5ef2f17ae\",\"name\":\"J\u00e9r\u00f4me\",\"image\":{\"@type\":\"ImageObject\",\"inLanguage\":\"fr-FR\",\"@id\":\"https:\\\/\\\/secure.gravatar.com\\\/avatar\\\/2e39bb7b624068c575f434373fc1440c1bd421d6e1bdd21a14a529cbff8f1fed?s=96&d=mm&r=g\",\"url\":\"https:\\\/\\\/secure.gravatar.com\\\/avatar\\\/2e39bb7b624068c575f434373fc1440c1bd421d6e1bdd21a14a529cbff8f1fed?s=96&d=mm&r=g\",\"contentUrl\":\"https:\\\/\\\/secure.gravatar.com\\\/avatar\\\/2e39bb7b624068c575f434373fc1440c1bd421d6e1bdd21a14a529cbff8f1fed?s=96&d=mm&r=g\",\"caption\":\"J\u00e9r\u00f4me\"},\"url\":\"https:\\\/\\\/www.avenue-literie.com\\\/blog\\\/author\\\/jerome\\\/\"}]}<\/script>\n<!-- \/ Yoast SEO plugin. -->","yoast_head_json":{"title":"Epeda Dedicace : La nuit pr\u00e9cieuse .Confort tr\u00e8s ferme et mati\u00e8res nobles Soldes derni\u00e8re semaine 100 \u20ac de remise - Le Blog Avenue Literie","robots":{"index":"index","follow":"follow","max-snippet":"max-snippet:-1","max-image-preview":"max-image-preview:large","max-video-preview":"max-video-preview:-1"},"canonical":"https:\/\/www.avenue-literie.com\/blog\/2018\/02\/05\/epeda-dedicace-la-nuit-precieuse-confort-tres-ferme-et-matieres-nobles-soldes-derniere-semainesoldes-hiver-2018-100-e-de-remise\/","og_locale":"fr_FR","og_type":"article","og_title":"Epeda Dedicace : La nuit pr\u00e9cieuse .Confort tr\u00e8s ferme et mati\u00e8res nobles Soldes derni\u00e8re semaine 100 \u20ac de remise - Le Blog Avenue Literie","og_url":"https:\/\/www.avenue-literie.com\/blog\/2018\/02\/05\/epeda-dedicace-la-nuit-precieuse-confort-tres-ferme-et-matieres-nobles-soldes-derniere-semainesoldes-hiver-2018-100-e-de-remise\/","og_site_name":"Le Blog Avenue Literie","article_publisher":"https:\/\/www.facebook.com\/AvenueLiterieTroyes\/","article_published_time":"2018-02-05T20:55:03+00:00","article_modified_time":"2019-10-01T07:39:21+00:00","og_image":[{"width":400,"height":349,"url":"https:\/\/www.avenue-literie.com\/blog\/wp-content\/uploads\/2018\/02\/slide_google.jpg","type":"image\/jpeg"}],"author":"J\u00e9r\u00f4me","twitter_card":"summary_large_image","twitter_creator":"@avenue_literie","twitter_site":"@avenue_literie","twitter_misc":{"\u00c9crit par":"J\u00e9r\u00f4me"},"schema":{"@context":"https:\/\/schema.org","@graph":[{"@type":"Article","@id":"https:\/\/www.avenue-literie.com\/blog\/2018\/02\/05\/epeda-dedicace-la-nuit-precieuse-confort-tres-ferme-et-matieres-nobles-soldes-derniere-semainesoldes-hiver-2018-100-e-de-remise\/#article","isPartOf":{"@id":"https:\/\/www.avenue-literie.com\/blog\/2018\/02\/05\/epeda-dedicace-la-nuit-precieuse-confort-tres-ferme-et-matieres-nobles-soldes-derniere-semainesoldes-hiver-2018-100-e-de-remise\/"},"author":{"name":"J\u00e9r\u00f4me","@id":"https:\/\/www.avenue-literie.com\/blog\/#\/schema\/person\/add6301bb28276c53d992ec5ef2f17ae"},"headline":"Epeda Dedicace : La nuit pr\u00e9cieuse .Confort tr\u00e8s ferme et mati\u00e8res nobles Soldes derni\u00e8re semaine 100 \u20ac de remise","datePublished":"2018-02-05T20:55:03+00:00","dateModified":"2019-10-01T07:39:21+00:00","mainEntityOfPage":{"@id":"https:\/\/www.avenue-literie.com\/blog\/2018\/02\/05\/epeda-dedicace-la-nuit-precieuse-confort-tres-ferme-et-matieres-nobles-soldes-derniere-semainesoldes-hiver-2018-100-e-de-remise\/"},"wordCount":33,"publisher":{"@id":"https:\/\/www.avenue-literie.com\/blog\/#organization"},"image":{"@id":"https:\/\/www.avenue-literie.com\/blog\/2018\/02\/05\/epeda-dedicace-la-nuit-precieuse-confort-tres-ferme-et-matieres-nobles-soldes-derniere-semainesoldes-hiver-2018-100-e-de-remise\/#primaryimage"},"thumbnailUrl":"https:\/\/www.avenue-literie.com\/blog\/wp-content\/uploads\/2018\/02\/slide_google.jpg","keywords":["Ensemble D\u00e9dicace Epeda","Epeda","Epeda D\u00e9dicace","France Literie","Lit","Lit 2 personnes","Lit Adulte","Lit Design","Lit double","Lit King Size","Literie","Literie Paris","Matelas","Matelas Epeda","Sommier","Sommier et matelas","T\u00eate de lit"],"articleSection":["Soldes Hiver 2018"],"inLanguage":"fr-FR"},{"@type":"WebPage","@id":"https:\/\/www.avenue-literie.com\/blog\/2018\/02\/05\/epeda-dedicace-la-nuit-precieuse-confort-tres-ferme-et-matieres-nobles-soldes-derniere-semainesoldes-hiver-2018-100-e-de-remise\/","url":"https:\/\/www.avenue-literie.com\/blog\/2018\/02\/05\/epeda-dedicace-la-nuit-precieuse-confort-tres-ferme-et-matieres-nobles-soldes-derniere-semainesoldes-hiver-2018-100-e-de-remise\/","name":"Epeda Dedicace : La nuit pr\u00e9cieuse .Confort tr\u00e8s ferme et mati\u00e8res nobles Soldes derni\u00e8re semaine 100 \u20ac de remise - Le Blog Avenue Literie","isPartOf":{"@id":"https:\/\/www.avenue-literie.com\/blog\/#website"},"primaryImageOfPage":{"@id":"https:\/\/www.avenue-literie.com\/blog\/2018\/02\/05\/epeda-dedicace-la-nuit-precieuse-confort-tres-ferme-et-matieres-nobles-soldes-derniere-semainesoldes-hiver-2018-100-e-de-remise\/#primaryimage"},"image":{"@id":"https:\/\/www.avenue-literie.com\/blog\/2018\/02\/05\/epeda-dedicace-la-nuit-precieuse-confort-tres-ferme-et-matieres-nobles-soldes-derniere-semainesoldes-hiver-2018-100-e-de-remise\/#primaryimage"},"thumbnailUrl":"https:\/\/www.avenue-literie.com\/blog\/wp-content\/uploads\/2018\/02\/slide_google.jpg","datePublished":"2018-02-05T20:55:03+00:00","dateModified":"2019-10-01T07:39:21+00:00","breadcrumb":{"@id":"https:\/\/www.avenue-literie.com\/blog\/2018\/02\/05\/epeda-dedicace-la-nuit-precieuse-confort-tres-ferme-et-matieres-nobles-soldes-derniere-semainesoldes-hiver-2018-100-e-de-remise\/#breadcrumb"},"inLanguage":"fr-FR","potentialAction":[{"@type":"ReadAction","target":["https:\/\/www.avenue-literie.com\/blog\/2018\/02\/05\/epeda-dedicace-la-nuit-precieuse-confort-tres-ferme-et-matieres-nobles-soldes-derniere-semainesoldes-hiver-2018-100-e-de-remise\/"]}]},{"@type":"ImageObject","inLanguage":"fr-FR","@id":"https:\/\/www.avenue-literie.com\/blog\/2018\/02\/05\/epeda-dedicace-la-nuit-precieuse-confort-tres-ferme-et-matieres-nobles-soldes-derniere-semainesoldes-hiver-2018-100-e-de-remise\/#primaryimage","url":"https:\/\/www.avenue-literie.com\/blog\/wp-content\/uploads\/2018\/02\/slide_google.jpg","contentUrl":"https:\/\/www.avenue-literie.com\/blog\/wp-content\/uploads\/2018\/02\/slide_google.jpg","width":400,"height":349,"caption":"D\u00e9dicace Epeda Soldes Remsie de 100 \u20ac"},{"@type":"BreadcrumbList","@id":"https:\/\/www.avenue-literie.com\/blog\/2018\/02\/05\/epeda-dedicace-la-nuit-precieuse-confort-tres-ferme-et-matieres-nobles-soldes-derniere-semainesoldes-hiver-2018-100-e-de-remise\/#breadcrumb","itemListElement":[{"@type":"ListItem","position":1,"name":"Home","item":"https:\/\/www.avenue-literie.com\/blog\/"},{"@type":"ListItem","position":2,"name":"Soldes Hiver 2018","item":"https:\/\/www.avenue-literie.com\/blog\/category\/soldes-hiver-2018\/"},{"@type":"ListItem","position":3,"name":"Epeda Dedicace : La nuit pr\u00e9cieuse .Confort tr\u00e8s ferme et mati\u00e8res nobles Soldes derni\u00e8re semaine 100 \u20ac de remise"}]},{"@type":"WebSite","@id":"https:\/\/www.avenue-literie.com\/blog\/#website","url":"https:\/\/www.avenue-literie.com\/blog\/","name":"Le Blog Avenue Literie","description":"Le blog du conseil en literie","publisher":{"@id":"https:\/\/www.avenue-literie.com\/blog\/#organization"},"potentialAction":[{"@type":"SearchAction","target":{"@type":"EntryPoint","urlTemplate":"https:\/\/www.avenue-literie.com\/blog\/?s={search_term_string}"},"query-input":{"@type":"PropertyValueSpecification","valueRequired":true,"valueName":"search_term_string"}}],"inLanguage":"fr-FR"},{"@type":"Organization","@id":"https:\/\/www.avenue-literie.com\/blog\/#organization","name":"Le blog Avenue Literie","alternateName":"Le blog Avenue Literie","url":"https:\/\/www.avenue-literie.com\/blog\/","logo":{"@type":"ImageObject","inLanguage":"fr-FR","@id":"https:\/\/www.avenue-literie.com\/blog\/#\/schema\/logo\/image\/","url":"https:\/\/www.avenue-literie.com\/blog\/wp-content\/uploads\/2022\/04\/cropped-Gros-logo-avenue-literie-sans-arriere-fond-blanc.png","contentUrl":"https:\/\/www.avenue-literie.com\/blog\/wp-content\/uploads\/2022\/04\/cropped-Gros-logo-avenue-literie-sans-arriere-fond-blanc.png","width":1479,"height":250,"caption":"Le blog Avenue Literie"},"image":{"@id":"https:\/\/www.avenue-literie.com\/blog\/#\/schema\/logo\/image\/"},"sameAs":["https:\/\/www.facebook.com\/AvenueLiterieTroyes\/","https:\/\/x.com\/avenue_literie","https:\/\/www.instagram.com\/avenueliterie\/","https:\/\/www.pinterest.fr\/avenueliterie\/"]},{"@type":"Person","@id":"https:\/\/www.avenue-literie.com\/blog\/#\/schema\/person\/add6301bb28276c53d992ec5ef2f17ae","name":"J\u00e9r\u00f4me","image":{"@type":"ImageObject","inLanguage":"fr-FR","@id":"https:\/\/secure.gravatar.com\/avatar\/2e39bb7b624068c575f434373fc1440c1bd421d6e1bdd21a14a529cbff8f1fed?s=96&d=mm&r=g","url":"https:\/\/secure.gravatar.com\/avatar\/2e39bb7b624068c575f434373fc1440c1bd421d6e1bdd21a14a529cbff8f1fed?s=96&d=mm&r=g","contentUrl":"https:\/\/secure.gravatar.com\/avatar\/2e39bb7b624068c575f434373fc1440c1bd421d6e1bdd21a14a529cbff8f1fed?s=96&d=mm&r=g","caption":"J\u00e9r\u00f4me"},"url":"https:\/\/www.avenue-literie.com\/blog\/author\/jerome\/"}]}},"_links":{"self":[{"href":"https:\/\/www.avenue-literie.com\/blog\/wp-json\/wp\/v2\/posts\/95","targetHints":{"allow":["GET"]}}],"collection":[{"href":"https:\/\/www.avenue-literie.com\/blog\/wp-json\/wp\/v2\/posts"}],"about":[{"href":"https:\/\/www.avenue-literie.com\/blog\/wp-json\/wp\/v2\/types\/post"}],"author":[{"embeddable":true,"href":"https:\/\/www.avenue-literie.com\/blog\/wp-json\/wp\/v2\/users\/2"}],"replies":[{"embeddable":true,"href":"https:\/\/www.avenue-literie.com\/blog\/wp-json\/wp\/v2\/comments?post=95"}],"version-history":[{"count":3,"href":"https:\/\/www.avenue-literie.com\/blog\/wp-json\/wp\/v2\/posts\/95\/revisions"}],"predecessor-version":[{"id":99,"href":"https:\/\/www.avenue-literie.com\/blog\/wp-json\/wp\/v2\/posts\/95\/revisions\/99"}],"wp:featuredmedia":[{"embeddable":true,"href":"https:\/\/www.avenue-literie.com\/blog\/wp-json\/wp\/v2\/media\/94"}],"wp:attachment":[{"href":"https:\/\/www.avenue-literie.com\/blog\/wp-json\/wp\/v2\/media?parent=95"}],"wp:term":[{"taxonomy":"category","embeddable":true,"href":"https:\/\/www.avenue-literie.com\/blog\/wp-json\/wp\/v2\/categories?post=95"},{"taxonomy":"post_tag","embeddable":true,"href":"https:\/\/www.avenue-literie.com\/blog\/wp-json\/wp\/v2\/tags?post=95"}],"curies":[{"name":"wp","href":"https:\/\/api.w.org\/{rel}","templated":true}]}}